{"id":10713,"date":"2025-04-29T17:41:45","date_gmt":"2025-04-29T20:41:45","guid":{"rendered":"https:\/\/sgpsolucoes.com.br\/site\/?p=10713"},"modified":"2025-04-29T17:41:46","modified_gmt":"2025-04-29T20:41:46","slug":"stf-rejeita-pedido-para-derrubada-de-muro-na-cracolandia-em-sp","status":"publish","type":"post","link":"https:\/\/sgpsolucoes.com.br\/site\/stf-rejeita-pedido-para-derrubada-de-muro-na-cracolandia-em-sp\/","title":{"rendered":"STF rejeita pedido para derrubada de muro na \u201cCracol\u00e2ndia\u201d em SP"},"content":{"rendered":"<p><em><strong>Decis\u00e3o do ministro Alexandre de Moraes considera que a medida busca proteger a popula\u00e7\u00e3o vulner\u00e1vel e as pessoas que transitam na regi\u00e3o<\/strong><\/em><\/p><p>O ministro Alexandre de Moraes, do Supremo Tribunal Federal (STF), rejeitou o pedido do Partido Socialismo e Liberdade (PSOL) para que a Prefeitura de S\u00e3o Paulo derrube um muro erguido na regi\u00e3o conhecida como \u201cCracol\u00e2ndia\u201d, no centro da cidade. A decis\u00e3o foi tomada na Argui\u00e7\u00e3o de Descumprimento de Preceito Fundamental<strong><a href=\"https:\/\/portal.stf.jus.br\/processos\/detalhe.asp?incidente=6410647\" target=\"_blank\" rel=\"noreferrer noopener\">&nbsp;(ADPF) 976<\/a><\/strong>, que trata da popula\u00e7\u00e3o em situa\u00e7\u00e3o de rua do pa\u00eds, da qual o ministro \u00e9 relator.<\/p><p>No pedido, o PSOL relata que a prefeitura construiu um muro de alvenaria de cerca de 40m de extens\u00e3o e 2,5m de altura na Rua General Couto Magalh\u00e3es. O partido sustentava que a obra \u00e9 discriminat\u00f3ria, viola o direito de ir e vir das pessoas na Cracol\u00e2ndia e desrespeita decis\u00e3o do STF de agosto de 2023 que determinou a ado\u00e7\u00e3o de uma s\u00e9rie de medidas e pol\u00edticas p\u00fablicas para atender e acolher a popula\u00e7\u00e3o de rua.<\/p><p>Em informa\u00e7\u00f5es e relat\u00f3rios apresentados no processo, a Prefeitura sustenta que a medida tem car\u00e1ter meramente \u201cpreventivo e protetivo\u201d e visa evitar acidentes num local com grande fluxo de pessoas. Segundo o Executivo municipal, o muro foi constru\u00eddo em substitui\u00e7\u00e3o a tapumes met\u00e1licos que eram continuamente danificados pela pr\u00f3pria popula\u00e7\u00e3o em situa\u00e7\u00e3o de rua que vive na regi\u00e3o.<\/p><p>Para o ministro Alexandre, a constru\u00e7\u00e3o do muro em linha reta, sem cercar determinado espa\u00e7o e acompanhando uma via p\u00fablica, n\u00e3o representa medida de segrega\u00e7\u00e3o. A seu ver, o poder p\u00fablico municipal, dentro de sua compet\u00eancia, atuou para garantir maior seguran\u00e7a \u00e0s pessoas no local, e a constru\u00e7\u00e3o \u00e9 uma \u201ct\u00edpica medida de seguran\u00e7a p\u00fablica\u201d, justificada pelo grande fluxo de pessoas no local, com alto risco de atropelamentos.<\/p><p>Leia a&nbsp;<strong><a href=\"https:\/\/portal.stf.jus.br\/processos\/downloadPeca.asp?id=15376182540&amp;ext=.pdf\" target=\"_blank\" rel=\"noreferrer noopener\">\u00edntegra da decis\u00e3o<\/a><\/strong>.<\/p><p><strong>Fonte: STF<\/strong><\/p>\n    <div class=\"xs_social_share_widget xs_share_url after_content \t\tmain_content  wslu-style-1 wslu-share-box-shaped wslu-fill-colored wslu-none wslu-share-horizontal wslu-theme-font-no wslu-main_content\">\n\n\t\t\n        <ul>\n\t\t\t        <\/ul>\n    <\/div> \n","protected":false},"excerpt":{"rendered":"<p>O ministro Alexandre de Moraes, do Supremo Tribunal Federal (STF), rejeitou o pedido do Partido Socialismo e Liberdade (PSOL) para que a Prefeitura de S\u00e3o Paulo derrube um muro erguido na regi\u00e3o conhecida como \u201cCracol\u00e2ndia\u201d, no centro da cidade. A decis\u00e3o foi tomada na Argui\u00e7\u00e3o de Descumprimento de Preceito Fundamental\u00a0(ADPF) 976, que trata da popula\u00e7\u00e3o em situa\u00e7\u00e3o de rua do pa\u00eds, da qual o ministro \u00e9 relator.<\/p>\n","protected":false},"author":5,"featured_media":0,"comment_status":"open","ping_status":"open","sticky":false,"template":"","format":"standard","meta":{"postBodyCss":"","postBodyMargin":[],"postBodyPadding":[],"postBodyBackground":{"backgroundType":"classic","gradient":""},"_price":"","_stock":"","_tribe_ticket_header":"","_tribe_default_ticket_provider":"","_tribe_ticket_capacity":"0","_ticket_start_date":"","_ticket_end_date":"","_tribe_ticket_show_description":"","_tribe_ticket_show_not_going":false,"_tribe_ticket_use_global_stock":"","_tribe_ticket_global_stock_level":"","_global_stock_mode":"","_global_stock_cap":"","_tribe_rsvp_for_event":"","_tribe_ticket_going_count":"","_tribe_ticket_not_going_count":"","_tribe_tickets_list":"[]","_tribe_ticket_has_attendee_info_fields":false,"footnotes":""},"categories":[46],"tags":[9556,5618,9553,2972,9554,9555,7388,347,348],"class_list":["post-10713","post","type-post","status-publish","format-standard","hentry","category-noticias","tag-adpf-976","tag-arguicao-de-descumprimento-de-preceito-fundamental","tag-cracolandia","tag-derrubada","tag-muro","tag-populacao-em-situacao-de-rua","tag-populacao-vulneravel","tag-stf","tag-supremo-tribunal-federal"],"acf":[],"_links":{"self":[{"href":"https:\/\/sgpsolucoes.com.br\/site\/wp-json\/wp\/v2\/posts\/10713"}],"collection":[{"href":"https:\/\/sgpsolucoes.com.br\/site\/wp-json\/wp\/v2\/posts"}],"about":[{"href":"https:\/\/sgpsolucoes.com.br\/site\/wp-json\/wp\/v2\/types\/post"}],"author":[{"embeddable":true,"href":"https:\/\/sgpsolucoes.com.br\/site\/wp-json\/wp\/v2\/users\/5"}],"replies":[{"embeddable":true,"href":"https:\/\/sgpsolucoes.com.br\/site\/wp-json\/wp\/v2\/comments?post=10713"}],"version-history":[{"count":0,"href":"https:\/\/sgpsolucoes.com.br\/site\/wp-json\/wp\/v2\/posts\/10713\/revisions"}],"wp:attachment":[{"href":"https:\/\/sgpsolucoes.com.br\/site\/wp-json\/wp\/v2\/media?parent=10713"}],"wp:term":[{"taxonomy":"category","embeddable":true,"href":"https:\/\/sgpsolucoes.com.br\/site\/wp-json\/wp\/v2\/categories?post=10713"},{"taxonomy":"post_tag","embeddable":true,"href":"https:\/\/sgpsolucoes.com.br\/site\/wp-json\/wp\/v2\/tags?post=10713"}],"curies":[{"name":"wp","href":"https:\/\/api.w.org\/{rel}","templated":true}]}}