{"id":10743,"date":"2025-05-05T17:55:46","date_gmt":"2025-05-05T20:55:46","guid":{"rendered":"https:\/\/sgpsolucoes.com.br\/site\/?p=10743"},"modified":"2025-05-05T17:55:47","modified_gmt":"2025-05-05T20:55:47","slug":"stf-restabelece-funcoes-de-confianca-na-educacao-em-lorena-sp","status":"publish","type":"post","link":"https:\/\/sgpsolucoes.com.br\/site\/stf-restabelece-funcoes-de-confianca-na-educacao-em-lorena-sp\/","title":{"rendered":"STF restabelece fun\u00e7\u00f5es de confian\u00e7a na educa\u00e7\u00e3o em Lorena (SP)\u00a0\u00a0"},"content":{"rendered":"<p><em><strong>Ministro Lu\u00eds Roberto Barroso destacou risco de descontinuidade do servi\u00e7o p\u00fablico em Lorena em caso de cumprimento de determina\u00e7\u00e3o do TJSP<\/strong><\/em><\/p><p>O presidente do Supremo Tribunal Federal (STF), ministro Lu\u00eds Roberto Barroso, suspendeu os efeitos de uma decis\u00e3o da Justi\u00e7a de S\u00e3o Paulo que havia invalidado trechos de uma lei de Lorena (SP) que criava fun\u00e7\u00f5es de confian\u00e7a na educa\u00e7\u00e3o municipal. Para o ministro, o tempo para a prefeitura reestruturar os cargos do setor n\u00e3o \u00e9 suficiente, diante do pequeno prazo concedido pela Justi\u00e7a estadual.\u00a0\u00a0<\/p><p>A decis\u00e3o cautelar (provis\u00f3ria) foi dada na Suspens\u00e3o de Liminar&nbsp;<a href=\"https:\/\/portal.stf.jus.br\/processos\/detalhe.asp?incidente=7242076\"><strong>(SL) 1817<\/strong><\/a>&nbsp;e vale at\u00e9 an\u00e1lise definitiva do pedido. A a\u00e7\u00e3o foi movida pelo munic\u00edpio contra decis\u00e3o do Tribunal de Justi\u00e7a de S\u00e3o Paulo (TJ-SP). A Corte paulista declarou inconstitucional a cria\u00e7\u00e3o das fun\u00e7\u00f5es de confian\u00e7a no sistema de ensino municipal e deu prazo de 120 dias para a reorganiza\u00e7\u00e3o do quadro de funcion\u00e1rios.&nbsp;&nbsp;&nbsp;<\/p><p>A lei em quest\u00e3o instituiu fun\u00e7\u00f5es de confian\u00e7a no magist\u00e9rio da cidade, como \u201cDiretor de Gest\u00e3o Educacional\u201d e \u201cVice Gestor Escolar\u201d. Ao STF, o munic\u00edpio disse que o prazo n\u00e3o \u00e9 razo\u00e1vel para reorganizar a rede de ensino (o per\u00edodo se esgota no final de abril) e que a falta de um per\u00edodo maior trar\u00e1 preju\u00edzos para a \u00e1rea. Outro argumento foi o de que o ano letivo est\u00e1 em pleno andamento.&nbsp;&nbsp;<\/p><h5 class=\"wp-block-heading\"><strong>Risco de descontinuidade&nbsp;<\/strong><\/h5><p>Em sua decis\u00e3o, Barroso reconheceu que, para cumprir a decis\u00e3o do TJ-SP, ser\u00e1 necess\u00e1rio reestruturar as ocupa\u00e7\u00f5es previstas na lei. Essa tarefa pode exigir diversos atos, como a cria\u00e7\u00e3o de novos cargos p\u00fablicos por lei, o planejamento or\u00e7ament\u00e1rio para contratar novos servidores e a realiza\u00e7\u00e3o de concurso p\u00fablico. \u201cO prazo concedido \u2013 120 dias a contar de 1\/1\/2025 \u2013 se esgotar\u00e1 brevemente, de modo que h\u00e1 risco concreto de descontinuidade do servi\u00e7o p\u00fablico\u201d, afirmou.<\/p><p>Barroso tamb\u00e9m citou que o Plen\u00e1rio do Supremo tem reconhecido que o prazo de 120 dias n\u00e3o \u00e9 suficiente para implementar decis\u00f5es com conte\u00fado semelhante. Al\u00e9m disso, casos como o analisado na decis\u00e3o t\u00eam peculiaridades relacionadas ao servi\u00e7o da educa\u00e7\u00e3o, que requer a continuidade das aulas e demais atividades durante o ano letivo.&nbsp;<\/p><p>Leia a&nbsp;<a href=\"https:\/\/portal.stf.jus.br\/processos\/downloadPeca.asp?id=15376250584&amp;ext=.pdf\"><strong>\u00edntegra da decis\u00e3o<\/strong><\/a>.&nbsp;&nbsp;<\/p><p><strong>Fonte: STF<\/strong><\/p>\n    <div class=\"xs_social_share_widget xs_share_url after_content \t\tmain_content  wslu-style-1 wslu-share-box-shaped wslu-fill-colored wslu-none wslu-share-horizontal wslu-theme-font-no wslu-main_content\">\n\n\t\t\n        <ul>\n\t\t\t        <\/ul>\n    <\/div> \n","protected":false},"excerpt":{"rendered":"<p>O presidente do Supremo Tribunal Federal (STF), ministro Lu\u00eds Roberto Barroso, suspendeu os efeitos de uma decis\u00e3o da Justi\u00e7a de S\u00e3o Paulo que havia invalidado trechos de uma lei de Lorena (SP) que criava fun\u00e7\u00f5es de confian\u00e7a na educa\u00e7\u00e3o municipal. Para o ministro, o tempo para a prefeitura reestruturar os cargos do setor n\u00e3o \u00e9 suficiente, diante do pequeno prazo concedido pela Justi\u00e7a estadual.\u00a0\u00a0<\/p>\n","protected":false},"author":5,"featured_media":0,"comment_status":"open","ping_status":"open","sticky":false,"template":"","format":"standard","meta":{"postBodyCss":"","postBodyMargin":[],"postBodyPadding":[],"postBodyBackground":{"backgroundType":"classic","gradient":""},"_price":"","_stock":"","_tribe_ticket_header":"","_tribe_default_ticket_provider":"","_tribe_ticket_capacity":"0","_ticket_start_date":"","_ticket_end_date":"","_tribe_ticket_show_description":"","_tribe_ticket_show_not_going":false,"_tribe_ticket_use_global_stock":"","_tribe_ticket_global_stock_level":"","_global_stock_mode":"","_global_stock_cap":"","_tribe_rsvp_for_event":"","_tribe_ticket_going_count":"","_tribe_ticket_not_going_count":"","_tribe_tickets_list":"[]","_tribe_ticket_has_attendee_info_fields":false,"footnotes":""},"categories":[46],"tags":[3522,9602,1217,9603,6321,8856,9604,9601,347,348,2502],"class_list":["post-10743","post","type-post","status-publish","format-standard","hentry","category-noticias","tag-cargos","tag-descontinuidade-do-servico-publico","tag-educacao","tag-educacao-municipal","tag-funcoes-de-confianca","tag-justica-de-sao-paulo","tag-lei-de-lorena","tag-lorena","tag-stf","tag-supremo-tribunal-federal","tag-tjsp"],"acf":[],"_links":{"self":[{"href":"https:\/\/sgpsolucoes.com.br\/site\/wp-json\/wp\/v2\/posts\/10743"}],"collection":[{"href":"https:\/\/sgpsolucoes.com.br\/site\/wp-json\/wp\/v2\/posts"}],"about":[{"href":"https:\/\/sgpsolucoes.com.br\/site\/wp-json\/wp\/v2\/types\/post"}],"author":[{"embeddable":true,"href":"https:\/\/sgpsolucoes.com.br\/site\/wp-json\/wp\/v2\/users\/5"}],"replies":[{"embeddable":true,"href":"https:\/\/sgpsolucoes.com.br\/site\/wp-json\/wp\/v2\/comments?post=10743"}],"version-history":[{"count":0,"href":"https:\/\/sgpsolucoes.com.br\/site\/wp-json\/wp\/v2\/posts\/10743\/revisions"}],"wp:attachment":[{"href":"https:\/\/sgpsolucoes.com.br\/site\/wp-json\/wp\/v2\/media?parent=10743"}],"wp:term":[{"taxonomy":"category","embeddable":true,"href":"https:\/\/sgpsolucoes.com.br\/site\/wp-json\/wp\/v2\/categories?post=10743"},{"taxonomy":"post_tag","embeddable":true,"href":"https:\/\/sgpsolucoes.com.br\/site\/wp-json\/wp\/v2\/tags?post=10743"}],"curies":[{"name":"wp","href":"https:\/\/api.w.org\/{rel}","templated":true}]}}