{"id":10746,"date":"2025-05-05T18:01:27","date_gmt":"2025-05-05T21:01:27","guid":{"rendered":"https:\/\/sgpsolucoes.com.br\/site\/?p=10746"},"modified":"2025-05-05T18:01:28","modified_gmt":"2025-05-05T21:01:28","slug":"programa-de-escolas-civico-militares-de-sc-e-questionado-no-stf","status":"publish","type":"post","link":"https:\/\/sgpsolucoes.com.br\/site\/programa-de-escolas-civico-militares-de-sc-e-questionado-no-stf\/","title":{"rendered":"Programa de escolas c\u00edvico-militares de SC \u00e9 questionado no STF"},"content":{"rendered":"<p><em><strong>Entre os argumentos, CNTE sustenta viola\u00e7\u00e3o ao princ\u00edpio da separa\u00e7\u00e3o dos poderes<\/strong><\/em><\/p><p>A Confedera\u00e7\u00e3o Nacional dos Trabalhadores em Educa\u00e7\u00e3o (CNTE) questionou a validade do programa que instituiu escolas c\u00edvico-militares no Estado de Santa Catarina. A A\u00e7\u00e3o Direta de Inconstitucionalidade\u00a0<strong><a href=\"https:\/\/portal.stf.jus.br\/processos\/detalhe.asp?incidente=7239912\" target=\"_blank\" rel=\"noreferrer noopener\">(ADI) 7809<\/a><\/strong>\u00a0foi distribu\u00edda ao ministro Dias Toffoli, que decidiu submeter o caso diretamente ao Plen\u00e1rio e pediu informa\u00e7\u00f5es ao governador do estado.<\/p><p><img decoding=\"async\" src=\"https:\/\/noticias-stf-wp-prd.s3.sa-east-1.amazonaws.com\/wp-content\/uploads\/wpallimport\/uploads\/2024\/10\/15205417\/a-Rosinei-Coutinho-Fachada-Noturna-STF-III_-scaled-e1746473712274.jpg\" alt=\"Edif\u00edcio-sede do STF \u00e0 noite\"><em>Foto: Rosinei Coutinho\/STF<\/em><\/p><p>O objeto de questionamento \u00e9 o Decreto estadual 426\/2023, que criou o programa. Segundo a CNTE, o modelo c\u00edvico-militar fere princ\u00edpios constitucionais e compromete a gest\u00e3o democr\u00e1tica do ensino p\u00fablico. Entre seus argumentos est\u00e3o o de que, ao permitir que militares da reserva, ligados \u00e0 Secretaria de Seguran\u00e7a P\u00fablica, atuem diretamente na gest\u00e3o escolar, o programa compromete a autonomia da Secretaria de Educa\u00e7\u00e3o.<\/p><p>Para a confedera\u00e7\u00e3o, a militariza\u00e7\u00e3o tamb\u00e9m pode impor valores e pr\u00e1ticas disciplinares incompat\u00edveis com o pluralismo de ideias e a liberdade de express\u00e3o previstos na Constitui\u00e7\u00e3o. Outro argumento \u00e9 de que o investimento do estado nas escolas c\u00edvico-militares, por aluno, \u00e9 quase o dobro do das demais escolas estaduais.<\/p><p>Por fim, a CNTE alega que o modelo adotado no estado \u00e9 diferente do estabelecido na Lei de Diretrizes e Bases da Educa\u00e7\u00e3o \u2013 LDB (Lei 9394\/1996), que prev\u00ea apenas dois tipos de escolas p\u00fablicas: a b\u00e1sica e a militar.<\/p><p><strong>Fonte: STF<\/strong><\/p>\n    <div class=\"xs_social_share_widget xs_share_url after_content \t\tmain_content  wslu-style-1 wslu-share-box-shaped wslu-fill-colored wslu-none wslu-share-horizontal wslu-theme-font-no wslu-main_content\">\n\n\t\t\n        <ul>\n\t\t\t        <\/ul>\n    <\/div> \n","protected":false},"excerpt":{"rendered":"<p>A Confedera\u00e7\u00e3o Nacional dos Trabalhadores em Educa\u00e7\u00e3o (CNTE) questionou a validade do programa que instituiu escolas c\u00edvico-militares no Estado de Santa Catarina. A A\u00e7\u00e3o Direta de Inconstitucionalidade\u00a0(ADI) 7809\u00a0foi distribu\u00edda ao ministro Dias Toffoli, que decidiu submeter o caso diretamente ao Plen\u00e1rio e pediu informa\u00e7\u00f5es ao governador do estado.<\/p>\n","protected":false},"author":5,"featured_media":0,"comment_status":"open","ping_status":"open","sticky":false,"template":"","format":"standard","meta":{"postBodyCss":"","postBodyMargin":[],"postBodyPadding":[],"postBodyBackground":{"backgroundType":"classic","gradient":""},"_price":"","_stock":"","_tribe_ticket_header":"","_tribe_default_ticket_provider":"","_tribe_ticket_capacity":"0","_ticket_start_date":"","_ticket_end_date":"","_tribe_ticket_show_description":"","_tribe_ticket_show_not_going":false,"_tribe_ticket_use_global_stock":"","_tribe_ticket_global_stock_level":"","_global_stock_mode":"","_global_stock_cap":"","_tribe_rsvp_for_event":"","_tribe_ticket_going_count":"","_tribe_ticket_not_going_count":"","_tribe_tickets_list":"[]","_tribe_ticket_has_attendee_info_fields":false,"footnotes":""},"categories":[46],"tags":[1054,9609,9606,9607,9610,9608,351,9605,4724,2145,347],"class_list":["post-10746","post","type-post","status-publish","format-standard","hentry","category-noticias","tag-acao-direta-de-inconstitucionalidade","tag-adi-7809","tag-cnte","tag-confederacao-nacional-dos-trabalhadores-em-educacao","tag-decreto-estadual-426-2023","tag-escolas-civico-militares","tag-plenario","tag-principio-da-separacao-dos-poderes","tag-programa","tag-santa-catarina","tag-stf"],"acf":[],"_links":{"self":[{"href":"https:\/\/sgpsolucoes.com.br\/site\/wp-json\/wp\/v2\/posts\/10746"}],"collection":[{"href":"https:\/\/sgpsolucoes.com.br\/site\/wp-json\/wp\/v2\/posts"}],"about":[{"href":"https:\/\/sgpsolucoes.com.br\/site\/wp-json\/wp\/v2\/types\/post"}],"author":[{"embeddable":true,"href":"https:\/\/sgpsolucoes.com.br\/site\/wp-json\/wp\/v2\/users\/5"}],"replies":[{"embeddable":true,"href":"https:\/\/sgpsolucoes.com.br\/site\/wp-json\/wp\/v2\/comments?post=10746"}],"version-history":[{"count":0,"href":"https:\/\/sgpsolucoes.com.br\/site\/wp-json\/wp\/v2\/posts\/10746\/revisions"}],"wp:attachment":[{"href":"https:\/\/sgpsolucoes.com.br\/site\/wp-json\/wp\/v2\/media?parent=10746"}],"wp:term":[{"taxonomy":"category","embeddable":true,"href":"https:\/\/sgpsolucoes.com.br\/site\/wp-json\/wp\/v2\/categories?post=10746"},{"taxonomy":"post_tag","embeddable":true,"href":"https:\/\/sgpsolucoes.com.br\/site\/wp-json\/wp\/v2\/tags?post=10746"}],"curies":[{"name":"wp","href":"https:\/\/api.w.org\/{rel}","templated":true}]}}