{"id":10755,"date":"2025-05-05T18:31:46","date_gmt":"2025-05-05T21:31:46","guid":{"rendered":"https:\/\/sgpsolucoes.com.br\/site\/?p=10755"},"modified":"2025-05-05T18:31:49","modified_gmt":"2025-05-05T21:31:49","slug":"conselho-regional-dos-corretores-de-imoveis-de-mato-grosso-tera-de-realizar-concurso-diz-tcu","status":"publish","type":"post","link":"https:\/\/sgpsolucoes.com.br\/site\/conselho-regional-dos-corretores-de-imoveis-de-mato-grosso-tera-de-realizar-concurso-diz-tcu\/","title":{"rendered":"Conselho Regional dos Corretores de Im\u00f3veis de Mato Grosso ter\u00e1 de realizar concurso, diz TCU"},"content":{"rendered":"<p><em><strong>Tribunal decide multar e inabilitar para exercer cargo em comiss\u00e3o ou fun\u00e7\u00e3o de confian\u00e7a na Administra\u00e7\u00e3o P\u00fablica o gestor do Creci\/MT por admitir pessoal sem concurso p\u00fablico<\/strong><\/em><\/p><h4 class=\"wp-block-heading\"><strong>RESUMO<\/strong><\/h4><ul class=\"wp-block-list\"><li>O Tribunal de Contas da Uni\u00e3o (TCU) analisou representa\u00e7\u00e3o do Minist\u00e9rio P\u00fablico Federal acerca de poss\u00edveis irregularidades em admiss\u00f5es de pessoal do Creci\/MT.<\/li>\n\n<li>\u00a0Sob a relatoria do ministro-substituto Weder de Oliveira, o TCU determinou a rescis\u00e3o dos contratos de trabalho firmados sem concurso p\u00fablico.<\/li>\n\n<li>O Creci\/MT dever\u00e1 realizar concurso para suprir a necessidade de pessoal permanente que vier a ser identificada, observando os princ\u00edpios constitucionais na sele\u00e7\u00e3o.<\/li>\n\n<li>O gestor respons\u00e1vel pelo Creci\/MT ter\u00e1 de pagar multa e n\u00e3o poder\u00e1 ocupar cargos em comiss\u00e3o ou fun\u00e7\u00f5es de confian\u00e7a na Administra\u00e7\u00e3o P\u00fablica por cinco anos.<\/li><\/ul><p>O Tribunal de Contas da Uni\u00e3o (TCU) analisou, sob a relatoria do ministro-substituto Weder de Oliveira, representa\u00e7\u00e3o acerca de poss\u00edveis&nbsp;<strong>irregularidades na contrata\u00e7\u00e3o de empregados<\/strong>&nbsp;pelo Conselho Regional de Corretores de Im\u00f3veis da 19\u00aa Regi\u00e3o (Creci\/MT).<\/p><p>A fiscaliza\u00e7\u00e3o do TCU se originou de representa\u00e7\u00e3o do Minist\u00e9rio P\u00fablico Federal (MPF) que atua em Rondon\u00f3polis (MT). O MPF comunicou a exist\u00eancia de inqu\u00e9rito civil autuado para apurar not\u00edcia de fato produzida pelo Minist\u00e9rio P\u00fablico do Trabalho acerca da contrata\u00e7\u00e3o de pessoal sem concurso p\u00fablico pelo Creci\/MT.<\/p><p>Questionado pela Corte de Contas, o Creci\/MT, em s\u00edntese, respondeu<strong>&nbsp;que 87,03% dos funcion\u00e1rios eram contratados por tempo indeterminado,&nbsp;<\/strong>1,85% eram estagi\u00e1rios, 1,85% eram menores aprendizes e 9,25% foram contratados por concurso.<\/p><p>O conselho de Mato Grosso alegou que \u201cas contrata\u00e7\u00f5es foram realizadas ante a inexist\u00eancia de edi\u00e7\u00e3o de norma legal para cria\u00e7\u00e3o do cargo p\u00fablico, visto que [&#8230;]<strong>&nbsp;\u00e9 pr\u00e9-requisito para a realiza\u00e7\u00e3o de concurso p\u00fablico a exist\u00eancia do cargo p\u00fablico<\/strong>&nbsp;acompanhado das respectivas atribui\u00e7\u00f5es\u201d.<\/p><p>O Creci\/MT informou que iniciou procedimentos para elaborar um plano de carreira e cargos, \u201cressaltando a inexist\u00eancia de lei para tanto\u201d e que<strong>&nbsp;n\u00e3o foram abertos concursos nos \u00faltimos dez anos,&nbsp;<\/strong>mas que a atual administra\u00e7\u00e3o teria lan\u00e7ado concurso para o cargo de agente de fiscaliza\u00e7\u00e3o.<\/p><blockquote class=\"wp-block-quote is-layout-flow wp-block-quote-is-layout-flow\"><p>\u201cEsse conselho se encontra h\u00e1 mais de uma d\u00e9cada em situa\u00e7\u00e3o de descumprimento legal quanto a este aspecto, com o agravante de que, da rela\u00e7\u00e3o de 54 pessoas que l\u00e1 atuam,&nbsp;<strong>nada menos que 42 empregados foram contratados pela atual gest\u00e3o (a partir de 2022), nenhum deles por concurso p\u00fablico<\/strong>\u201d, explicou o ministro Weder de Oliveira.<\/p><\/blockquote><h3 class=\"wp-block-heading\"><strong>Delibera\u00e7\u00e3o<\/strong><\/h3><p>O Tribunal determinou ao Conselho Regional de Corretores de Im\u00f3veis 19\u00aa Regi\u00e3o (Creci\/MT) que, no prazo de 180 dias, adote as medidas administrativas necess\u00e1rias para a&nbsp;<strong>rescis\u00e3o dos contratos de trabalho<\/strong>&nbsp;firmados sem o necess\u00e1rio concurso p\u00fablico.<\/p><p>No mesmo per\u00edodo de 180 dias o&nbsp;<strong>Creci\/MT dever\u00e1 realizar concurso p\u00fablico para suprir a necessidade de pessoal permanente&nbsp;<\/strong>que vier a ser identificada, observando os princ\u00edpios da legalidade, da impessoalidade e da publicidade na sele\u00e7\u00e3o dos seus futuros empregados.<\/p><p>O Tribunal de Contas da Uni\u00e3o decidiu rejeitar as raz\u00f5es de justificativa apresentadas pelo gestor Claudecir Roque Contreira e<strong>&nbsp;aplicar a ele multa no valor de R$ 45 mil<\/strong>, fixando o prazo de 15 dias, a contar da notifica\u00e7\u00e3o, para que comprove o recolhimento da d\u00edvida aos cofres do Tesouro Nacional, atualizada monetariamente.<\/p><p>O TCU considerou graves as infra\u00e7\u00f5es cometidas por Claudecir Roque Contreira. Por isso, a Corte de Contas decidiu<strong>&nbsp;inabilitar o gestor do Creci\/MT para o exerc\u00edcio de cargo em comiss\u00e3o ou fun\u00e7\u00e3o de confian\u00e7a<\/strong>&nbsp;no \u00e2mbito da administra\u00e7\u00e3o p\u00fablica por cinco anos.<\/p><p>_____________________________________________<\/p><p><strong>SERVI\u00c7O<\/strong><\/p><p>Leia a \u00edntegra da decis\u00e3o:<a href=\"https:\/\/pesquisa.apps.tcu.gov.br\/documento\/acordao-completo\/*\/NUMACORDAO%253A740%2520ANOACORDAO%253A2025%2520\/DTRELEVANCIA%2520desc%252C%2520NUMACORDAOINT%2520desc\/0\">&nbsp;Ac\u00f3rd\u00e3o 740\/2025 \u2013&nbsp;Plen\u00e1rio<\/a><\/p><p>Processo:<a href=\"https:\/\/pesquisa.apps.tcu.gov.br\/documento\/processo\/*\/NUMEROSOMENTENUMEROS%253A3253120230%2520\/DTAUTUACAOORDENACAO%2520desc%252C%2520NUMEROCOMZEROS%2520desc\/0\">&nbsp;TC 032.531\/2023-0<\/a><\/p><p>Sess\u00e3o: 2\/4\/2025<\/p><p><strong>Fonte: TCU<\/strong><\/p>\n    <div class=\"xs_social_share_widget xs_share_url after_content \t\tmain_content  wslu-style-1 wslu-share-box-shaped wslu-fill-colored wslu-none wslu-share-horizontal wslu-theme-font-no wslu-main_content\">\n\n\t\t\n        <ul>\n\t\t\t        <\/ul>\n    <\/div> \n","protected":false},"excerpt":{"rendered":"<p>RESUMO<\/p>\n<p>O Tribunal de Contas da Uni\u00e3o (TCU) analisou representa\u00e7\u00e3o do Minist\u00e9rio P\u00fablico Federal acerca de poss\u00edveis irregularidades em admiss\u00f5es de pessoal do Creci\/MT.<\/p>\n<p>\u00a0Sob a relatoria do ministro-substituto Weder de Oliveira, o TCU determinou a rescis\u00e3o dos contratos de trabalho firmados sem concurso p\u00fablico.<\/p>\n<p>O Creci\/MT dever\u00e1 realizar concurso para suprir a necessidade de pessoal permanente que vier a ser identificada, observando os princ\u00edpios constitucionais na sele\u00e7\u00e3o.<\/p>\n<p>O gestor respons\u00e1vel pelo Creci\/MT ter\u00e1 de pagar multa e n\u00e3o poder\u00e1 ocupar cargos em comiss\u00e3o ou fun\u00e7\u00f5es de confian\u00e7a na Administra\u00e7\u00e3o P\u00fablica por cinco anos.<\/p>\n","protected":false},"author":5,"featured_media":0,"comment_status":"open","ping_status":"open","sticky":false,"template":"","format":"standard","meta":{"postBodyCss":"","postBodyMargin":[],"postBodyPadding":[],"postBodyBackground":{"backgroundType":"classic","gradient":""},"_price":"","_stock":"","_tribe_ticket_header":"","_tribe_default_ticket_provider":"","_tribe_ticket_capacity":"0","_ticket_start_date":"","_ticket_end_date":"","_tribe_ticket_show_description":"","_tribe_ticket_show_not_going":false,"_tribe_ticket_use_global_stock":"","_tribe_ticket_global_stock_level":"","_global_stock_mode":"","_global_stock_cap":"","_tribe_rsvp_for_event":"","_tribe_ticket_going_count":"","_tribe_ticket_not_going_count":"","_tribe_tickets_list":"[]","_tribe_ticket_has_attendee_info_fields":false,"footnotes":""},"categories":[46],"tags":[129,9619,370,1392,201,9617,9620,9618,364,454,489,9378,4993,608,717,258,450],"class_list":["post-10755","post","type-post","status-publish","format-standard","hentry","category-noticias","tag-administracao-publica","tag-admissoes-de-pessoal","tag-cargo-em-comissao","tag-concurso","tag-concurso-publico","tag-conselho-regional-dos-corretores-de-imoveis","tag-creci","tag-creci-mt","tag-funcao-de-confianca","tag-gestor","tag-irregularidades","tag-mato-grosso","tag-ministerio-publico-federal","tag-pessoal","tag-representacao","tag-tcu","tag-tribunal-de-contas-da-uniao"],"acf":[],"_links":{"self":[{"href":"https:\/\/sgpsolucoes.com.br\/site\/wp-json\/wp\/v2\/posts\/10755"}],"collection":[{"href":"https:\/\/sgpsolucoes.com.br\/site\/wp-json\/wp\/v2\/posts"}],"about":[{"href":"https:\/\/sgpsolucoes.com.br\/site\/wp-json\/wp\/v2\/types\/post"}],"author":[{"embeddable":true,"href":"https:\/\/sgpsolucoes.com.br\/site\/wp-json\/wp\/v2\/users\/5"}],"replies":[{"embeddable":true,"href":"https:\/\/sgpsolucoes.com.br\/site\/wp-json\/wp\/v2\/comments?post=10755"}],"version-history":[{"count":0,"href":"https:\/\/sgpsolucoes.com.br\/site\/wp-json\/wp\/v2\/posts\/10755\/revisions"}],"wp:attachment":[{"href":"https:\/\/sgpsolucoes.com.br\/site\/wp-json\/wp\/v2\/media?parent=10755"}],"wp:term":[{"taxonomy":"category","embeddable":true,"href":"https:\/\/sgpsolucoes.com.br\/site\/wp-json\/wp\/v2\/categories?post=10755"},{"taxonomy":"post_tag","embeddable":true,"href":"https:\/\/sgpsolucoes.com.br\/site\/wp-json\/wp\/v2\/tags?post=10755"}],"curies":[{"name":"wp","href":"https:\/\/api.w.org\/{rel}","templated":true}]}}