{"id":10767,"date":"2025-05-05T18:48:46","date_gmt":"2025-05-05T21:48:46","guid":{"rendered":"https:\/\/sgpsolucoes.com.br\/site\/?p=10767"},"modified":"2025-05-05T18:48:47","modified_gmt":"2025-05-05T21:48:47","slug":"orgao-publico-deve-fiscalizar-uso-de-epis-pelos-trabalhadores-nas-obras-que-executa","status":"publish","type":"post","link":"https:\/\/sgpsolucoes.com.br\/site\/orgao-publico-deve-fiscalizar-uso-de-epis-pelos-trabalhadores-nas-obras-que-executa\/","title":{"rendered":"\u00d3rg\u00e3o p\u00fablico deve fiscalizar uso de EPIs pelos trabalhadores nas obras que executa"},"content":{"rendered":"<p>O poder p\u00fablico deve adotar medidas para assegurar que, nas obras que executa, os profissionais fa\u00e7am uso efetivo dos equipamentos de prote\u00e7\u00e3o individual (EPIs), certificando-se de que esses materiais sejam fornecidos pelas empresas contratadas, conforme obriga\u00e7\u00e3o constante no artigo 166 da Consolida\u00e7\u00e3o das Leis do Trabalho (CLT). S\u00e3o considerados EPIs capacete, \u00f3culos de prote\u00e7\u00e3o, luvas, botas, protetores auriculares, m\u00e1scaras, entre outros &#8211; e a obrigatoriedade de cada um deles depende dos riscos no ambiente de trabalho.<\/p><p>Essa obriga\u00e7\u00e3o legal refor\u00e7ada pelo Tribunal de Contas do Estado do Paran\u00e1 ao emitir recomenda\u00e7\u00e3o ao Munic\u00edpio de Paranava\u00ed (Regi\u00e3o Noroeste). Reunidos no Tribunal Pleno, os conselheiros do TCE-PR julgaram parcialmente procedente processo de Den\u00fancia formulada por cidad\u00e3o em 2024.<\/p><p>&nbsp;O autor apontou supostas irregularidades na execu\u00e7\u00e3o de dois contratos entre a Prefeitura de Paranava\u00ed e a empresa Pavsolo Construtora Ltda. ? a Tomada de Pre\u00e7os n\u00ba 5\/2021 e a Concorr\u00eancia P\u00fablica n\u00ba 1\/2022, totalizando R$ 5.459.894,15. O objetivo desses contratos foi executar servi\u00e7os de drenagem, pavimenta\u00e7\u00e3o asf\u00e1ltica, recapeamento e constru\u00e7\u00e3o de ciclovias em duas ruas da cidade.<\/p><p>O autor da Den\u00fancia alegou que houve falhas da fiscaliza\u00e7\u00e3o municipal na execu\u00e7\u00e3o dessas obras p\u00fablicas e na supervis\u00e3o do trabalho dos oper\u00e1rios, que n\u00e3o estariam usando os devidos equipamentos obrigat\u00f3rios de prote\u00e7\u00e3o, especialmente o capacete &#8211; situa\u00e7\u00e3o comprovada por meio de fotos anexadas ao processo de Den\u00fancia. Al\u00e9m da quest\u00e3o envolvendo o uso de EPIs, o denunciante apontou supostos sobrepre\u00e7o e utiliza\u00e7\u00e3o de materiais de baixa qualidade nas obras, o que teria causado at\u00e9 mesmo rachaduras aparentes.<\/p><p>Em sua defesa, a Prefeitura de Paranava\u00ed argumentou que as rachaduras se tratavam, na verdade, das juntas de dilata\u00e7\u00e3o e de assentamento, essenciais para a constru\u00e7\u00e3o, e quando foram identificados reparos necess\u00e1rios, prontamente notificou a empresa contratada para que fizesse os consertos. O munic\u00edpio alegou ainda que os oper\u00e1rios utilizaram, sim, os equipamentos de prote\u00e7\u00e3o individual ? botas e uniforme da empresa ? durante a execu\u00e7\u00e3o das obras.&nbsp;<\/p><p>Na instru\u00e7\u00e3o do processo, a Coordenadoria de Gest\u00e3o Municipal (CGM) do TCE-PR opinou pela proced\u00eancia parcial da Den\u00fancia, com expedi\u00e7\u00e3o de recomenda\u00e7\u00e3o ao Munic\u00edpio de Paranava\u00ed, para que fiscalize e garanta o uso dos EPIs nas obras que realiza, especialmente os capacetes de prote\u00e7\u00e3o.&nbsp;&nbsp;<\/p><p>O Minist\u00e9rio P\u00fablico de Contas (MPC-PR) concordou, em seu parecer, com o posicionamento da CGM.<\/p><p><strong>Decis\u00e3o<\/strong><\/p><p>Em seu voto, o relator do processo, conselheiro Ivan Bonilha, seguiu o entendimento manifestado na instru\u00e7\u00e3o da CGM e no parecer do MPC-PR a respeito do caso. Ele considerou que, embora a Prefeitura de Paranava\u00ed tenha apresentado defesa coerente nas acusa\u00e7\u00f5es, ainda assim seria necess\u00e1ria uma fiscaliza\u00e7\u00e3o mais r\u00edgida para garantir o uso dos EPIs, especialmente os capacetes de prote\u00e7\u00e3o, pelos oper\u00e1rios que atuam em obras p\u00fablicas, como estabelecido pela Norma Regulamentadora n\u00ba 6 (NR-6) do Minist\u00e9rio do Trabalho e Emprego (MTE).&nbsp;<\/p><p>O conselheiro destacou ainda a complexidade das obras, pois, al\u00e9m dos servi\u00e7os de pavimenta\u00e7\u00e3o asf\u00e1ltica, tamb\u00e9m foram constru\u00eddos canais para drenagem e execu\u00e7\u00e3o de aterros. Desta forma, os valores apresentados, nos quais o autor da Den\u00fancia alegou suposto sobrepre\u00e7o, &#8220;n\u00e3o se mostraram desarrazoados ou desproporcionais e, diante da aus\u00eancia de ind\u00edcio real de sobrepre\u00e7o ou de uso indevido dos recursos, improcede a irregularidade apontada&#8221;.<\/p><p>Assim, Bonilha opinou pela parcial proced\u00eancia da Den\u00fancia, com a expedi\u00e7\u00e3o de recomenda\u00e7\u00e3o ao Munic\u00edpio de Paranava\u00ed, para que promova a fiscaliza\u00e7\u00e3o e garanta o uso dos EPIs na execu\u00e7\u00e3o das obras p\u00fablicas, &#8220;especialmente quanto ao capacete para prote\u00e7\u00e3o contra impactos de objetos sobre o cr\u00e2nio&#8221;.<\/p><p>Os demais membros do \u00f3rg\u00e3o colegiado do TCE-PR acompanharam, de forma un\u00e2nime, o voto do relator do processo, na Sess\u00e3o de Plen\u00e1rio Virtual n\u00ba 5\/2025, conclu\u00edda em 27 de mar\u00e7o. O Ac\u00f3rd\u00e3o n\u00ba 673\/25 &#8211; Tribunal Pleno, foi veiculado no \u00faltimo dia 7 de abril, na&nbsp;<a href=\"https:\/\/www1.tce.pr.gov.br\/conteudo\/diario-eletronico-3419-2025-de-7-de-abril-de-2025\/362152\/area\/10\">edi\u00e7\u00e3o n\u00ba 3.419 do Di\u00e1rio Eletr\u00f4nico do TCE-PR<\/a>.<\/p><p><strong>Servi\u00e7o<\/strong><\/p><figure class=\"wp-block-table\"><table class=\"has-fixed-layout\"><tbody><tr><td><strong>Processo<\/strong>&nbsp;<strong>n\u00ba<\/strong>:<\/td><td>592315\/24<\/td><\/tr><tr><td><strong>Ac\u00f3rd\u00e3o n\u00ba:<\/strong><\/td><td>673\/25 &#8211; Tribunal Pleno<\/td><\/tr><tr><td><strong>Assunto<\/strong>:<\/td><td>Den\u00fancia<\/td><\/tr><tr><td><strong>Entidade<\/strong>:<\/td><td>Munic\u00edpio de Paranava\u00ed<\/td><\/tr><tr><td><strong>Interessados:<\/strong><\/td><td>Tiago Schuroff e Pavsolo Construtora Ltda.<\/td><\/tr><tr><td><strong>Relator<\/strong>:<\/td><td>Conselheiro Ivan Bonilha<\/td><\/tr><\/tbody><\/table><\/figure><p><strong>Fonte:&nbsp;TCE\/PR<\/strong><\/p>\n    <div class=\"xs_social_share_widget xs_share_url after_content \t\tmain_content  wslu-style-1 wslu-share-box-shaped wslu-fill-colored wslu-none wslu-share-horizontal wslu-theme-font-no wslu-main_content\">\n\n\t\t\n        <ul>\n\t\t\t        <\/ul>\n    <\/div> \n","protected":false},"excerpt":{"rendered":"<p>O poder p\u00fablico deve adotar medidas para assegurar que, nas obras que executa, os profissionais fa\u00e7am uso efetivo dos equipamentos de prote\u00e7\u00e3o individual (EPIs), certificando-se de que esses materiais sejam fornecidos pelas empresas contratadas, conforme obriga\u00e7\u00e3o constante no artigo 166 da Consolida\u00e7\u00e3o das Leis do Trabalho (CLT). S\u00e3o considerados EPIs capacete, \u00f3culos de prote\u00e7\u00e3o, luvas, botas, protetores auriculares, m\u00e1scaras, entre outros &#8211; e a obrigatoriedade de cada um deles depende dos riscos no ambiente de trabalho.<\/p>\n","protected":false},"author":5,"featured_media":0,"comment_status":"open","ping_status":"open","sticky":false,"template":"","format":"standard","meta":{"postBodyCss":"","postBodyMargin":[],"postBodyPadding":[],"postBodyBackground":{"backgroundType":"classic","gradient":""},"_price":"","_stock":"","_tribe_ticket_header":"","_tribe_default_ticket_provider":"","_tribe_ticket_capacity":"0","_ticket_start_date":"","_ticket_end_date":"","_tribe_ticket_show_description":"","_tribe_ticket_show_not_going":false,"_tribe_ticket_use_global_stock":"","_tribe_ticket_global_stock_level":"","_global_stock_mode":"","_global_stock_cap":"","_tribe_rsvp_for_event":"","_tribe_ticket_going_count":"","_tribe_ticket_not_going_count":"","_tribe_tickets_list":"[]","_tribe_ticket_has_attendee_info_fields":false,"footnotes":""},"categories":[46],"tags":[5830,9637,9634,2524,2525,9635,9636,5420,9639,9633,172,9638,9630,1472,9632,6765,1114,354,4532,356,9631],"class_list":["post-10767","post","type-post","status-publish","format-standard","hentry","category-noticias","tag-ambiente-de-trabalho","tag-botas","tag-capacete","tag-clt","tag-consolidacao-das-leis-do-trabalho","tag-empresas-contratadas","tag-equipamentos-de-protecao-individual","tag-fiscalizar","tag-luvas","tag-mascaras","tag-obras","tag-oculos-de-protecao","tag-orgao-publico-2","tag-poder-publico","tag-protetores-auriculares","tag-recomendacao","tag-riscos","tag-tce-pr","tag-trabalhadores","tag-tribunal-de-contas-do-estado-do-parana","tag-uso-de-epis"],"acf":[],"_links":{"self":[{"href":"https:\/\/sgpsolucoes.com.br\/site\/wp-json\/wp\/v2\/posts\/10767"}],"collection":[{"href":"https:\/\/sgpsolucoes.com.br\/site\/wp-json\/wp\/v2\/posts"}],"about":[{"href":"https:\/\/sgpsolucoes.com.br\/site\/wp-json\/wp\/v2\/types\/post"}],"author":[{"embeddable":true,"href":"https:\/\/sgpsolucoes.com.br\/site\/wp-json\/wp\/v2\/users\/5"}],"replies":[{"embeddable":true,"href":"https:\/\/sgpsolucoes.com.br\/site\/wp-json\/wp\/v2\/comments?post=10767"}],"version-history":[{"count":0,"href":"https:\/\/sgpsolucoes.com.br\/site\/wp-json\/wp\/v2\/posts\/10767\/revisions"}],"wp:attachment":[{"href":"https:\/\/sgpsolucoes.com.br\/site\/wp-json\/wp\/v2\/media?parent=10767"}],"wp:term":[{"taxonomy":"category","embeddable":true,"href":"https:\/\/sgpsolucoes.com.br\/site\/wp-json\/wp\/v2\/categories?post=10767"},{"taxonomy":"post_tag","embeddable":true,"href":"https:\/\/sgpsolucoes.com.br\/site\/wp-json\/wp\/v2\/tags?post=10767"}],"curies":[{"name":"wp","href":"https:\/\/api.w.org\/{rel}","templated":true}]}}