{"id":10770,"date":"2025-05-05T18:53:31","date_gmt":"2025-05-05T21:53:31","guid":{"rendered":"https:\/\/sgpsolucoes.com.br\/site\/?p=10770"},"modified":"2025-05-05T18:53:32","modified_gmt":"2025-05-05T21:53:32","slug":"tribunal-de-contas-orienta-ipem-pr-a-aprimorar-transparencia-e-protecao-de-dados","status":"publish","type":"post","link":"https:\/\/sgpsolucoes.com.br\/site\/tribunal-de-contas-orienta-ipem-pr-a-aprimorar-transparencia-e-protecao-de-dados\/","title":{"rendered":"Tribunal de Contas orienta Ipem-PR a aprimorar transpar\u00eancia e prote\u00e7\u00e3o de dados"},"content":{"rendered":"<p>O Pleno do Tribunal de Contas do Estado (TCE-PR) emitiu quatro recomenda\u00e7\u00f5es ao Instituto de Pesos e Medidas do Estado do Paran\u00e1 (Ipem-PR) com o objetivo de aprimorar sua gest\u00e3o dos pedidos de acesso \u00e0 informa\u00e7\u00e3o e na prote\u00e7\u00e3o de dados pessoais custodiados pela entidade. A a\u00e7\u00e3o visa assegurar que o \u00f3rg\u00e3o cumpra integralmente as exig\u00eancias da&nbsp;<a href=\"https:\/\/www.planalto.gov.br\/ccivil_03\/_ato2011-2014\/2011\/lei\/l12527.htm\">Lei de Acesso \u00e0 Informa\u00e7\u00e3o<\/a>&nbsp;(Lei n\u00ba 12.527\/11) e da&nbsp;<a href=\"https:\/\/www.planalto.gov.br\/ccivil_03\/_ato2015-2018\/2018\/lei\/l13709.htm\">Lei Geral de Prote\u00e7\u00e3o de Dados Pessoais<\/a>&nbsp;(Lei n\u00ba 13.709\/18), respectivamente.<\/p><p>As medidas foram indicadas pela Primeira Inspetoria de Controle Externo (1\u00aa ICE) do TCE-PR, que detectou falhas e oportunidades de melhoria na aplica\u00e7\u00e3o dos recursos p\u00fablicos relativos ao tratamento de dados pessoais, transpar\u00eancia e aspectos da folha de pagamento dos servidores do Ipem-PR. Sob a superintend\u00eancia do conselheiro Augustinho Zucchi, a 1\u00aa ICE \u00e9 a unidade t\u00e9cnica do Tribunal respons\u00e1vel pela fiscaliza\u00e7\u00e3o da \u00e1rea tem\u00e1tica Sa\u00fade e Gest\u00e3o Ambiental na esfera estadual do Paran\u00e1 durante o quadri\u00eanio 2023-2026.<\/p><p>A 1\u00aa ICE identificou quatro achados de auditoria em rela\u00e7\u00e3o ao Ipem-PR, que resultaram na proposi\u00e7\u00e3o de igual n\u00famero de recomenda\u00e7\u00f5es expedidas pelo TCE-PR para o aperfei\u00e7oamento do acesso \u00e0 informa\u00e7\u00e3o e da prote\u00e7\u00e3o de dados pessoais. Achado de auditoria \u00e9 a designa\u00e7\u00e3o t\u00e9cnica para oportunidades de melhoria verificadas pelos auditores na execu\u00e7\u00e3o de um trabalho de fiscaliza\u00e7\u00e3o.<\/p><p>A fiscaliza\u00e7\u00e3o presencial foi executada, com base nas Normas Brasileiras de Auditoria do Setor P\u00fablico (NBASPs), entre abril de 2024 e fevereiro de 2025. Nesse trabalho, a equipe t\u00e9cnica constatou problemas estruturais e operacionais que descumprem disposi\u00e7\u00f5es da LAI e da LGPD. A auditoria evidenciou a aus\u00eancia de um plano de resposta a incidentes de seguran\u00e7a; a falta de registros das opera\u00e7\u00f5es de tratamento de dados pessoais; e a inexist\u00eancia de pol\u00edtica formal, diretrizes pr\u00f3prias e registro dos procedimentos para divulga\u00e7\u00e3o e atendimento de pedidos de acesso \u00e0 informa\u00e7\u00e3o formulados ao Ipem\/PR.<\/p><p><strong>Decis\u00e3o<\/strong><\/p><p>Em seu voto, o relator do processo, conselheiro Augustinho Zucchi, acolheu integralmente as medidas propostas pela unidade t\u00e9cnica superintendida por ele; e prop\u00f4s a homologa\u00e7\u00e3o das recomenda\u00e7\u00f5es pelo Tribunal Pleno do TCE-PR.<\/p><p>Os demais membros do \u00f3rg\u00e3o colegiado do Tribunal acompanharam, de forma un\u00e2nime, o voto do relator, na Sess\u00e3o de Plen\u00e1rio Virtual n\u00ba 5\/2025, conclu\u00edda em 27 de mar\u00e7o. Cabe recurso contra a decis\u00e3o contida no Ac\u00f3rd\u00e3o n\u00ba 713\/25 &#8211; Tribunal Pleno, veiculado no dia 7 de abril, na&nbsp;<a href=\"https:\/\/www1.tce.pr.gov.br\/conteudo\/diario-eletronico-3419-2025-de-7-de-abril-de-2025\/362152\/area\/10\">edi\u00e7\u00e3o n\u00ba 3.419 do Di\u00e1rio Eletr\u00f4nico do TCE-PR<\/a>.<\/p><p><strong>Resolu\u00e7\u00e3o<\/strong><\/p><p>A partir da vig\u00eancia da&nbsp;<a href=\"https:\/\/www1.tce.pr.gov.br\/conteudo\/resolucao-n-73-de-22-de-agosto-de-2019\/323836\/area\/249\">Resolu\u00e7\u00e3o n\u00ba 73\/2019 do TCE-PR<\/a>, todos os procedimentos resultantes de trabalhos fiscalizat\u00f3rios realizados pelo Tribunal t\u00eam como ponto de partida a elabora\u00e7\u00e3o, pela unidade t\u00e9cnica respons\u00e1vel, de um Relat\u00f3rio de Fiscaliza\u00e7\u00e3o. Caso este apresente apenas sugest\u00f5es de medidas para sanar impropriedades encontradas na gest\u00e3o da entidade p\u00fablica em quest\u00e3o, \u00e9 instaurado processo de Homologa\u00e7\u00e3o de Recomenda\u00e7\u00f5es.<\/p><p>A medida tem como objetivo dar maior rapidez \u00e0 implementa\u00e7\u00e3o dessas iniciativas, indicadas apenas nos casos em que n\u00e3o s\u00e3o encontradas irregularidades de maior gravidade, que demandem a emiss\u00e3o de determina\u00e7\u00f5es ou a aplica\u00e7\u00e3o de san\u00e7\u00f5es &#8211; situa\u00e7\u00f5es ainda contempladas pelos processos de Representa\u00e7\u00e3o e Tomada de Contas Extraordin\u00e1ria.<\/p><p><strong><u>Servi\u00e7o<\/u><\/strong><\/p><figure class=\"wp-block-table\"><table class=\"has-fixed-layout\"><tbody><tr><td><strong>Processo n\u00ba<\/strong>:<\/td><td>90077\/25<\/td><\/tr><tr><td><strong>Ac\u00f3rd\u00e3o n\u00ba:<\/strong><\/td><td>713\/25 &#8211; Tribunal Pleno<\/td><\/tr><tr><td><strong>Assunto<\/strong>:<\/td><td>Homologa\u00e7\u00e3o de Recomenda\u00e7\u00f5es<\/td><\/tr><tr><td><strong>Entidade:<\/strong><\/td><td>Instituto de Pesos e Medidas do Estado do Paran\u00e1<\/td><\/tr><tr><td><strong>Interessados<\/strong>:<\/td><td>Instituto de Pesos e Medidas do Estado do Paran\u00e1<\/td><\/tr><tr><td><strong>Relator<\/strong>:<\/td><td>Conselheiro Augustinho Zucchi<\/td><\/tr><\/tbody><\/table><\/figure><p><strong>Fonte:&nbsp;TCE\/PR<\/strong><\/p>\n    <div class=\"xs_social_share_widget xs_share_url after_content \t\tmain_content  wslu-style-1 wslu-share-box-shaped wslu-fill-colored wslu-none wslu-share-horizontal wslu-theme-font-no wslu-main_content\">\n\n\t\t\n        <ul>\n\t\t\t        <\/ul>\n    <\/div> \n","protected":false},"excerpt":{"rendered":"<p>O Pleno do Tribunal de Contas do Estado (TCE-PR) emitiu quatro recomenda\u00e7\u00f5es ao Instituto de Pesos e Medidas do Estado do Paran\u00e1 (Ipem-PR) com o objetivo de aprimorar sua gest\u00e3o dos pedidos de acesso \u00e0 informa\u00e7\u00e3o e na prote\u00e7\u00e3o de dados pessoais custodiados pela entidade. A a\u00e7\u00e3o visa assegurar que o \u00f3rg\u00e3o cumpra integralmente as exig\u00eancias da\u00a0Lei de Acesso \u00e0 Informa\u00e7\u00e3o\u00a0(Lei n\u00ba 12.527\/11) e da\u00a0Lei Geral de Prote\u00e7\u00e3o de Dados Pessoais\u00a0(Lei n\u00ba 13.709\/18), respectivamente.<\/p>\n","protected":false},"author":5,"featured_media":0,"comment_status":"open","ping_status":"open","sticky":false,"template":"","format":"standard","meta":{"postBodyCss":"","postBodyMargin":[],"postBodyPadding":[],"postBodyBackground":{"backgroundType":"classic","gradient":""},"_price":"","_stock":"","_tribe_ticket_header":"","_tribe_default_ticket_provider":"","_tribe_ticket_capacity":"0","_ticket_start_date":"","_ticket_end_date":"","_tribe_ticket_show_description":"","_tribe_ticket_show_not_going":false,"_tribe_ticket_use_global_stock":"","_tribe_ticket_global_stock_level":"","_global_stock_mode":"","_global_stock_cap":"","_tribe_rsvp_for_event":"","_tribe_ticket_going_count":"","_tribe_ticket_not_going_count":"","_tribe_tickets_list":"[]","_tribe_ticket_has_attendee_info_fields":false,"footnotes":""},"categories":[46],"tags":[708,253,9641,9640,2677,1192,5793,9642,5250,4915,3318,354,128,451,3413],"class_list":["post-10770","post","type-post","status-publish","format-standard","hentry","category-noticias","tag-acesso-a-informacao","tag-gestao","tag-instituto-de-pesos-e-medidas-do-estado-do-parana","tag-ipem-pr","tag-lei-de-acesso-a-informacao","tag-lei-geral-de-protecao-de-dados-pessoais","tag-lei-no-12-527-11","tag-lei-no-13-709-18","tag-protecao-de-dados-2","tag-protecao-de-dados-pessoais","tag-recomendacoes","tag-tce-pr","tag-transparencia","tag-tribunal-de-contas","tag-tribunal-de-contas-do-estado"],"acf":[],"_links":{"self":[{"href":"https:\/\/sgpsolucoes.com.br\/site\/wp-json\/wp\/v2\/posts\/10770"}],"collection":[{"href":"https:\/\/sgpsolucoes.com.br\/site\/wp-json\/wp\/v2\/posts"}],"about":[{"href":"https:\/\/sgpsolucoes.com.br\/site\/wp-json\/wp\/v2\/types\/post"}],"author":[{"embeddable":true,"href":"https:\/\/sgpsolucoes.com.br\/site\/wp-json\/wp\/v2\/users\/5"}],"replies":[{"embeddable":true,"href":"https:\/\/sgpsolucoes.com.br\/site\/wp-json\/wp\/v2\/comments?post=10770"}],"version-history":[{"count":0,"href":"https:\/\/sgpsolucoes.com.br\/site\/wp-json\/wp\/v2\/posts\/10770\/revisions"}],"wp:attachment":[{"href":"https:\/\/sgpsolucoes.com.br\/site\/wp-json\/wp\/v2\/media?parent=10770"}],"wp:term":[{"taxonomy":"category","embeddable":true,"href":"https:\/\/sgpsolucoes.com.br\/site\/wp-json\/wp\/v2\/categories?post=10770"},{"taxonomy":"post_tag","embeddable":true,"href":"https:\/\/sgpsolucoes.com.br\/site\/wp-json\/wp\/v2\/tags?post=10770"}],"curies":[{"name":"wp","href":"https:\/\/api.w.org\/{rel}","templated":true}]}}