{"id":10818,"date":"2025-05-06T15:34:03","date_gmt":"2025-05-06T18:34:03","guid":{"rendered":"https:\/\/sgpsolucoes.com.br\/site\/?p=10818"},"modified":"2025-05-06T15:34:04","modified_gmt":"2025-05-06T18:34:04","slug":"competencia-para-julgar-crime-contra-planta-ameacada-de-extincao-e-um-dos-temas-do-novo-informativo-do-stj","status":"publish","type":"post","link":"https:\/\/sgpsolucoes.com.br\/site\/competencia-para-julgar-crime-contra-planta-ameacada-de-extincao-e-um-dos-temas-do-novo-informativo-do-stj\/","title":{"rendered":"Compet\u00eancia para julgar crime contra planta amea\u00e7ada de extin\u00e7\u00e3o \u00e9 um dos temas do novo Informativo do STJ"},"content":{"rendered":"<p>\u200bA Secretaria de Biblioteca e Jurisprud\u00eancia do Superior Tribunal de Justi\u00e7a (STJ) divulgou a&nbsp;<a href=\"https:\/\/processo.stj.jus.br\/SCON\/GetPDFINFJ?edicao=0848\">edi\u00e7\u00e3o 848 do Informativo de Jurisprud\u00eancia<\/a>. A equipe de publica\u00e7\u00e3o destacou dois julgamentos nesta edi\u00e7\u00e3o.&nbsp;<\/p><p>No primeiro processo em destaque, a Primeira Turma, por unanimidade, decidiu que a veda\u00e7\u00e3o \u00e0 solidariedade prevista no artigo 17-C, par\u00e1grafo 2\u00ba, da Lei 8.429\/1992 \u00e9 aplic\u00e1vel quando individualiz\u00e1veis os des\u00edgnios dos agentes ativos do ato il\u00edcito, mas n\u00e3o quando tenham, todos eles, participado em unidade de vontades no cometimento da improbidade, oportunidade em que se poder\u00e1 atribuir a todos o dever de ressarcir integralmente os danos causados, na forma do artigo 942 do C\u00f3digo Civil. A tese foi fixada no&nbsp;AgInt&nbsp;no&nbsp;AREsp&nbsp;1.485.464, de relatoria do ministro Paulo S\u00e9rgio Domingues.&nbsp;<\/p><p>Em outro julgado mencionado na edi\u00e7\u00e3o, a Terceira Se\u00e7\u00e3o, por unanimidade, definiu que a prote\u00e7\u00e3o da flora amea\u00e7ada de extin\u00e7\u00e3o \u00e9 equiparada \u00e0 prote\u00e7\u00e3o da fauna, n\u00e3o havendo distin\u00e7\u00e3o quanto ao interesse da Uni\u00e3o, o que justifica a&nbsp;compet\u00eancia&nbsp;da Justi\u00e7a Federal para julgar crime ambiental contra esp\u00e9cie vegetal amea\u00e7ada de extin\u00e7\u00e3o. O&nbsp;AgRg&nbsp;no&nbsp;CC&nbsp;206.862, teve como relator o ministro Joel Ilan Paciornik.<\/p><p><strong>Conhe\u00e7a o Informativo<\/strong><\/p><p>O&nbsp;<a href=\"https:\/\/processo.stj.jus.br\/jurisprudencia\/externo\/informativo\/\">Informativo de Jurisprud\u00eancia<\/a>&nbsp;divulga periodicamente notas sobre teses de relev\u00e2ncia firmadas nos julgamentos do STJ, selecionadas pela repercuss\u00e3o no meio jur\u00eddico e pela novidade no \u00e2mbito do tribunal.<\/p><p>Para visualizar as novas edi\u00e7\u00f5es, acesse Jurisprud\u00eancia &gt; Informativo de Jurisprud\u00eancia, a partir do&nbsp;<em>menu<\/em>&nbsp;no alto da p\u00e1gina. A pesquisa de informativos anteriores pode ser feita pelo n\u00famero da edi\u00e7\u00e3o ou pelo ramo do direito.<\/p><p><strong>Fonte: STJ<\/strong><\/p>\n    <div class=\"xs_social_share_widget xs_share_url after_content \t\tmain_content  wslu-style-1 wslu-share-box-shaped wslu-fill-colored wslu-none wslu-share-horizontal wslu-theme-font-no wslu-main_content\">\n\n\t\t\n        <ul>\n\t\t\t        <\/ul>\n    <\/div> \n","protected":false},"excerpt":{"rendered":"<p>\u200bA Secretaria de Biblioteca e Jurisprud\u00eancia do Superior Tribunal de Justi\u00e7a (STJ) divulgou a\u00a0edi\u00e7\u00e3o 848 do Informativo de Jurisprud\u00eancia. A equipe de publica\u00e7\u00e3o destacou dois julgamentos nesta edi\u00e7\u00e3o.\u00a0<\/p>\n","protected":false},"author":5,"featured_media":0,"comment_status":"open","ping_status":"open","sticky":false,"template":"","format":"standard","meta":{"postBodyCss":"","postBodyMargin":[],"postBodyPadding":[],"postBodyBackground":{"backgroundType":"classic","gradient":""},"_price":"","_stock":"","_tribe_ticket_header":"","_tribe_default_ticket_provider":"","_tribe_ticket_capacity":"0","_ticket_start_date":"","_ticket_end_date":"","_tribe_ticket_show_description":"","_tribe_ticket_show_not_going":false,"_tribe_ticket_use_global_stock":"","_tribe_ticket_global_stock_level":"","_global_stock_mode":"","_global_stock_cap":"","_tribe_rsvp_for_event":"","_tribe_ticket_going_count":"","_tribe_ticket_not_going_count":"","_tribe_tickets_list":"[]","_tribe_ticket_has_attendee_info_fields":false,"footnotes":""},"categories":[46],"tags":[3124,2072,9653,259,5626,445,9652,3548,229,230],"class_list":["post-10818","post","type-post","status-publish","format-standard","hentry","category-noticias","tag-competencia","tag-crime","tag-edicao-848","tag-informativo","tag-informativo-do-stj","tag-jurisprudencia","tag-planta-ameacada-de-extincao","tag-secretaria-de-biblioteca-e-jurisprudencia","tag-stj","tag-superior-tribunal-de-justica"],"acf":[],"_links":{"self":[{"href":"https:\/\/sgpsolucoes.com.br\/site\/wp-json\/wp\/v2\/posts\/10818"}],"collection":[{"href":"https:\/\/sgpsolucoes.com.br\/site\/wp-json\/wp\/v2\/posts"}],"about":[{"href":"https:\/\/sgpsolucoes.com.br\/site\/wp-json\/wp\/v2\/types\/post"}],"author":[{"embeddable":true,"href":"https:\/\/sgpsolucoes.com.br\/site\/wp-json\/wp\/v2\/users\/5"}],"replies":[{"embeddable":true,"href":"https:\/\/sgpsolucoes.com.br\/site\/wp-json\/wp\/v2\/comments?post=10818"}],"version-history":[{"count":0,"href":"https:\/\/sgpsolucoes.com.br\/site\/wp-json\/wp\/v2\/posts\/10818\/revisions"}],"wp:attachment":[{"href":"https:\/\/sgpsolucoes.com.br\/site\/wp-json\/wp\/v2\/media?parent=10818"}],"wp:term":[{"taxonomy":"category","embeddable":true,"href":"https:\/\/sgpsolucoes.com.br\/site\/wp-json\/wp\/v2\/categories?post=10818"},{"taxonomy":"post_tag","embeddable":true,"href":"https:\/\/sgpsolucoes.com.br\/site\/wp-json\/wp\/v2\/tags?post=10818"}],"curies":[{"name":"wp","href":"https:\/\/api.w.org\/{rel}","templated":true}]}}