{"id":10961,"date":"2025-05-07T16:16:44","date_gmt":"2025-05-07T19:16:44","guid":{"rendered":"https:\/\/sgpsolucoes.com.br\/site\/?p=10961"},"modified":"2025-05-07T16:16:46","modified_gmt":"2025-05-07T19:16:46","slug":"tce-terceirizacao-de-servicos-contabeis-na-administracao-publica-e-excecao-nao-regra","status":"publish","type":"post","link":"https:\/\/sgpsolucoes.com.br\/site\/tce-terceirizacao-de-servicos-contabeis-na-administracao-publica-e-excecao-nao-regra\/","title":{"rendered":"TCE: Terceiriza\u00e7\u00e3o de servi\u00e7os cont\u00e1beis na administra\u00e7\u00e3o p\u00fablica \u00e9 exce\u00e7\u00e3o, n\u00e3o regra"},"content":{"rendered":"<p>A terceiriza\u00e7\u00e3o de servi\u00e7os de contabilidade por \u00f3rg\u00e3os p\u00fablicos somente \u00e9 poss\u00edvel quando estes servirem para suprir demanda de alta complexidade que exigir not\u00f3ria especializa\u00e7\u00e3o ou quando estes forem necess\u00e1rios para atender situa\u00e7\u00e3o de natureza excepcional, caso em que \u00e9 permitida a realiza\u00e7\u00e3o de contrata\u00e7\u00e3o tempor\u00e1ria e emergencial.<\/p><p>Este \u00e9 o teor do&nbsp;<a href=\"https:\/\/www1.tce.pr.gov.br\/conteudo\/prejulgado-n%C2%BA-6\/82361\/area\/242\">Prejulgado n\u00ba 6<\/a>&nbsp;do Tribunal de Contas do Estado (TCE-PR), que foi levado em conta pela Primeira C\u00e2mara da Corte para dar provimento a Tomada de Contas Extraordin\u00e1ria instaurada por determina\u00e7\u00e3o do Ac\u00f3rd\u00e3o n\u00ba 1787\/19, emitido pelo mesmo \u00f3rg\u00e3o colegiado da Casa. A decis\u00e3o havia julgado irregulares as contas de 2017 da C\u00e2mara Municipal de Cantagalo, na Regi\u00e3o Centro-Sul do Paran\u00e1.<\/p><p>Na ocasi\u00e3o, os conselheiros ordenaram a apura\u00e7\u00e3o de poss\u00edveis impropriedades envolvidas na contrata\u00e7\u00e3o de um escrit\u00f3rio de contabilidade por parte da entidade entre 2014 e 2019, realizada mesmo que ela dispusesse de contador concursado pr\u00f3prio ao longo desses anos.<\/p><p><strong>Recomenda\u00e7\u00e3o<\/strong><\/p><p>Como resultado, contatou-se que a contrata\u00e7\u00e3o contrariou os preceitos do Prejulgado n\u00ba 6, em raz\u00e3o da natureza ordin\u00e1ria dos servi\u00e7os prestados, como c\u00e1lculo de folha de pagamento, emiss\u00e3o de contracheques e gera\u00e7\u00e3o de relat\u00f3rios cont\u00e1beis.<\/p><p>Al\u00e9m disso, para o relator do processo, conselheiro Durval Amaral, o fato de o contrato ter tido sua dura\u00e7\u00e3o prorrogada por meio de cinco termos aditivos descaracterizou qualquer natureza emergencial e tempor\u00e1ria da contrata\u00e7\u00e3o.<\/p><p>Dessa forma, ele manifestou-se pela emiss\u00e3o de recomenda\u00e7\u00e3o ao \u00f3rg\u00e3o legislativo para que passe a observar, no que se refere \u00e0 terceiriza\u00e7\u00e3o de servi\u00e7os de contabilidade, o disposto no Prejulgado n\u00ba 6 do TCE-PR e no artigo 37, inciso II, da Constitui\u00e7\u00e3o Federal &#8211; que trata da investidura em cargo p\u00fablico mediante aprova\u00e7\u00e3o em concurso.<\/p><p><strong>Decis\u00e3o<\/strong><\/p><p>Contrariando em parte a instru\u00e7\u00e3o da Coordenadoria de Gest\u00e3o Municipal (CGM) da Corte e o parecer do Minist\u00e9rio P\u00fablico de Contas (MPC-PR) a respeito do caso, o relator deixou de opinar pela aplica\u00e7\u00e3o de san\u00e7\u00f5es aos respons\u00e1veis, em fun\u00e7\u00e3o de j\u00e1 haver transcorrido grande lapso temporal desde a ocorr\u00eancia dos fatos at\u00e9 o julgamento destes pela Corte de Contas.<\/p><p>&#8220;\u00c0 luz dos princ\u00edpios da razoabilidade e proporcionalidade, cuja fun\u00e7\u00e3o inclui excepcionar o princ\u00edpio da legalidade ao caso concreto, entendo que a medida sancionat\u00f3ria, neste caso, vai de encontro \u00e0 fun\u00e7\u00e3o orientativa deste Tribunal&#8221;, declarou Durval Amaral ao votar.<\/p><p>O voto do relator foi acompanhado, de forma un\u00e2nime, pelos demais membros do \u00f3rg\u00e3o colegiado do Tribunal de Contas na Sess\u00e3o de Plen\u00e1rio Virtual n\u00ba 4\/2025, conclu\u00edda em 3 de abril. Cabe recurso contra o Ac\u00f3rd\u00e3o n\u00ba 760\/25 &#8211; Primeira C\u00e2mara, publicado no dia 14 do mesmo m\u00eas, na&nbsp;<a href=\"https:\/\/www1.tce.pr.gov.br\/conteudo\/diario-eletronico-3424-2025-de-14-de-abril-de-2025\/362229\/area\/10\">edi\u00e7\u00e3o n\u00ba 3.424 do Di\u00e1rio Eletr\u00f4nico do TCE-PR<\/a>.<\/p><p><strong><u>Servi\u00e7o<\/u><\/strong><\/p><figure class=\"wp-block-table\"><table class=\"has-fixed-layout\"><tbody><tr><td><strong>Processo<\/strong>&nbsp;<strong>n\u00ba<\/strong>:<\/td><td>674288\/23<\/td><\/tr><tr><td><strong>Ac\u00f3rd\u00e3o n\u00ba:<\/strong><\/td><td>760\/25 &#8211; Primeira C\u00e2mara<\/td><\/tr><tr><td><strong>Assunto<\/strong>:<\/td><td>Tomada de Contas Extraordin\u00e1ria<\/td><\/tr><tr><td><strong>Entidade<\/strong>:<\/td><td>C\u00e2mara Municipal de Cantagalo<\/td><\/tr><tr><td><strong>Interessados:<\/strong><\/td><td>Ciro Jos\u00e9 Abreu, Estevam Damiani Junior, Jo\u00e3o Paulo Andreiv Contabilidade e Mateus Ruzicki<\/td><\/tr><tr><td><strong>Relator<\/strong>:<\/td><td>Conselheiro Jos\u00e9 Durval Mattos do Amaral<\/td><\/tr><\/tbody><\/table><\/figure><p><strong>Fonte:&nbsp;TCE\/PR<\/strong><\/p>\n    <div class=\"xs_social_share_widget xs_share_url after_content \t\tmain_content  wslu-style-1 wslu-share-box-shaped wslu-fill-colored wslu-none wslu-share-horizontal wslu-theme-font-no wslu-main_content\">\n\n\t\t\n        <ul>\n\t\t\t        <\/ul>\n    <\/div> \n","protected":false},"excerpt":{"rendered":"<p>A terceiriza\u00e7\u00e3o de servi\u00e7os de contabilidade por \u00f3rg\u00e3os p\u00fablicos somente \u00e9 poss\u00edvel quando estes servirem para suprir demanda de alta complexidade que exigir not\u00f3ria especializa\u00e7\u00e3o ou quando estes forem necess\u00e1rios para atender situa\u00e7\u00e3o de natureza excepcional, caso em que \u00e9 permitida a realiza\u00e7\u00e3o de contrata\u00e7\u00e3o tempor\u00e1ria e emergencial.<\/p>\n","protected":false},"author":5,"featured_media":0,"comment_status":"open","ping_status":"open","sticky":false,"template":"","format":"standard","meta":{"postBodyCss":"","postBodyMargin":[],"postBodyPadding":[],"postBodyBackground":{"backgroundType":"classic","gradient":""},"_price":"","_stock":"","_tribe_ticket_header":"","_tribe_default_ticket_provider":"","_tribe_ticket_capacity":"0","_ticket_start_date":"","_ticket_end_date":"","_tribe_ticket_show_description":"","_tribe_ticket_show_not_going":false,"_tribe_ticket_use_global_stock":"","_tribe_ticket_global_stock_level":"","_global_stock_mode":"","_global_stock_cap":"","_tribe_rsvp_for_event":"","_tribe_ticket_going_count":"","_tribe_ticket_not_going_count":"","_tribe_tickets_list":"[]","_tribe_ticket_has_attendee_info_fields":false,"footnotes":""},"categories":[46],"tags":[129,3981,8649,5292,9754,7058,9756,9755,2571,9757,9752,486,354,2134,9753,1586,3413],"class_list":["post-10961","post","type-post","status-publish","format-standard","hentry","category-noticias","tag-administracao-publica","tag-contabilidade","tag-contratacao-emergencial","tag-contratacao-temporaria","tag-demanda-de-alta-complexidade","tag-excecao","tag-natureza-excepcional","tag-notoria-especializacao","tag-orgaos-publicos","tag-prejulgado-no-6","tag-servicos-contabeis","tag-tce","tag-tce-pr","tag-terceirizacao","tag-terceirizacao-de-servicos","tag-tomada-de-contas-extraordinaria","tag-tribunal-de-contas-do-estado"],"acf":[],"_links":{"self":[{"href":"https:\/\/sgpsolucoes.com.br\/site\/wp-json\/wp\/v2\/posts\/10961"}],"collection":[{"href":"https:\/\/sgpsolucoes.com.br\/site\/wp-json\/wp\/v2\/posts"}],"about":[{"href":"https:\/\/sgpsolucoes.com.br\/site\/wp-json\/wp\/v2\/types\/post"}],"author":[{"embeddable":true,"href":"https:\/\/sgpsolucoes.com.br\/site\/wp-json\/wp\/v2\/users\/5"}],"replies":[{"embeddable":true,"href":"https:\/\/sgpsolucoes.com.br\/site\/wp-json\/wp\/v2\/comments?post=10961"}],"version-history":[{"count":0,"href":"https:\/\/sgpsolucoes.com.br\/site\/wp-json\/wp\/v2\/posts\/10961\/revisions"}],"wp:attachment":[{"href":"https:\/\/sgpsolucoes.com.br\/site\/wp-json\/wp\/v2\/media?parent=10961"}],"wp:term":[{"taxonomy":"category","embeddable":true,"href":"https:\/\/sgpsolucoes.com.br\/site\/wp-json\/wp\/v2\/categories?post=10961"},{"taxonomy":"post_tag","embeddable":true,"href":"https:\/\/sgpsolucoes.com.br\/site\/wp-json\/wp\/v2\/tags?post=10961"}],"curies":[{"name":"wp","href":"https:\/\/api.w.org\/{rel}","templated":true}]}}