{"id":11077,"date":"2025-05-12T14:01:53","date_gmt":"2025-05-12T17:01:53","guid":{"rendered":"https:\/\/sgpsolucoes.com.br\/site\/?p=11077"},"modified":"2025-05-12T15:14:03","modified_gmt":"2025-05-12T18:14:03","slug":"com-medidas-cautelares-tce-es-suspende-duas-licitacoes-do-der-es-para-contratacao-de-obras-em-rodovias-em-face-da-concessao-de-prazos-muito-curtos-e-irrazoaveis-para-analise-da-exequibilidade-d","status":"publish","type":"post","link":"https:\/\/sgpsolucoes.com.br\/site\/com-medidas-cautelares-tce-es-suspende-duas-licitacoes-do-der-es-para-contratacao-de-obras-em-rodovias-em-face-da-concessao-de-prazos-muito-curtos-e-irrazoaveis-para-analise-da-exequibilidade-d\/","title":{"rendered":"Com medidas cautelares, TCE-ES suspende duas licita\u00e7\u00f5es do DER-ES para contrata\u00e7\u00e3o de obras em rodovias, em face da concess\u00e3o de prazos muito curtos e irrazo\u00e1veis\u00a0para an\u00e1lise da exequibilidade da proposta"},"content":{"rendered":"<p>O Plen\u00e1rio do Tribunal de Contas do Estado do Esp\u00edrito Santo (TCE-ES) ratificou&nbsp;<mark>duas medidas cautelares<\/mark>&nbsp;que determinaram a&nbsp;<mark>suspens\u00e3o de editais de concorr\u00eancia eletr\u00f4nica<\/mark>&nbsp;realizados pelo&nbsp;<mark>Departamento de Estradas e Rodagem do Esp\u00edrito Santo (DER\/ES)<\/mark>&nbsp;para&nbsp;<mark>obras de pavimenta\u00e7\u00e3o de rodovias.<\/mark>&nbsp;As delibera\u00e7\u00f5es ocorreram na sess\u00e3o desta ter\u00e7a-feira (6).&nbsp;<\/p><p>Os conselheiros analisaram dois processos de&nbsp;<mark>representa\u00e7\u00e3o,<\/mark>&nbsp;nos quais verificaram que o DER-ES concedeu&nbsp;<mark>prazos muito curtos e irrazo\u00e1veis<\/mark>&nbsp;para que o licitante conseguisse apresentar suas justificativas quanto a&nbsp;<mark>exequibilidade da proposta.<\/mark>&nbsp;Entenderam, portanto, que foram necess\u00e1rias as medidas cautelares suspendendo as licita\u00e7\u00f5es para evitar les\u00e3o ao interesse p\u00fablico, assegurar a legalidade do certame e preservar o princ\u00edpio da sele\u00e7\u00e3o da proposta mais vantajosa, pilar da nova Lei de Licita\u00e7\u00f5es e Contratos.&nbsp;<\/p><p>Um dos processos analisou supostas irregularidades no Edital de Concorr\u00eancia Eletr\u00f4nica do DER-ES para a contrata\u00e7\u00e3o de empresa ou cons\u00f3rcio para elaborar o projeto b\u00e1sico e executivo de engenharia e a execu\u00e7\u00e3o da obra de&nbsp;<mark>pavimenta\u00e7\u00e3o da Rodovia ES-356,<\/mark>&nbsp;no trecho S\u00e3o Pedro (Maril\u00e2ndia) \u00e0 divisa de munic\u00edpio com Linhares (Sentido a S\u00e3o Rafael), com 7,24 km de extens\u00e3o.&nbsp;&nbsp;<\/p><p>Durante o processo licitat\u00f3rio, na etapa de julgamento de propostas, uma das empresas foi convocada para demonstrar a exequibilidade da sua proposta, e foi solicitada pela Comiss\u00e3o que realizasse uma complementa\u00e7\u00e3o. Para o cumprimento dessa dilig\u00eancia, o DER-ES concedeu prazo de 4 dias \u00fateis, prorrogado por mais um dia.&nbsp;&nbsp;<\/p><p>A empresa, que apresentou a representa\u00e7\u00e3o ao TCE-ES, alegou que foi concedido um prazo ex\u00edguo para a apresenta\u00e7\u00e3o da documenta\u00e7\u00e3o t\u00e9cnica exigida para a demonstra\u00e7\u00e3o da exequibilidade da proposta, e que trata-se de etapa decisiva do certame, que exige a formula\u00e7\u00e3o e a entrega de documentos complexos e com elevado grau de detalhamento t\u00e9cnico.&nbsp;<\/p><p>Na avalia\u00e7\u00e3o do relator, conselheiro&nbsp;<mark>Rodrigo Chamoun,<\/mark>&nbsp;o caso comporta uma an\u00e1lise \u00e0 luz dos princ\u00edpios da razoabilidade, proporcionalidade e da garantia do contradit\u00f3rio substancial.&nbsp;<\/p><p>\u201cEntendo que a razoabilidade do prazo n\u00e3o pode ser aferida exclusivamente a partir do valor da contrata\u00e7\u00e3o (aproximadamente R$ 30 milh\u00f5es), devendo considerar tamb\u00e9m a natureza da contrata\u00e7\u00e3o integrada, que envolve, cumulativamente, a elabora\u00e7\u00e3o de projeto b\u00e1sico, de projeto executivo e a execu\u00e7\u00e3o da obra\u201d, pontuou.&nbsp;<\/p><p>\u201cA demonstra\u00e7\u00e3o da exequibilidade \u00e9 uma fase essencial do certame e deve ser acompanhada de prazo razo\u00e1vel, proporcional \u00e0 complexidade do objeto e \u00e0 quantidade de informa\u00e7\u00f5es t\u00e9cnicas requeridas. O descumprimento dessa condi\u00e7\u00e3o impede o exerc\u00edcio efetivo do contradit\u00f3rio e macula o processo licitat\u00f3rio, justificando a concess\u00e3o da medida cautelar pleiteada\u201d, afirmou, votando, portanto, pela medida cautelar para suspender a concorr\u00eancia&nbsp;<\/p><h5 class=\"wp-block-heading\">Xuri&nbsp;<\/h5><p>De forma semelhante, o segundo processo tratou da concorr\u00eancia eletr\u00f4nica do DER-ES para contratar empresa ou cons\u00f3rcio especializado na execu\u00e7\u00e3o da obra de servi\u00e7os remanescentes para implanta\u00e7\u00e3o e pavimenta\u00e7\u00e3o da&nbsp;<mark>Rodovia ES-388,<\/mark>&nbsp;entr. ES-060 (Barra do Jucu) \u2013 Xuri \u2013 entr. BR-101 (Amarelos).&nbsp;<\/p><p>Segundo a empresa autora da representa\u00e7\u00e3o, a comiss\u00e3o de licita\u00e7\u00e3o questionou a comprova\u00e7\u00e3o do requisito relativo \u00e0 exequibilidade de sua proposta, e foi concedido um prazo para apresenta\u00e7\u00e3o de justificativas de apenas 1 dia \u00fatil, o que foi insuficiente. Em raz\u00e3o disso, a contrata\u00e7\u00e3o foi adjudicada \u00e0 outra empresa.&nbsp;<\/p><p>No processo, a \u00e1rea t\u00e9cnica do TCE-ES reconheceu que a concess\u00e3o de prazo para a comprova\u00e7\u00e3o da exequibilidade da proposta foi&nbsp;<mark>insuficiente,<\/mark>&nbsp;considerando especialmente o prazo de 1 dia \u00fatil e a alta complexidade do objeto licitado.&nbsp;<\/p><p>O relator do processo, conselheiro Davi Diniz, mencionou a necessidade de adotar medidas fiscalizat\u00f3rias, considerando o porte da presta\u00e7\u00e3o de servi\u00e7o, o n\u00edvel de complexidade e a necessidade de se averiguar se a conduta da administra\u00e7\u00e3o, ao impossibilitar que a proposta vencedora tivesse tempo h\u00e1bil para cumprir a exig\u00eancia, n\u00e3o causou preju\u00edzo ao er\u00e1rio.&nbsp;<\/p><p>Destacou-se tamb\u00e9m que o edital da Concorr\u00eancia Eletr\u00f4nica n\u00e3o estabeleceu, de forma clara e objetiva, os crit\u00e9rios que seriam adotados para an\u00e1lise da exequibilidade das propostas. Essa omiss\u00e3o compromete diretamente o princ\u00edpio do julgamento objetivo, consagrado na Lei n\u00ba 14.133\/2021, bem como infringe o princ\u00edpio da vincula\u00e7\u00e3o ao instrumento convocat\u00f3rio.&nbsp;<\/p><p>\u201cA comprova\u00e7\u00e3o da exequibilidade n\u00e3o se resume \u00e0 apresenta\u00e7\u00e3o de planilhas gen\u00e9ricas ou declara\u00e7\u00f5es formais, devendo, necessariamente, estar amparada em fatos reais e verific\u00e1veis, como notas fiscais de aquisi\u00e7\u00e3o de insumos, comprova\u00e7\u00e3o de estoque pr\u00e9vio, fabrica\u00e7\u00e3o pr\u00f3pria ou uso de equipamentos j\u00e1 dispon\u00edveis a custo reduzido. A aus\u00eancia de par\u00e2metros objetivos para guiar essa verifica\u00e7\u00e3o compromete n\u00e3o apenas a validade do julgamento, mas tamb\u00e9m a efic\u00e1cia do controle posterior, inclusive por este Tribunal\u201d.&nbsp;<\/p><p>O conselheiro votou, portanto, pela concess\u00e3o da medida cautelar, para suspender a concorr\u00eancia e qualquer contrata\u00e7\u00e3o dela decorrente, at\u00e9 que ocorra a an\u00e1lise final do processo. A medida foi ratificada pelo Plen\u00e1rio.&nbsp;&nbsp;<\/p><h5 class=\"wp-block-heading\">Entenda: medida cautelar&nbsp;&nbsp;<\/h5><p>Tem a finalidade de, emergencialmente, prevenir, conservar, proteger ou assegurar direitos, por haver fundado receio de grave ofensa ao interesse p\u00fablico ou de inefic\u00e1cia das decis\u00f5es do tribunal.&nbsp;&nbsp;&nbsp;<\/p><p>A medida cautelar poder\u00e1 ser concedida no in\u00edcio ou no decorrer do processo, podendo a decis\u00e3o ser revista a qualquer tempo por essa Corte de Contas.&nbsp; A cautelar n\u00e3o indica julgamento terminativo do m\u00e9rito, ou seja, n\u00e3o \u00e9 poss\u00edvel atribuir valor \u00e9tico e formal \u00e0 conduta do agente a partir desta decis\u00e3o.&nbsp;&nbsp;&nbsp;<\/p><p>A concess\u00e3o de medidas cautelares \u00e9 um instrumento jur\u00eddico de extrema relev\u00e2ncia, destinado a assegurar a efic\u00e1cia de decis\u00f5es futuras e a prevenir danos irrepar\u00e1veis. Tal medida \u00e9 aplicada de forma provisional a fim de garantir a prote\u00e7\u00e3o dos interesses p\u00fablicos e a interrup\u00e7\u00e3o de atos que possam ser considerados irregulares e ilegais, os quais possam impactar diretamente a continuidade dos servi\u00e7os p\u00fablicos ou a administra\u00e7\u00e3o eficiente dos recursos p\u00fablicos.&nbsp;<\/p><p><strong><a href=\"https:\/\/www.tcees.tc.br\/consultas\/processo\/detalhar-processo?numero=1927&amp;ano=2025&amp;key=b07d4f754d5d25ca4ebe7c80fe706e2b91557a6c7d8dfc4c97d9d5e85e37f2d36ec46be0f014d8d1ad03529ee3ec1884be2cb19896253036142ee56452e4afa3\" target=\"_blank\" rel=\"noreferrer noopener\">Processo TC 1927\/2025<\/a><\/strong>&nbsp;<\/p><p><strong><a href=\"https:\/\/www.tcees.tc.br\/consultas\/processo\/detalhar-processo?numero=1929&amp;ano=2025&amp;key=919cfe1f55d1aba211303a90a0ec07774be5116258e4b7c7763f1613ebc0e448bfb1e5c6a59b86a3b7159a570f57c93017185a0ce72bab42afce49aa0d1df121\" target=\"_blank\" rel=\"noreferrer noopener\">Processo TC 1929\/2025<\/a><\/strong>&nbsp;<\/p><p><strong>Fonte: TCE-ES<\/strong><\/p>\n    <div class=\"xs_social_share_widget xs_share_url after_content \t\tmain_content  wslu-style-1 wslu-share-box-shaped wslu-fill-colored wslu-none wslu-share-horizontal wslu-theme-font-no wslu-main_content\">\n\n\t\t\n        <ul>\n\t\t\t        <\/ul>\n    <\/div> \n","protected":false},"excerpt":{"rendered":"<p>O Plen\u00e1rio do Tribunal de Contas do Estado do Esp\u00edrito Santo (TCE-ES) ratificou\u00a0duas medidas cautelares\u00a0que determinaram a\u00a0suspens\u00e3o de editais de concorr\u00eancia eletr\u00f4nica\u00a0realizados pelo\u00a0Departamento de Estradas e Rodagem do Esp\u00edrito Santo (DER\/ES)\u00a0para\u00a0obras de pavimenta\u00e7\u00e3o de rodovias.\u00a0As delibera\u00e7\u00f5es ocorreram na sess\u00e3o desta ter\u00e7a-feira (6).\u00a0<\/p>\n","protected":false},"author":5,"featured_media":0,"comment_status":"open","ping_status":"open","sticky":false,"template":"","format":"standard","meta":{"postBodyCss":"","postBodyMargin":[],"postBodyPadding":[],"postBodyBackground":{"backgroundType":"classic","gradient":""},"_price":"","_stock":"","_tribe_ticket_header":"","_tribe_default_ticket_provider":"","_tribe_ticket_capacity":"0","_ticket_start_date":"","_ticket_end_date":"","_tribe_ticket_show_description":"","_tribe_ticket_show_not_going":false,"_tribe_ticket_use_global_stock":"","_tribe_ticket_global_stock_level":"","_global_stock_mode":"","_global_stock_cap":"","_tribe_rsvp_for_event":"","_tribe_ticket_going_count":"","_tribe_ticket_not_going_count":"","_tribe_tickets_list":"[]","_tribe_ticket_has_attendee_info_fields":false,"footnotes":""},"categories":[46],"tags":[781,4896,75,9880,9878,9885,1155,9886,9884,2298,9883,2595,218,9889,260,3947,172,9882,9888,351,9879,9881,9887,738,1621,3117,4702,4707],"class_list":["post-11077","post","type-post","status-publish","format-standard","hentry","category-noticias","tag-certame","tag-concorrencia-eletronica","tag-contratos","tag-departamento-de-estradas-e-rodagem-do-espirito-santo","tag-der-es","tag-der-es-2","tag-editais","tag-edital-de-concorrencia-eletronica","tag-exequibilidade","tag-interesse-publico-2","tag-justificativas","tag-legalidade","tag-lei-de-licitacoes","tag-lesao-ao-interesse-publico","tag-licitacoes-3","tag-medidas-cautelares","tag-obras","tag-obras-de-pavimentacao-de-rodovias","tag-pilar","tag-plenario","tag-prazos-irrazoaveis","tag-prazos-muito-curtos","tag-principio-da-selecao-da-proposta-mais-vantajosa","tag-proposta","tag-rodovias","tag-suspensao","tag-tce-es","tag-tribunal-de-contas-do-estado-do-espirito-santo"],"acf":[],"_links":{"self":[{"href":"https:\/\/sgpsolucoes.com.br\/site\/wp-json\/wp\/v2\/posts\/11077"}],"collection":[{"href":"https:\/\/sgpsolucoes.com.br\/site\/wp-json\/wp\/v2\/posts"}],"about":[{"href":"https:\/\/sgpsolucoes.com.br\/site\/wp-json\/wp\/v2\/types\/post"}],"author":[{"embeddable":true,"href":"https:\/\/sgpsolucoes.com.br\/site\/wp-json\/wp\/v2\/users\/5"}],"replies":[{"embeddable":true,"href":"https:\/\/sgpsolucoes.com.br\/site\/wp-json\/wp\/v2\/comments?post=11077"}],"version-history":[{"count":0,"href":"https:\/\/sgpsolucoes.com.br\/site\/wp-json\/wp\/v2\/posts\/11077\/revisions"}],"wp:attachment":[{"href":"https:\/\/sgpsolucoes.com.br\/site\/wp-json\/wp\/v2\/media?parent=11077"}],"wp:term":[{"taxonomy":"category","embeddable":true,"href":"https:\/\/sgpsolucoes.com.br\/site\/wp-json\/wp\/v2\/categories?post=11077"},{"taxonomy":"post_tag","embeddable":true,"href":"https:\/\/sgpsolucoes.com.br\/site\/wp-json\/wp\/v2\/tags?post=11077"}],"curies":[{"name":"wp","href":"https:\/\/api.w.org\/{rel}","templated":true}]}}