{"id":11115,"date":"2025-05-12T14:54:50","date_gmt":"2025-05-12T17:54:50","guid":{"rendered":"https:\/\/sgpsolucoes.com.br\/site\/?p=11115"},"modified":"2025-05-12T14:54:52","modified_gmt":"2025-05-12T17:54:52","slug":"trf1-concede-pensao-por-morte-a-dependente-de-trabalhador-falecido-admitindo-sentenca-trabalhista-como-prova-material","status":"publish","type":"post","link":"https:\/\/sgpsolucoes.com.br\/site\/trf1-concede-pensao-por-morte-a-dependente-de-trabalhador-falecido-admitindo-sentenca-trabalhista-como-prova-material\/","title":{"rendered":"TRF1 concede pens\u00e3o por morte a dependente de trabalhador falecido admitindo senten\u00e7a trabalhista como prova material"},"content":{"rendered":"<p>A 9\u00aa Turma do Tribunal Regional Federal da Primeira Regi\u00e3o (TRF1) negou a apela\u00e7\u00e3o do Instituto Nacional do Seguro Social (INSS) e manteve a decis\u00e3o que concedeu o benef\u00edcio de pens\u00e3o por morte a uma dependente de segurado falecido.<\/p><p>Para comprovar tanto a depend\u00eancia financeira quanto o v\u00ednculo empregat\u00edcio do falecido foram apresentados documentos como o Cadastro Nacional de Informa\u00e7\u00f5es Sociais (CNIS), a Carteira de Trabalho e Previd\u00eancia Social (CTPS), com as devidas anota\u00e7\u00f5es, e uma decis\u00e3o da Justi\u00e7a do Trabalho que havia reconhecido o v\u00ednculo do trabalhador com uma empresa.<\/p><p>Em seu recurso, o INSS alegou ser insuficiente a prova material para comprovar o v\u00ednculo empregat\u00edcio para fins previdenci\u00e1rios. A autarquia sustentou, ainda, que a \u00fanica contribui\u00e7\u00e3o do falecido foi registrada no m\u00eas do \u00f3bito e n\u00e3o bastava para estabelecer a condi\u00e7\u00e3o de segurado. Al\u00e9m disso, o INSS ressaltou que a decis\u00e3o da Justi\u00e7a do Trabalho, da qual n\u00e3o fez parte, n\u00e3o teria efeitos previdenci\u00e1rios autom\u00e1ticos.<\/p><p>No entendimento do relator do caso, desembargador federal Euler de Almeida, \u201co Superior Tribunal de Justi\u00e7a (STJ) preceitua que uma senten\u00e7a trabalhista pode ser aceita como in\u00edcio de prova material para a concess\u00e3o de benef\u00edcio previdenci\u00e1rio, mesmo que o INSS n\u00e3o tenha integrado a lide, desde que a decis\u00e3o se fundamente em elementos que demonstrem o per\u00edodo laborado e a fun\u00e7\u00e3o desempenhada pelo trabalhador\u201d.<\/p><p>No caso em quest\u00e3o, ressaltou o desembargador federal, o trabalhador falecido obteve, em a\u00e7\u00e3o trabalhista, o reconhecimento do v\u00ednculo empregat\u00edcio com a empresa empregadora no per\u00edodo que se encerrou com o \u00f3bito dele como trabalhador. Ficou consignado, na senten\u00e7a trabalhista, o v\u00ednculo e a fun\u00e7\u00e3o desempenhada, elementos essenciais para a configura\u00e7\u00e3o da qualidade de segurado para fins previdenci\u00e1rios, raz\u00e3o pela qual o Ju\u00edzo de origem, com fundamento nas provas apresentadas, reconheceu sua condi\u00e7\u00e3o de segurado e condenou o INSS ao pagamento da pens\u00e3o por morte \u00e0 parte autora.<\/p><p>Processo: 1030793-75.2021.4.01.9999<\/p><p>Data do julgamento: 18\/12\/2024<\/p><p><strong>Fonte: Tribunal Regional Federal da 1\u00aa Regi\u00e3o<\/strong><\/p>\n    <div class=\"xs_social_share_widget xs_share_url after_content \t\tmain_content  wslu-style-1 wslu-share-box-shaped wslu-fill-colored wslu-none wslu-share-horizontal wslu-theme-font-no wslu-main_content\">\n\n\t\t\n        <ul>\n\t\t\t        <\/ul>\n    <\/div> \n","protected":false},"excerpt":{"rendered":"<p>A 9\u00aa Turma do Tribunal Regional Federal da Primeira Regi\u00e3o (TRF1) negou a apela\u00e7\u00e3o do Instituto Nacional do Seguro Social (INSS) e manteve a decis\u00e3o que concedeu o benef\u00edcio de pens\u00e3o por morte a uma dependente de segurado falecido.<\/p>\n","protected":false},"author":5,"featured_media":0,"comment_status":"open","ping_status":"open","sticky":false,"template":"","format":"standard","meta":{"postBodyCss":"","postBodyMargin":[],"postBodyPadding":[],"postBodyBackground":{"backgroundType":"classic","gradient":""},"_price":"","_stock":"","_tribe_ticket_header":"","_tribe_default_ticket_provider":"","_tribe_ticket_capacity":"0","_ticket_start_date":"","_ticket_end_date":"","_tribe_ticket_show_description":"","_tribe_ticket_show_not_going":false,"_tribe_ticket_use_global_stock":"","_tribe_ticket_global_stock_level":"","_global_stock_mode":"","_global_stock_cap":"","_tribe_rsvp_for_event":"","_tribe_ticket_going_count":"","_tribe_ticket_not_going_count":"","_tribe_tickets_list":"[]","_tribe_ticket_has_attendee_info_fields":false,"footnotes":""},"categories":[46],"tags":[3858,9934,3467,2979,9935,9936,9937,9933,9931,6295,9932,2654,2784,6616,3971,3970,2653,9929,9928,9930,3463,3973,694],"class_list":["post-11115","post","type-post","status-publish","format-standard","hentry","category-noticias","tag-9a-turma","tag-anotacoes","tag-apelacao","tag-beneficio","tag-cadastro-nacional-de-informacoes-sociais","tag-carteira-de-trabalho-e-previdencia-social","tag-cnis","tag-ctps","tag-dependencia-financeira","tag-dependente","tag-falecido","tag-inss","tag-instituto-nacional-do-seguro-social","tag-justica-do-trabalho","tag-morte","tag-pensao","tag-pensao-por-morte","tag-prova-material","tag-sentenca-trabalhista","tag-trabalhador-falecido","tag-trf1","tag-tribunal-regional-federal-da-primeira-regiao","tag-vinculo-empregaticio"],"acf":[],"_links":{"self":[{"href":"https:\/\/sgpsolucoes.com.br\/site\/wp-json\/wp\/v2\/posts\/11115"}],"collection":[{"href":"https:\/\/sgpsolucoes.com.br\/site\/wp-json\/wp\/v2\/posts"}],"about":[{"href":"https:\/\/sgpsolucoes.com.br\/site\/wp-json\/wp\/v2\/types\/post"}],"author":[{"embeddable":true,"href":"https:\/\/sgpsolucoes.com.br\/site\/wp-json\/wp\/v2\/users\/5"}],"replies":[{"embeddable":true,"href":"https:\/\/sgpsolucoes.com.br\/site\/wp-json\/wp\/v2\/comments?post=11115"}],"version-history":[{"count":0,"href":"https:\/\/sgpsolucoes.com.br\/site\/wp-json\/wp\/v2\/posts\/11115\/revisions"}],"wp:attachment":[{"href":"https:\/\/sgpsolucoes.com.br\/site\/wp-json\/wp\/v2\/media?parent=11115"}],"wp:term":[{"taxonomy":"category","embeddable":true,"href":"https:\/\/sgpsolucoes.com.br\/site\/wp-json\/wp\/v2\/categories?post=11115"},{"taxonomy":"post_tag","embeddable":true,"href":"https:\/\/sgpsolucoes.com.br\/site\/wp-json\/wp\/v2\/tags?post=11115"}],"curies":[{"name":"wp","href":"https:\/\/api.w.org\/{rel}","templated":true}]}}