{"id":11118,"date":"2025-05-12T15:04:01","date_gmt":"2025-05-12T18:04:01","guid":{"rendered":"https:\/\/sgpsolucoes.com.br\/site\/?p=11118"},"modified":"2025-05-12T15:04:02","modified_gmt":"2025-05-12T18:04:02","slug":"mensagens-de-cunho-racista-vazadas-nao-geram-dever-de-indenizar","status":"publish","type":"post","link":"https:\/\/sgpsolucoes.com.br\/site\/mensagens-de-cunho-racista-vazadas-nao-geram-dever-de-indenizar\/","title":{"rendered":"Mensagens de cunho racista vazadas n\u00e3o geram dever de indenizar"},"content":{"rendered":"<p><em><strong>Liberdade de informa\u00e7\u00e3o prevalece ao direito \u00e0 privacidade.<\/strong><\/em><\/p><p>&nbsp;&nbsp;&nbsp;&nbsp;&nbsp;&nbsp;&nbsp;&nbsp;&nbsp;&nbsp;&nbsp; A 8\u00aa C\u00e2mara de Direito Privado do Tribunal de Justi\u00e7a de S\u00e3o Paulo manteve decis\u00e3o da 9\u00aa Vara C\u00edvel de Santos que negou pedido de indeniza\u00e7\u00e3o de homem que teve \u00e1udios de conte\u00fado racista divulgados sem autoriza\u00e7\u00e3o.&nbsp;<\/p><p>&nbsp;&nbsp;&nbsp;&nbsp;&nbsp;&nbsp;&nbsp;&nbsp;&nbsp;&nbsp;&nbsp; De acordo com os autos, o autor participava de grupo privado no WhatsApp em que enviou a mensagem em quest\u00e3o. Posteriormente, o conte\u00fado foi divulgado pelo requerido, sem autoriza\u00e7\u00e3o, em rede social, o que acarretou o afastamento do requerente do cargo de conselheiro de clube de futebol e a perda da posi\u00e7\u00e3o de secret\u00e1rio adjunto do turismo da cidade, al\u00e9m de ataques, ofensas e amea\u00e7as de torcedores.&nbsp;<\/p><p>&nbsp;&nbsp;&nbsp;&nbsp;&nbsp;&nbsp;&nbsp;&nbsp;&nbsp;&nbsp;&nbsp; Em seu voto, o relator do recurso, desembargador Pedro de Alc\u00e2ntara da Silva Leme Filho, apontou que, considerando as peculiaridades que envolvem a situa\u00e7\u00e3o, deve prevalecer a liberdade de informa\u00e7\u00e3o sobre o direito \u00e0 privacidade. \u201cA prote\u00e7\u00e3o constitucional da privacidade e do sigilo das comunica\u00e7\u00f5es n\u00e3o pode servir de escudo para acobertar pr\u00e1ticas il\u00edcitas, sobretudo aquelas de natureza discriminat\u00f3ria e tipificadas como crime pela legisla\u00e7\u00e3o brasileira\u201d, escreveu. \u201cN\u00e3o estamos diante de meras opini\u00f5es controversas ou express\u00f5es de car\u00e1ter \u00edntimo, mas de manifesta\u00e7\u00f5es reconhecidas judicialmente como criminosas, configurando racismo, pr\u00e1tica que viola frontalmente os princ\u00edpios da dignidade humana e da igualdade, fundamentos da Rep\u00fablica Federativa do Brasil\u201d, acrescentou.&nbsp;<\/p><p>&nbsp;&nbsp;&nbsp;&nbsp;&nbsp;&nbsp;&nbsp;&nbsp;&nbsp;&nbsp;&nbsp; Quanto aos danos alegados pelo apelante, como seu afastamento de cargos e as cr\u00edticas p\u00fablicas recebidas, o magistrado observou que decorrem primordialmente do conte\u00fado das declara\u00e7\u00f5es, e n\u00e3o da mera divulga\u00e7\u00e3o. \u201cA reprova\u00e7\u00e3o social a condutas discriminat\u00f3rias constitui consequ\u00eancia natural em uma sociedade que repudia o racismo. N\u00e3o seria razo\u00e1vel atribuir responsabilidade civil pela divulga\u00e7\u00e3o de fatos ver\u00eddicos e de interesse p\u00fablico, mesmo que estes gerem consequ\u00eancias negativas para seu autor\u201d, concluiu.<\/p><p>&nbsp;&nbsp;&nbsp;&nbsp;&nbsp;&nbsp;&nbsp;&nbsp;&nbsp;&nbsp;&nbsp; Completaram o julgamento, de vota\u00e7\u00e3o un\u00e2nime, os desembargadores Silv\u00e9rio da Silva e Theodureto Camargo.&nbsp;<\/p><p>&nbsp;&nbsp;&nbsp;&nbsp;&nbsp;&nbsp;&nbsp;&nbsp;&nbsp;&nbsp;&nbsp; Apela\u00e7\u00e3o n\u00ba&nbsp;<a href=\"https:\/\/esaj.tjsp.jus.br\/cposg\/search.do?conversationId=&amp;paginaConsulta=0&amp;cbPesquisa=NUMPROC&amp;numeroDigitoAnoUnificado=1000628-66.2022&amp;foroNumeroUnificado=0562&amp;dePesquisaNuUnificado=1000628-66.2022.8.26.0562&amp;dePesquisa=&amp;tipoNuProcesso=UNIFICADO\" target=\"_blank\" rel=\"noreferrer noopener\">1000628-66.2022.8.26.0562<\/a><\/p><p><strong>&nbsp;&nbsp;&nbsp;&nbsp;&nbsp;&nbsp;&nbsp;&nbsp;&nbsp;&nbsp;&nbsp; Fonte: TJSP<\/strong><\/p>\n    <div class=\"xs_social_share_widget xs_share_url after_content \t\tmain_content  wslu-style-1 wslu-share-box-shaped wslu-fill-colored wslu-none wslu-share-horizontal wslu-theme-font-no wslu-main_content\">\n\n\t\t\n        <ul>\n\t\t\t        <\/ul>\n    <\/div> \n","protected":false},"excerpt":{"rendered":"<p>\u00a0\u00a0\u00a0\u00a0\u00a0\u00a0\u00a0\u00a0\u00a0\u00a0\u00a0 A 8\u00aa C\u00e2mara de Direito Privado do Tribunal de Justi\u00e7a de S\u00e3o Paulo manteve decis\u00e3o da 9\u00aa Vara C\u00edvel de Santos que negou pedido de indeniza\u00e7\u00e3o de homem que teve \u00e1udios de conte\u00fado racista divulgados sem autoriza\u00e7\u00e3o.\u00a0<\/p>\n","protected":false},"author":5,"featured_media":0,"comment_status":"open","ping_status":"open","sticky":false,"template":"","format":"standard","meta":{"postBodyCss":"","postBodyMargin":[],"postBodyPadding":[],"postBodyBackground":{"backgroundType":"classic","gradient":""},"_price":"","_stock":"","_tribe_ticket_header":"","_tribe_default_ticket_provider":"","_tribe_ticket_capacity":"0","_ticket_start_date":"","_ticket_end_date":"","_tribe_ticket_show_description":"","_tribe_ticket_show_not_going":false,"_tribe_ticket_use_global_stock":"","_tribe_ticket_global_stock_level":"","_global_stock_mode":"","_global_stock_cap":"","_tribe_rsvp_for_event":"","_tribe_ticket_going_count":"","_tribe_ticket_not_going_count":"","_tribe_tickets_list":"[]","_tribe_ticket_has_attendee_info_fields":false,"footnotes":""},"categories":[46],"tags":[9942,9945,9947,9946,9943,1035,9952,9940,2305,9939,9951,200,9944,9938,9950,1640,9948,9953,9954,9949,2248,9941,6413],"class_list":["post-11118","post","type-post","status-publish","format-standard","hentry","category-noticias","tag-8a-camara-de-direito-privado","tag-9a-vara-civel-de-santos","tag-ameacas","tag-ataques","tag-audios","tag-cargo","tag-conselheiro-de-clube-de-futebol","tag-conteudo-racista","tag-dever-de-indenizar","tag-direito-a-privacidade","tag-grupo-privado","tag-indenizacao","tag-liberdade-de-informacao","tag-mensagens-de-cunho-racista","tag-ofensas","tag-privacidade","tag-rede-social","tag-secretario-adjunto-do-turismo","tag-sem-autorizacao","tag-torcedores","tag-tribunal-de-justica-de-sao-paulo","tag-vazadas","tag-whatsapp"],"acf":[],"_links":{"self":[{"href":"https:\/\/sgpsolucoes.com.br\/site\/wp-json\/wp\/v2\/posts\/11118"}],"collection":[{"href":"https:\/\/sgpsolucoes.com.br\/site\/wp-json\/wp\/v2\/posts"}],"about":[{"href":"https:\/\/sgpsolucoes.com.br\/site\/wp-json\/wp\/v2\/types\/post"}],"author":[{"embeddable":true,"href":"https:\/\/sgpsolucoes.com.br\/site\/wp-json\/wp\/v2\/users\/5"}],"replies":[{"embeddable":true,"href":"https:\/\/sgpsolucoes.com.br\/site\/wp-json\/wp\/v2\/comments?post=11118"}],"version-history":[{"count":0,"href":"https:\/\/sgpsolucoes.com.br\/site\/wp-json\/wp\/v2\/posts\/11118\/revisions"}],"wp:attachment":[{"href":"https:\/\/sgpsolucoes.com.br\/site\/wp-json\/wp\/v2\/media?parent=11118"}],"wp:term":[{"taxonomy":"category","embeddable":true,"href":"https:\/\/sgpsolucoes.com.br\/site\/wp-json\/wp\/v2\/categories?post=11118"},{"taxonomy":"post_tag","embeddable":true,"href":"https:\/\/sgpsolucoes.com.br\/site\/wp-json\/wp\/v2\/tags?post=11118"}],"curies":[{"name":"wp","href":"https:\/\/api.w.org\/{rel}","templated":true}]}}