{"id":11121,"date":"2025-05-12T15:07:51","date_gmt":"2025-05-12T18:07:51","guid":{"rendered":"https:\/\/sgpsolucoes.com.br\/site\/?p=11121"},"modified":"2025-05-12T15:07:52","modified_gmt":"2025-05-12T18:07:52","slug":"municipio-que-interrompeu-beneficios-de-transporte-a-pessoa-com-deficiencia-devera-indeniza-la","status":"publish","type":"post","link":"https:\/\/sgpsolucoes.com.br\/site\/municipio-que-interrompeu-beneficios-de-transporte-a-pessoa-com-deficiencia-devera-indeniza-la\/","title":{"rendered":"Munic\u00edpio que interrompeu benef\u00edcios de transporte a pessoa com defici\u00eancia dever\u00e1 indeniz\u00e1-la"},"content":{"rendered":"<p><em><strong>Negativa dos servi\u00e7os ocasionou danos m\u00e9dicos ao apelante.<\/strong><\/em><\/p><p>&nbsp;&nbsp;&nbsp;&nbsp;&nbsp;&nbsp;&nbsp;&nbsp;&nbsp;&nbsp;&nbsp; A 2\u00aa C\u00e2mara de Direito P\u00fablico do Tribunal de Justi\u00e7a de S\u00e3o Paulo condenou o Munic\u00edpio de Ribeir\u00e3o Preto a indenizar pessoa com paralisia cerebral e sua m\u00e3e ap\u00f3s interromper benef\u00edcios de transporte para consultas e tratamentos. A repara\u00e7\u00e3o, por danos morais, foi fixada em R$ 2,5 mil a cada um.<\/p><p>&nbsp;&nbsp;&nbsp;&nbsp;&nbsp;&nbsp;&nbsp;&nbsp;&nbsp;&nbsp;&nbsp; Segundo a decis\u00e3o, m\u00e3e e filho utilizavam transporte p\u00fablico gratuito e ve\u00edculo adaptado para locomo\u00e7\u00e3o \u00e0s consultas, mas o munic\u00edpio interrompeu o uso cumulativo dos benef\u00edcios a partir de 2019. Os servi\u00e7os chegaram a ser restabelecidos ap\u00f3s a\u00e7\u00e3o judicial, mas o ente p\u00fablico voltou a recusar a disponibiliza\u00e7\u00e3o concomitante das vans adaptadas. Em raz\u00e3o das pausas, os apelantes alegaram ter havido perda do progresso nos tratamentos, ocasionando atrofias musculares e deformidades.<\/p><p>&nbsp;&nbsp;&nbsp;&nbsp;&nbsp;&nbsp;&nbsp;&nbsp;&nbsp;&nbsp;&nbsp; O relator do recurso, desembargador Renato Delbianco, considerou que a imposi\u00e7\u00e3o pela escolha de um ou outro benef\u00edcio limitou o direito de locomo\u00e7\u00e3o do autor. \u201cA presta\u00e7\u00e3o do servi\u00e7o foi deficit\u00e1ria e incompat\u00edvel com as diretrizes estabelecidas para assegurar o bem-estar das pessoas com defici\u00eancia\u201d, registrou.&nbsp;<\/p><p>&nbsp;&nbsp;&nbsp;&nbsp;&nbsp;&nbsp;&nbsp;&nbsp;&nbsp;&nbsp;&nbsp; Em rela\u00e7\u00e3o \u00e0 indeniza\u00e7\u00e3o, o magistrado salientou que n\u00e3o pode ser considerado mero aborrecimento ou situa\u00e7\u00e3o cotidiana os percal\u00e7os enfrentados pelos requerentes. \u201cO direito foi violado, valendo lembrar que, na hip\u00f3tese, o dano moral \u00e9 inerente \u00e0 pr\u00f3pria ofensa, de modo que a sua percep\u00e7\u00e3o decorre do senso comum, resultando da\u00ed ser prescind\u00edvel a prova do sofrimento da v\u00edtima.\u201d<\/p><p>&nbsp;&nbsp;&nbsp;&nbsp;&nbsp;&nbsp;&nbsp;&nbsp;&nbsp;&nbsp;&nbsp; Completaram o julgamento, de vota\u00e7\u00e3o un\u00e2nime, os desembargadores Marcelo Berthe e Luciana Bresciani.&nbsp;<\/p><p>&nbsp;&nbsp;&nbsp;&nbsp;&nbsp;&nbsp;&nbsp;&nbsp;&nbsp;&nbsp;&nbsp; Apela\u00e7\u00e3o n\u00ba&nbsp;<a href=\"https:\/\/esaj.tjsp.jus.br\/cposg\/search.do?conversationId=&amp;paginaConsulta=0&amp;cbPesquisa=NUMPROC&amp;numeroDigitoAnoUnificado=1049397-79.2022&amp;foroNumeroUnificado=0506&amp;dePesquisaNuUnificado=1049397-79.2022.8.26.0506&amp;dePesquisaNuUnificado=UNIFICADO&amp;dePesquisa=&amp;tipoNuProcesso=UNIFICADO\" target=\"_blank\" rel=\"noreferrer noopener\">1049397-79.2022.8.26.0506<\/a><\/p><p><strong>Fonte: TJSP<\/strong><\/p>\n    <div class=\"xs_social_share_widget xs_share_url after_content \t\tmain_content  wslu-style-1 wslu-share-box-shaped wslu-fill-colored wslu-none wslu-share-horizontal wslu-theme-font-no wslu-main_content\">\n\n\t\t\n        <ul>\n\t\t\t        <\/ul>\n    <\/div> \n","protected":false},"excerpt":{"rendered":"<p>\u00a0\u00a0\u00a0\u00a0\u00a0\u00a0\u00a0\u00a0\u00a0\u00a0\u00a0 A 2\u00aa C\u00e2mara de Direito P\u00fablico do Tribunal de Justi\u00e7a de S\u00e3o Paulo condenou o Munic\u00edpio de Ribeir\u00e3o Preto a indenizar pessoa com paralisia cerebral e sua m\u00e3e ap\u00f3s interromper benef\u00edcios de transporte para consultas e tratamentos. A repara\u00e7\u00e3o, por danos morais, foi fixada em R$ 2,5 mil a cada um.<\/p>\n","protected":false},"author":5,"featured_media":0,"comment_status":"open","ping_status":"open","sticky":false,"template":"","format":"standard","meta":{"postBodyCss":"","postBodyMargin":[],"postBodyPadding":[],"postBodyBackground":{"backgroundType":"classic","gradient":""},"_price":"","_stock":"","_tribe_ticket_header":"","_tribe_default_ticket_provider":"","_tribe_ticket_capacity":"0","_ticket_start_date":"","_ticket_end_date":"","_tribe_ticket_show_description":"","_tribe_ticket_show_not_going":false,"_tribe_ticket_use_global_stock":"","_tribe_ticket_global_stock_level":"","_global_stock_mode":"","_global_stock_cap":"","_tribe_rsvp_for_event":"","_tribe_ticket_going_count":"","_tribe_ticket_not_going_count":"","_tribe_tickets_list":"[]","_tribe_ticket_has_attendee_info_fields":false,"footnotes":""},"categories":[46],"tags":[9959,9958,2822,9960,8099,9956,3798,200,5330,460,9957,9955,2241,9961,5565,500,1097,5684,2248],"class_list":["post-11121","post","type-post","status-publish","format-standard","hentry","category-noticias","tag-2a-camara-de-direito-publico","tag-apelante","tag-beneficios","tag-beneficios-de-transporte","tag-consultas","tag-danos-medicos","tag-danos-morais","tag-indenizacao","tag-mae","tag-municipio-2","tag-municipio-de-ribeirao-preto","tag-negativa","tag-pessoa-com-deficiencia","tag-pessoa-com-paralisia-cerebral","tag-reparacao","tag-servicos-2","tag-transporte","tag-tratamentos","tag-tribunal-de-justica-de-sao-paulo"],"acf":[],"_links":{"self":[{"href":"https:\/\/sgpsolucoes.com.br\/site\/wp-json\/wp\/v2\/posts\/11121"}],"collection":[{"href":"https:\/\/sgpsolucoes.com.br\/site\/wp-json\/wp\/v2\/posts"}],"about":[{"href":"https:\/\/sgpsolucoes.com.br\/site\/wp-json\/wp\/v2\/types\/post"}],"author":[{"embeddable":true,"href":"https:\/\/sgpsolucoes.com.br\/site\/wp-json\/wp\/v2\/users\/5"}],"replies":[{"embeddable":true,"href":"https:\/\/sgpsolucoes.com.br\/site\/wp-json\/wp\/v2\/comments?post=11121"}],"version-history":[{"count":0,"href":"https:\/\/sgpsolucoes.com.br\/site\/wp-json\/wp\/v2\/posts\/11121\/revisions"}],"wp:attachment":[{"href":"https:\/\/sgpsolucoes.com.br\/site\/wp-json\/wp\/v2\/media?parent=11121"}],"wp:term":[{"taxonomy":"category","embeddable":true,"href":"https:\/\/sgpsolucoes.com.br\/site\/wp-json\/wp\/v2\/categories?post=11121"},{"taxonomy":"post_tag","embeddable":true,"href":"https:\/\/sgpsolucoes.com.br\/site\/wp-json\/wp\/v2\/tags?post=11121"}],"curies":[{"name":"wp","href":"https:\/\/api.w.org\/{rel}","templated":true}]}}