{"id":11130,"date":"2025-05-13T14:20:14","date_gmt":"2025-05-13T17:20:14","guid":{"rendered":"https:\/\/sgpsolucoes.com.br\/site\/?p=11130"},"modified":"2025-05-13T14:20:15","modified_gmt":"2025-05-13T17:20:15","slug":"isencao-de-ipi-para-pessoa-com-deficiencia-nao-depende-de-restricao-na-cnh-decide-segunda-turma-do-stj","status":"publish","type":"post","link":"https:\/\/sgpsolucoes.com.br\/site\/isencao-de-ipi-para-pessoa-com-deficiencia-nao-depende-de-restricao-na-cnh-decide-segunda-turma-do-stj\/","title":{"rendered":"Isen\u00e7\u00e3o de IPI para pessoa com defici\u00eancia n\u00e3o depende de restri\u00e7\u00e3o na CNH, decide Segunda Turma do STJ"},"content":{"rendered":"<p>\u200bA Segunda Turma do Superior Tribunal de Justi\u00e7a (STJ) decidiu, por unanimidade, que a Lei 8.989\/1995 n\u00e3o exige o registro de restri\u00e7\u00f5es na Carteira Nacional de Habilita\u00e7\u00e3o (CNH) para que a pessoa com defici\u00eancia tenha direito \u00e0 isen\u00e7\u00e3o do Imposto sobre Produtos Industrializados (IPI) na compra de carro. Para o colegiado, a interpreta\u00e7\u00e3o da norma deve priorizar sua finalidade social de promover a inclus\u00e3o desse grupo de pessoas.<\/p><p>Um homem com vis\u00e3o monocular impetrou&nbsp;mandado de seguran\u00e7a&nbsp;para obter o benef\u00edcio fiscal na compra de um ve\u00edculo novo, alegando que a exig\u00eancia de CNH com restri\u00e7\u00f5es espec\u00edficas n\u00e3o tem respaldo legal. Tamb\u00e9m impugnou o entendimento da Receita Federal de que pessoas com vis\u00e3o monocular n\u00e3o teriam direito \u00e0 isen\u00e7\u00e3o, j\u00e1 que a&nbsp;<a href=\"https:\/\/www.planalto.gov.br\/ccivil_03\/_ato2019-2022\/2021\/lei\/L14126.htm\">Lei 14.126\/2021<\/a>&nbsp;reconhece essa condi\u00e7\u00e3o como defici\u00eancia para todos os efeitos legais.<\/p><p>A pretens\u00e3o, no entanto, foi rejeitada em primeiro grau, decis\u00e3o mantida pelo Tribunal Regional Federal da 4\u00aa Regi\u00e3o (TRF4).<\/p><p>Ao recorrer ao STJ, a parte sustentou que a exig\u00eancia imposta pelo TRF4 amplia indevidamente os requisitos legais e viola o princ\u00edpio da legalidade estrita aplic\u00e1vel \u00e0s hip\u00f3teses de isen\u00e7\u00e3o tribut\u00e1ria.<\/p><h2 class=\"wp-block-heading\">N\u00e3o pode haver exig\u00eancias n\u00e3o previstas expressamente em lei<\/h2><p>O relator do recurso, ministro Afr\u00e2nio Vilela, lembrou que o&nbsp;<a href=\"https:\/\/www.planalto.gov.br\/ccivil_03\/leis\/l8989.htm\">artigo 1\u00ba, inciso IV, da Lei 8.989\/1995<\/a>&nbsp;garante a isen\u00e7\u00e3o do IPI na compra de ve\u00edculos por pessoas com defici\u00eancia \u2013 f\u00edsica, visual, auditiva ou mental, severa ou profunda \u2013, bem como por pessoas com transtorno do espectro autista. Segundo o ministro, a norma \u00e9 clara ao delimitar de forma objetiva quem tem direito ao benef\u00edcio, sem exigir que a CNH contenha restri\u00e7\u00f5es ou que o ve\u00edculo adquirido seja adaptado.<\/p><p>Afr\u00e2nio Vilela ressaltou que a atua\u00e7\u00e3o da administra\u00e7\u00e3o tribut\u00e1ria deve se pautar pelo princ\u00edpio da legalidade, o que impede a imposi\u00e7\u00e3o de exig\u00eancias n\u00e3o previstas expressamente em lei. Por isso, afirmou que a an\u00e1lise do direito \u00e0 isen\u00e7\u00e3o deve se restringir aos crit\u00e9rios estabelecidos na pr\u00f3pria Lei 8.989\/1995, sendo indevida qualquer amplia\u00e7\u00e3o interpretativa, como condicionar o benef\u00edcio \u00e0 exist\u00eancia de restri\u00e7\u00f5es na CNH ou \u00e0 adapta\u00e7\u00e3o do ve\u00edculo.<\/p><p>No caso em an\u00e1lise, o ministro observou que o TRF4 negou a isen\u00e7\u00e3o com base no fato de o contribuinte possuir CNH sem restri\u00e7\u00f5es, interpretando isso como indicativo de aus\u00eancia de defici\u00eancia severa ou profunda. No entanto, o relator rejeitou esse entendimento, por considerar que cria uma exig\u00eancia n\u00e3o prevista na legisla\u00e7\u00e3o e desvirtua o prop\u00f3sito da norma, que exige apenas a comprova\u00e7\u00e3o da defici\u00eancia para a concess\u00e3o do benef\u00edcio fiscal.<\/p><h2 class=\"wp-block-heading\">Lei retirou exig\u00eancias de acuidade visual m\u00ednima ou campo visual reduzido<\/h2><p>O ministro tamb\u00e9m apontou que o TRF4 negou o pedido com fundamento no princ\u00edpio da especialidade, ao interpretar que a Lei 14.126\/2021 \u2013 embora reconhe\u00e7a a vis\u00e3o monocular como defici\u00eancia &#8220;para todos os efeitos legais&#8221; \u2013 n\u00e3o teria alterado de forma expressa os crit\u00e9rios estabelecidos na Lei 8.989\/1995 para a concess\u00e3o da isen\u00e7\u00e3o de IPI. No entanto, Afr\u00e2nio Vilela afastou esse entendimento, afirmando que a revoga\u00e7\u00e3o expressa do par\u00e1grafo 2\u00ba do artigo 1\u00ba pela Lei 14.287\/2021 retirou do ordenamento jur\u00eddico as exig\u00eancias de acuidade visual m\u00ednima ou de campo visual reduzido, n\u00e3o havendo mais fundamento legal para restringir o direito \u00e0 isen\u00e7\u00e3o com base nesses crit\u00e9rios.<\/p><p>&#8220;Com a comprova\u00e7\u00e3o da vis\u00e3o monocular do recorrente, entendo estar devidamente demonstrada a condi\u00e7\u00e3o de pessoa com defici\u00eancia visual, necess\u00e1ria para a concess\u00e3o do benef\u00edcio&#8221;, concluiu ao dar&nbsp;provimento&nbsp;ao recurso.<\/p><p><a href=\"https:\/\/processo.stj.jus.br\/processo\/julgamento\/eletronico\/documento\/mediado\/?documento_tipo=integra&amp;documento_sequencial=309080593&amp;registro_numero=202404528245&amp;peticao_numero=&amp;publicacao_data=20250428&amp;formato=PDF\">Leia o ac\u00f3rd\u00e3o no REsp 2.185.814<\/a>.<\/p><p><strong>Esta not\u00edcia refere-se ao(s)&nbsp;<\/strong><strong>processo(s):<\/strong><strong> <\/strong><strong><a href=\"https:\/\/ww2.stj.jus.br\/processo\/pesquisa\/?aplicacao=processos.ea&amp;tipoPesquisa=tipoPesquisaGenerica&amp;termo=REsp%202185814\">REsp 2185814<\/a><\/strong><strong><\/strong><\/p><p><strong>Fonte: STJ<\/strong><\/p>\n    <div class=\"xs_social_share_widget xs_share_url after_content \t\tmain_content  wslu-style-1 wslu-share-box-shaped wslu-fill-colored wslu-none wslu-share-horizontal wslu-theme-font-no wslu-main_content\">\n\n\t\t\n        <ul>\n\t\t\t        <\/ul>\n    <\/div> \n","protected":false},"excerpt":{"rendered":"<p>\u200bA Segunda Turma do Superior Tribunal de Justi\u00e7a (STJ) decidiu, por unanimidade, que a Lei 8.989\/1995 n\u00e3o exige o registro de restri\u00e7\u00f5es na Carteira Nacional de Habilita\u00e7\u00e3o (CNH) para que a pessoa com defici\u00eancia tenha direito \u00e0 isen\u00e7\u00e3o do Imposto sobre Produtos Industrializados (IPI) na compra de carro. Para o colegiado, a interpreta\u00e7\u00e3o da norma deve priorizar sua finalidade social de promover a inclus\u00e3o desse grupo de pessoas.<\/p>\n","protected":false},"author":5,"featured_media":0,"comment_status":"open","ping_status":"open","sticky":false,"template":"","format":"standard","meta":{"postBodyCss":"","postBodyMargin":[],"postBodyPadding":[],"postBodyBackground":{"backgroundType":"classic","gradient":""},"_price":"","_stock":"","_tribe_ticket_header":"","_tribe_default_ticket_provider":"","_tribe_ticket_capacity":"0","_ticket_start_date":"","_ticket_end_date":"","_tribe_ticket_show_description":"","_tribe_ticket_show_not_going":false,"_tribe_ticket_use_global_stock":"","_tribe_ticket_global_stock_level":"","_global_stock_mode":"","_global_stock_cap":"","_tribe_rsvp_for_event":"","_tribe_ticket_going_count":"","_tribe_ticket_not_going_count":"","_tribe_tickets_list":"[]","_tribe_ticket_has_attendee_info_fields":false,"footnotes":""},"categories":[46],"tags":[9977,4642,1773,9978,1348,5920,9976,4530,4240,551,9974,2241,1249,9975,1775,1567,229,230,1043],"class_list":["post-11130","post","type-post","status-publish","format-standard","hentry","category-noticias","tag-carro","tag-carteira-nacional-de-habilitacao","tag-cnh","tag-compra-de-carro","tag-deficiencia","tag-direito-a-isencao","tag-finalidade-social","tag-imposto-sobre-produtos-industrializados","tag-ipi","tag-isencao","tag-lei-8-989-1995","tag-pessoa-com-deficiencia","tag-registro","tag-restricao-na-cnh","tag-restricoes","tag-segunda-turma","tag-stj","tag-superior-tribunal-de-justica","tag-unanimidade"],"acf":[],"_links":{"self":[{"href":"https:\/\/sgpsolucoes.com.br\/site\/wp-json\/wp\/v2\/posts\/11130"}],"collection":[{"href":"https:\/\/sgpsolucoes.com.br\/site\/wp-json\/wp\/v2\/posts"}],"about":[{"href":"https:\/\/sgpsolucoes.com.br\/site\/wp-json\/wp\/v2\/types\/post"}],"author":[{"embeddable":true,"href":"https:\/\/sgpsolucoes.com.br\/site\/wp-json\/wp\/v2\/users\/5"}],"replies":[{"embeddable":true,"href":"https:\/\/sgpsolucoes.com.br\/site\/wp-json\/wp\/v2\/comments?post=11130"}],"version-history":[{"count":0,"href":"https:\/\/sgpsolucoes.com.br\/site\/wp-json\/wp\/v2\/posts\/11130\/revisions"}],"wp:attachment":[{"href":"https:\/\/sgpsolucoes.com.br\/site\/wp-json\/wp\/v2\/media?parent=11130"}],"wp:term":[{"taxonomy":"category","embeddable":true,"href":"https:\/\/sgpsolucoes.com.br\/site\/wp-json\/wp\/v2\/categories?post=11130"},{"taxonomy":"post_tag","embeddable":true,"href":"https:\/\/sgpsolucoes.com.br\/site\/wp-json\/wp\/v2\/tags?post=11130"}],"curies":[{"name":"wp","href":"https:\/\/api.w.org\/{rel}","templated":true}]}}