{"id":11158,"date":"2025-05-13T16:31:58","date_gmt":"2025-05-13T19:31:58","guid":{"rendered":"https:\/\/sgpsolucoes.com.br\/site\/?p=11158"},"modified":"2025-05-13T16:31:59","modified_gmt":"2025-05-13T19:31:59","slug":"justica-federal-estipula-prazo-para-a-uniao-implementar-nova-tecnologia-de-saude-incorporada-ao-sus","status":"publish","type":"post","link":"https:\/\/sgpsolucoes.com.br\/site\/justica-federal-estipula-prazo-para-a-uniao-implementar-nova-tecnologia-de-saude-incorporada-ao-sus\/","title":{"rendered":"Justi\u00e7a Federal estipula prazo para a Uni\u00e3o implementar nova tecnologia de sa\u00fade incorporada ao SUS"},"content":{"rendered":"<p>A Uni\u00e3o foi condenada, em A\u00e7\u00e3o Civil P\u00fablica, a proceder com a implementa\u00e7\u00e3o de uma nova tecnologia ao Sistema \u00danico de Sa\u00fade (SUS). A senten\u00e7a, publicada no dia 09\/05, \u00e9 do juiz Adriano Copetti, do 2\u00ba N\u00facleo de Justi\u00e7a 4.0, especializado em quest\u00f5es ligadas \u00e0 sa\u00fade.<\/p><p>O Minist\u00e9rio P\u00fablico Federal (MPF), autor da a\u00e7\u00e3o, relatou que o exame RT-PCR \u201cpara identifica\u00e7\u00e3o de muta\u00e7\u00e3o do receptor do fator de crescimento epid\u00e9rmico (EGFR) em pacientes com c\u00e2ncer de pulm\u00e3o de c\u00e9lulas n\u00e3o pequenas\u201d seria fundamental para a disponibiliza\u00e7\u00e3o do medicamento osimertinibe 80 mg, destinado ao tratamento de neoplasias de pulm\u00e3o. Trata-se de tecnologia que j\u00e1 havia sido recomendada pelo Comit\u00ea de Procedimentos e Produtos do Minist\u00e9rio da Sa\u00fade (MS) e acatada pelo Secret\u00e1rio de Ci\u00eancia, Tecnologia e Inova\u00e7\u00e3o e do Complexo Econ\u00f4mico-Industrial da Sa\u00fade &#8211; SECTICS\/MS.&nbsp;<\/p><p>O MPF argumentou que o referido exame foi incorporado ao SUS, com a cria\u00e7\u00e3o do novo procedimento e inclus\u00e3o na \u201cTabela SUS\u201d, n\u00e3o sendo, contudo, efetivamente disponibilizado aos usu\u00e1rios do servi\u00e7o.&nbsp;<\/p><p>A Uni\u00e3o alegou, em sua defesa, que faltam recursos or\u00e7ament\u00e1rios para que o teste seja amplamente disponibilizado.<\/p><p>No relat\u00f3rio, Copetti ponderou acerca do direito \u00e0 sa\u00fade, que est\u00e1 previsto na Constitui\u00e7\u00e3o Federal, sendo \u201cdireito de todos e dever do Estado\u201d, sujeito, por\u00e9m, \u00e0 limita\u00e7\u00e3o dos recursos financeiros p\u00fablicos.<\/p><p>No m\u00e9rito, o juiz citou o Decreto 7.646\/2011, que prev\u00ea o prazo de at\u00e9 180 dias para que uma tecnologia seja ofertada, a contar da publica\u00e7\u00e3o da decis\u00e3o de incorpora\u00e7\u00e3o, que ocorreu em mar\u00e7o de 2024.&nbsp; \u201c(&#8230;) \u00c0 medida em que a autoridade p\u00fablica realiza estudo com extensa an\u00e1lise sobre o impacto financeiro da incorpora\u00e7\u00e3o da pol\u00edtica p\u00fablica, conforme se verifica do relat\u00f3rio de recomenda\u00e7\u00e3o juntado aos autos (..) e, ap\u00f3s isso, promove a incorpora\u00e7\u00e3o do procedimento, \u00e9 de se presumir que tenham sido, tamb\u00e9m, analisadas e ponderadas as medidas financeiras necess\u00e1rias para a efetiva\u00e7\u00e3o da decis\u00e3o, n\u00e3o se mostrando razo\u00e1vel que se aguarde indefinidamente a exist\u00eancia de recursos financeiros para a implementa\u00e7\u00e3o de pol\u00edtica de sa\u00fade j\u00e1 incorporada ao sistema e sobre a qual o pr\u00f3prio Poder Executivo previu o prazo m\u00e1ximo de 180 dias para a efetiva\u00e7\u00e3o\u201d, entendeu o magistrado.<\/p><p>Foi estipulado o prazo de 60 dias para que a Uni\u00e3o disponibilize o exame na rede de atendimento do SUS.<\/p><p>Cabe recurso para o Tribunal Regional Federal da 4\u00aa Regi\u00e3o.<\/p><p><strong>Fonte: TRF4<\/strong><\/p>\n    <div class=\"xs_social_share_widget xs_share_url after_content \t\tmain_content  wslu-style-1 wslu-share-box-shaped wslu-fill-colored wslu-none wslu-share-horizontal wslu-theme-font-no wslu-main_content\">\n\n\t\t\n        <ul>\n\t\t\t        <\/ul>\n    <\/div> \n","protected":false},"excerpt":{"rendered":"<p>A Uni\u00e3o foi condenada, em A\u00e7\u00e3o Civil P\u00fablica, a proceder com a implementa\u00e7\u00e3o de uma nova tecnologia ao Sistema \u00danico de Sa\u00fade (SUS). A senten\u00e7a, publicada no dia 09\/05, \u00e9 do juiz Adriano Copetti, do 2\u00ba N\u00facleo de Justi\u00e7a 4.0, especializado em quest\u00f5es ligadas \u00e0 sa\u00fade.<\/p>\n","protected":false},"author":5,"featured_media":0,"comment_status":"open","ping_status":"open","sticky":false,"template":"","format":"standard","meta":{"postBodyCss":"","postBodyMargin":[],"postBodyPadding":[],"postBodyBackground":{"backgroundType":"classic","gradient":""},"_price":"","_stock":"","_tribe_ticket_header":"","_tribe_default_ticket_provider":"","_tribe_ticket_capacity":"0","_ticket_start_date":"","_ticket_end_date":"","_tribe_ticket_show_description":"","_tribe_ticket_show_not_going":false,"_tribe_ticket_use_global_stock":"","_tribe_ticket_global_stock_level":"","_global_stock_mode":"","_global_stock_cap":"","_tribe_rsvp_for_event":"","_tribe_ticket_going_count":"","_tribe_ticket_not_going_count":"","_tribe_tickets_list":"[]","_tribe_ticket_has_attendee_info_fields":false,"footnotes":""},"categories":[46],"tags":[3793,5884,473,3071,4993,4992,10032,10031,663,3235,3284,2287,6042,10030,1627],"class_list":["post-11158","post","type-post","status-publish","format-standard","hentry","category-noticias","tag-acao","tag-acao-civil-publica","tag-implementacao","tag-justica-federal","tag-ministerio-publico-federal","tag-mpf","tag-nova-tecnologia","tag-nucleo-de-justica","tag-prazo","tag-saude","tag-sistema-unico-de-saude","tag-sus","tag-tecnologia","tag-tecnologia-de-saude","tag-uniao"],"acf":[],"_links":{"self":[{"href":"https:\/\/sgpsolucoes.com.br\/site\/wp-json\/wp\/v2\/posts\/11158"}],"collection":[{"href":"https:\/\/sgpsolucoes.com.br\/site\/wp-json\/wp\/v2\/posts"}],"about":[{"href":"https:\/\/sgpsolucoes.com.br\/site\/wp-json\/wp\/v2\/types\/post"}],"author":[{"embeddable":true,"href":"https:\/\/sgpsolucoes.com.br\/site\/wp-json\/wp\/v2\/users\/5"}],"replies":[{"embeddable":true,"href":"https:\/\/sgpsolucoes.com.br\/site\/wp-json\/wp\/v2\/comments?post=11158"}],"version-history":[{"count":0,"href":"https:\/\/sgpsolucoes.com.br\/site\/wp-json\/wp\/v2\/posts\/11158\/revisions"}],"wp:attachment":[{"href":"https:\/\/sgpsolucoes.com.br\/site\/wp-json\/wp\/v2\/media?parent=11158"}],"wp:term":[{"taxonomy":"category","embeddable":true,"href":"https:\/\/sgpsolucoes.com.br\/site\/wp-json\/wp\/v2\/categories?post=11158"},{"taxonomy":"post_tag","embeddable":true,"href":"https:\/\/sgpsolucoes.com.br\/site\/wp-json\/wp\/v2\/tags?post=11158"}],"curies":[{"name":"wp","href":"https:\/\/api.w.org\/{rel}","templated":true}]}}