{"id":11167,"date":"2025-05-14T11:36:55","date_gmt":"2025-05-14T14:36:55","guid":{"rendered":"https:\/\/sgpsolucoes.com.br\/site\/?p=11167"},"modified":"2025-05-14T11:36:56","modified_gmt":"2025-05-14T14:36:56","slug":"entenda-stf-retoma-analise-de-decisoes-sobre-servicos-funerarios-em-sp","status":"publish","type":"post","link":"https:\/\/sgpsolucoes.com.br\/site\/entenda-stf-retoma-analise-de-decisoes-sobre-servicos-funerarios-em-sp\/","title":{"rendered":"Entenda: STF retoma an\u00e1lise de decis\u00f5es sobre servi\u00e7os funer\u00e1rios em SP\u00a0"},"content":{"rendered":"<p><em>Ministro Fl\u00e1vio Dino determinou teto para cobran\u00e7a e refor\u00e7o de fiscaliza\u00e7\u00e3o das concession\u00e1rias\u00a0<\/em><\/p><p>O Supremo Tribunal Federal (STF) deve recome\u00e7ar nesta quarta-feira (14) a analisar duas decis\u00f5es do ministro Fl\u00e1vio Dino que estabeleceram um teto para a cobran\u00e7a de servi\u00e7os funer\u00e1rios no Munic\u00edpio de S\u00e3o Paulo e medidas para a sua divulga\u00e7\u00e3o e fiscaliza\u00e7\u00e3o.&nbsp;&nbsp;<\/p><p>O assunto, discutido na Argui\u00e7\u00e3o de Descumprimento de Preceito Fundamental<strong><a href=\"https:\/\/portal.stf.jus.br\/processos\/detalhe.asp?incidente=7100751\" target=\"_blank\" rel=\"noreferrer noopener\">&nbsp;(ADPF) 1196<\/a><\/strong>, \u00e9 o primeiro item da pauta do Plen\u00e1rio. O caso estava sendo julgado em sess\u00e3o virtual, mas foi remetido para an\u00e1lise presencial por um pedido de destaque do ministro Gilmar Mendes, no come\u00e7o de abril.&nbsp;<\/p><p>A discuss\u00e3o no ambiente virtual foi feita em duas sess\u00f5es, em mar\u00e7o e abril, at\u00e9 o pedido de destaque. Al\u00e9m de Dino, haviam votado os ministros Alexandre de Moraes, Andr\u00e9 Mendon\u00e7a, Cristiano Zanin, Dias Toffoli e Edson Fachin. Com o destaque, os votos s\u00e3o zerados e o julgamento, reiniciado.&nbsp;&nbsp;<\/p><h5 class=\"wp-block-heading\"><strong>Decis\u00f5es&nbsp;&nbsp;<\/strong><\/h5><p>Em novembro de 2024, o ministro Dino, relator da a\u00e7\u00e3o, deu uma decis\u00e3o liminar (provis\u00f3ria) em que determinou o<a href=\"https:\/\/nam02.safelinks.protection.outlook.com\/?url=https%3A%2F%2Fnoticias.stf.jus.br%2Fpostsnoticias%2Fstf-determina-teto-para-valores-de-servicos-funerarios-no-municipio-de-sao-paulo%2F&amp;data=05%7C02%7Ccarmem.feijo%40stf.jus.br%7C389d81861ea14271f7a408dd924da480%7C52e207685e724c998e252a6d81a83903%7C0%7C0%7C638827584366084408%7CUnknown%7CTWFpbGZsb3d8eyJFbXB0eU1hcGkiOnRydWUsIlYiOiIwLjAuMDAwMCIsIlAiOiJXaW4zMiIsIkFOIjoiTWFpbCIsIldUIjoyfQ%3D%3D%7C0%7C%7C%7C&amp;sdata=OCXg49dSwb3l3MhvciAK7PGoSlZJTCOjdU3KQ%2FshsTM%3D&amp;reserved=0\" target=\"_blank\" rel=\"noreferrer noopener\">&nbsp;restabelecimento dos valores praticados imediatamente antes da privatiza\u00e7\u00e3o<\/a>&nbsp;do servi\u00e7o, atualizados pelo IPCA (\u00cdndice Nacional de Pre\u00e7os ao Consumidor Amplo). O ministro atendeu em parte o pedido do Partido Comunista do Brasil (PCdoB), autor da ADPF.&nbsp;&nbsp;<\/p><p>Em mar\u00e7o deste ano, Dino&nbsp;<a href=\"https:\/\/noticias.stf.jus.br\/postsnoticias\/stf-determina-que-municipio-de-sao-paulo-amplie-divulgacao-de-gratuidade-em-servicos-funerarios\/\" target=\"_blank\" rel=\"noreferrer noopener\">complementou sua decis\u00e3o inicial<\/a>, ap\u00f3s uma audi\u00eancia de concilia\u00e7\u00e3o e a an\u00e1lise da quest\u00e3o pelo N\u00facleo de Processos Estruturais Complexos (Nupec). Ele determinou que o munic\u00edpio ampliasse a divulga\u00e7\u00e3o dos pre\u00e7os dos servi\u00e7os e dos crit\u00e9rios para pedir a gratuidade. As informa\u00e7\u00f5es devem ser publicadas no site da prefeitura e fixadas em local vis\u00edvel na entrada de todos os cemit\u00e9rios da cidade.&nbsp;<\/p><p>Outro ponto dessa segunda decis\u00e3o imp\u00f5e um refor\u00e7o da fiscaliza\u00e7\u00e3o p\u00fablica das concession\u00e1rias do setor, com reajuste de multas em caso de infra\u00e7\u00f5es ou pr\u00e1ticas irregulares. As empresas que operam os cemit\u00e9rios devem manter em seus pontos de atendimento cartilhas com informa\u00e7\u00f5es claras sobre os servi\u00e7os, pacotes e direitos dos usu\u00e1rios. As duas decis\u00f5es do relator s\u00e3o analisadas pelo Plen\u00e1rio.&nbsp;&nbsp;<\/p><h5 class=\"wp-block-heading\"><strong>A\u00e7\u00e3o&nbsp;&nbsp;<\/strong><\/h5><p>Na a\u00e7\u00e3o, o PCdoB questiona duas leis paulistanas que concederam \u00e0 iniciativa privada a explora\u00e7\u00e3o de cemit\u00e9rios e cremat\u00f3rios p\u00fablicos e servi\u00e7os funer\u00e1rios. Para o partido, as normas contrariam a Lei Org\u00e2nica do Munic\u00edpio de S\u00e3o Paulo, que atribui ao munic\u00edpio o dever de administrar o servi\u00e7o funer\u00e1rio e os cemit\u00e9rios p\u00fablicos e fiscalizar os privados. O argumento \u00e9 de que a privatiza\u00e7\u00e3o desses servi\u00e7os tem levado \u00e0 \u201cexplora\u00e7\u00e3o comercial desenfreada\u201d.&nbsp;<\/p><p>O Munic\u00edpio de S\u00e3o Paulo argumenta no processo que o tema deveria estar sob a relatoria do ministro Luiz Fux, que j\u00e1 relata a\u00e7\u00f5es que tratam dos mesmos dispositivos questionados pelo partido. Tamb\u00e9m afirma que a demanda foi levada ao STF com base em \u201cnot\u00edcias de jornal\u201d e que as normas que permitem a concess\u00e3o do servi\u00e7o funer\u00e1rio s\u00e3o constitucionais.&nbsp;<\/p><p><strong>Fonte: STF<\/strong><\/p>\n    <div class=\"xs_social_share_widget xs_share_url after_content \t\tmain_content  wslu-style-1 wslu-share-box-shaped wslu-fill-colored wslu-none wslu-share-horizontal wslu-theme-font-no wslu-main_content\">\n\n\t\t\n        <ul>\n\t\t\t        <\/ul>\n    <\/div> \n","protected":false},"excerpt":{"rendered":"<p>O Supremo Tribunal Federal (STF) deve recome\u00e7ar nesta quarta-feira (14) a analisar duas decis\u00f5es do ministro Fl\u00e1vio Dino que estabeleceram um teto para a cobran\u00e7a de servi\u00e7os funer\u00e1rios no Munic\u00edpio de S\u00e3o Paulo e medidas para a sua divulga\u00e7\u00e3o e fiscaliza\u00e7\u00e3o.\u00a0\u00a0<\/p>\n","protected":false},"author":5,"featured_media":0,"comment_status":"open","ping_status":"open","sticky":false,"template":"","format":"standard","meta":{"postBodyCss":"","postBodyMargin":[],"postBodyPadding":[],"postBodyBackground":{"backgroundType":"classic","gradient":""},"_price":"","_stock":"","_tribe_ticket_header":"","_tribe_default_ticket_provider":"","_tribe_ticket_capacity":"0","_ticket_start_date":"","_ticket_end_date":"","_tribe_ticket_show_description":"","_tribe_ticket_show_not_going":false,"_tribe_ticket_use_global_stock":"","_tribe_ticket_global_stock_level":"","_global_stock_mode":"","_global_stock_cap":"","_tribe_rsvp_for_event":"","_tribe_ticket_going_count":"","_tribe_ticket_not_going_count":"","_tribe_tickets_list":"[]","_tribe_ticket_has_attendee_info_fields":false,"footnotes":""},"categories":[46],"tags":[10042,2014,5618,1383,1619,2720,89,6925,351,4058,6929,347,348,461],"class_list":["post-11167","post","type-post","status-publish","format-standard","hentry","category-noticias","tag-adpf-1196","tag-analise","tag-arguicao-de-descumprimento-de-preceito-fundamental","tag-cobranca","tag-concessionarias","tag-decisoes","tag-fiscalizacao","tag-municipio-de-sao-paulo","tag-plenario","tag-reforco","tag-servicos-funerarios","tag-stf","tag-supremo-tribunal-federal","tag-teto"],"acf":[],"_links":{"self":[{"href":"https:\/\/sgpsolucoes.com.br\/site\/wp-json\/wp\/v2\/posts\/11167"}],"collection":[{"href":"https:\/\/sgpsolucoes.com.br\/site\/wp-json\/wp\/v2\/posts"}],"about":[{"href":"https:\/\/sgpsolucoes.com.br\/site\/wp-json\/wp\/v2\/types\/post"}],"author":[{"embeddable":true,"href":"https:\/\/sgpsolucoes.com.br\/site\/wp-json\/wp\/v2\/users\/5"}],"replies":[{"embeddable":true,"href":"https:\/\/sgpsolucoes.com.br\/site\/wp-json\/wp\/v2\/comments?post=11167"}],"version-history":[{"count":0,"href":"https:\/\/sgpsolucoes.com.br\/site\/wp-json\/wp\/v2\/posts\/11167\/revisions"}],"wp:attachment":[{"href":"https:\/\/sgpsolucoes.com.br\/site\/wp-json\/wp\/v2\/media?parent=11167"}],"wp:term":[{"taxonomy":"category","embeddable":true,"href":"https:\/\/sgpsolucoes.com.br\/site\/wp-json\/wp\/v2\/categories?post=11167"},{"taxonomy":"post_tag","embeddable":true,"href":"https:\/\/sgpsolucoes.com.br\/site\/wp-json\/wp\/v2\/tags?post=11167"}],"curies":[{"name":"wp","href":"https:\/\/api.w.org\/{rel}","templated":true}]}}