{"id":11176,"date":"2025-05-14T12:14:12","date_gmt":"2025-05-14T15:14:12","guid":{"rendered":"https:\/\/sgpsolucoes.com.br\/site\/?p=11176"},"modified":"2025-05-14T12:14:13","modified_gmt":"2025-05-14T15:14:13","slug":"stj-informativo-n-849-13-de-maio-de-2025","status":"publish","type":"post","link":"https:\/\/sgpsolucoes.com.br\/site\/stj-informativo-n-849-13-de-maio-de-2025\/","title":{"rendered":"STJ. Informativo n\u00b0 849 \u2013 13 de maio de 2025"},"content":{"rendered":"<p>J\u00e1 est\u00e1 dispon\u00edvel o Informativo n\u00b0 849, de 13 de maio de 2025, do Superior Tribunal de Justi\u00e7a.<\/p><p><strong>Confira nossos destaques:<\/strong><\/p><p><strong>SEGUNDA TURMA<\/strong><\/p><p><strong>Processo: <\/strong><a href=\"https:\/\/processo.stj.jus.br\/SCON\/jurisprudencia\/toc.jsp?livre=%28RESP.clas.+e+%40num%3D%222141730%22%29+ou+%28RESP+adj+%222141730%22%29.suce.\" target=\"_blank\" rel=\"noreferrer noopener\">REsp 2.141.730-SP<\/a>, Rel. Ministra Maria Thereza de Assis Moura, Segunda Turma, por unanimidade, julgado em 22\/4\/2025, DJEN 28\/4\/2025.<\/p><p><strong>Ramo do Direito:<\/strong> DIREITO AMBIENTAL<\/p><p><strong>Tema:<\/strong> \u00c1rea de Preserva\u00e7\u00e3o Permanente. Entorno de reservat\u00f3rio de hidrel\u00e9trica antiga. Defini\u00e7\u00e3o. Art. 62 do C\u00f3digo Florestal. Licen\u00e7a de opera\u00e7\u00e3o. Ocupa\u00e7\u00e3o antr\u00f3pica. Consolida\u00e7\u00e3o.<\/p><p><strong>Destaque:<\/strong> Para os reservat\u00f3rios artificiais de \u00e1gua destinados \u00e0 gera\u00e7\u00e3o de energia ou ao abastecimento p\u00fablico que foram registrados ou tiveram seus contratos de concess\u00e3o ou autoriza\u00e7\u00e3o assinados anteriormente \u00e0 Medida Provis\u00f3ria n. 2.166-67, de 24 de agosto de 2001, a faixa da \u00c1rea de Preserva\u00e7\u00e3o Permanente \u00e9 definida na licen\u00e7a ambiental, aplicando-se o art. 62 do C\u00f3digo Florestal apenas para consolidar (dar por regularizadas) as ocupa\u00e7\u00f5es antr\u00f3picas preexistentes a 22\/7\/2008.<\/p><p><strong>RECURSOS REPETITIVOS &#8211; AFETA\u00c7\u00c3O<\/strong><\/p><p><strong>Processos:<\/strong><\/p><p><a href=\"https:\/\/processo.stj.jus.br\/SCON\/jurisprudencia\/toc.jsp?livre=%28%28PAFRESP.clas.+ou+%22ProAfR+no+REsp%22.clap.%29+e+%40num%3D%222124940%22%29+ou+%28%28PAFRESP+ou+%22ProAfR+no+REsp%22%29+adj+%222124940%22%29.suce.\" target=\"_blank\" rel=\"noreferrer noopener\">ProAfR no REsp 2.124.940-RS<\/a>, Rel. Ministro Gurgel de Faria, Primeira Se\u00e7\u00e3o, julgado em 15\/4\/2025, DJEN 6\/5\/2025. (<a href=\"http:\/\/www.stj.jus.br\/repetitivos\/temas_repetitivos\/pesquisa.jsp?novaConsulta=true&amp;tipo_pesquisa=T&amp;cod_tema_inicial=1339&amp;cod_tema_final=1339\">Tema 1339<\/a>).<\/p><p><a href=\"https:\/\/processo.stj.jus.br\/SCON\/jurisprudencia\/toc.jsp?livre=%28%28PAFRESP.clas.+ou+%22ProAfR+no+REsp%22.clap.%29+e+%40num%3D%222178164%22%29+ou+%28%28PAFRESP+ou+%22ProAfR+no+REsp%22%29+adj+%222178164%22%29.suce.\" target=\"_blank\" rel=\"noreferrer noopener\">ProAfR no REsp 2.178.164-ES<\/a>, Rel. Ministro Gurgel de Faria, Primeira Se\u00e7\u00e3o, julgado em 15\/4\/2025, DJEN 6\/5\/2025 (<a href=\"http:\/\/www.stj.jus.br\/repetitivos\/temas_repetitivos\/pesquisa.jsp?novaConsulta=true&amp;tipo_pesquisa=T&amp;cod_tema_inicial=1339&amp;cod_tema_final=1339\">Tema 1339<\/a>).<\/p><p><a href=\"https:\/\/processo.stj.jus.br\/SCON\/jurisprudencia\/toc.jsp?livre=%28%28PAFRESP.clas.+ou+%22ProAfR+no+REsp%22.clap.%29+e+%40num%3D%222123838%22%29+ou+%28%28PAFRESP+ou+%22ProAfR+no+REsp%22%29+adj+%222123838%22%29.suce.\" target=\"_blank\" rel=\"noreferrer noopener\">ProAfR no REsp 2.123.838-RS<\/a>, Rel. Ministro Gurgel de Faria, Primeira Se\u00e7\u00e3o, julgado em 15\/4\/2025, DJEN 6\/5\/2025 (<a href=\"http:\/\/www.stj.jus.br\/repetitivos\/temas_repetitivos\/pesquisa.jsp?novaConsulta=true&amp;tipo_pesquisa=T&amp;cod_tema_inicial=1339&amp;cod_tema_final=1339\">Tema 1339<\/a>).<\/p><p><strong>Ramo do Direito: <\/strong>DIREITO TRIBUT\u00c1RIO<\/p><p><strong>Tema: <\/strong>A Primeira Se\u00e7\u00e3o acolheu a proposta de afeta\u00e7\u00e3o do REsp 2.124.940-RS, REsp 2.178.164-ES e REsp 2.123.838-RS ao rito dos recursos repetitivos, a fim de uniformizar o entendimento a respeito da seguinte controv\u00e9rsia: &#8220;Decidir se o comerciante varejista de combust\u00edveis, sujeito ao regime monof\u00e1sico de tributa\u00e7\u00e3o da Contribui\u00e7\u00e3o para o PIS e da COFINS, tem direito \u00e0 manuten\u00e7\u00e3o de cr\u00e9ditos vinculados, decorrentes da aquisi\u00e7\u00e3o de combust\u00edveis, no per\u00edodo compreendido entre a data da entrada em vigor da Lei Complementar n. 192\/2022 at\u00e9 31\/12\/2022 ou, subsidiariamente, at\u00e9 22\/09\/2022, data final do prazo nonagesimal, contado da publica\u00e7\u00e3o da Lei Complementar n. 194\/2022&#8221;.<\/p><p><strong>Processos:<\/strong><\/p><p><a href=\"https:\/\/processo.stj.jus.br\/SCON\/jurisprudencia\/toc.jsp?livre=%28%28PAFRESP.clas.+ou+%22ProAfR+no+REsp%22.clap.%29+e+%40num%3D%222191479%22%29+ou+%28%28PAFRESP+ou+%22ProAfR+no+REsp%22%29+adj+%222191479%22%29.suce.\" target=\"_blank\" rel=\"noreferrer noopener\">ProAfR no REsp 2.191.479-SP<\/a>, Rel. Ministra Maria Thereza de Assis Moura, Primeira Se\u00e7\u00e3o, julgado em 29\/4\/2025, DJEN 7\/5\/2025. (<a href=\"http:\/\/www.stj.jus.br\/repetitivos\/temas_repetitivos\/pesquisa.jsp?novaConsulta=true&amp;tipo_pesquisa=T&amp;cod_tema_inicial=1342&amp;cod_tema_final=1342\">Tema 1342<\/a>).<\/p><p><a href=\"https:\/\/processo.stj.jus.br\/SCON\/jurisprudencia\/toc.jsp?livre=%28%28PAFRESP.clas.+ou+%22ProAfR+no+REsp%22.clap.%29+e+%40num%3D%222191694%22%29+ou+%28%28PAFRESP+ou+%22ProAfR+no+REsp%22%29+adj+%222191694%22%29.suce.\" target=\"_blank\" rel=\"noreferrer noopener\">ProAfR no REsp 2.191.694-SP<\/a>, Rel. Ministra Maria Thereza de Assis Moura, Primeira Se\u00e7\u00e3o, julgado em 29\/4\/2025, DJEN 7\/5\/2025 (<a href=\"http:\/\/www.stj.jus.br\/repetitivos\/temas_repetitivos\/pesquisa.jsp?novaConsulta=true&amp;tipo_pesquisa=T&amp;cod_tema_inicial=1342&amp;cod_tema_final=1342\">Tema 1342<\/a>).<\/p><p><strong>Ramo do Direito: <\/strong>DIREITO TRIBUT\u00c1RIO<\/p><p><strong>Tema: <\/strong>A Primeira Se\u00e7\u00e3o acolheu a proposta de afeta\u00e7\u00e3o do REsp 2.191.479-SP e REsp 2.191.694-SP ao rito dos recursos repetitivos, a fim de uniformizar o entendimento a respeito da seguinte controv\u00e9rsia: &#8220;Definir se a remunera\u00e7\u00e3o decorrente do contrato de aprendizagem (art. 428 da CLT) integra a base de c\u00e1lculo da contribui\u00e7\u00e3o previdenci\u00e1ria patronal, inclusive as adicionais Contribui\u00e7\u00e3o do Grau de Incid\u00eancia de Incapacidade Laborativa decorrente dos Riscos Ambientais do Trabalho (GIIL-RAT) e as contribui\u00e7\u00f5es a terceiros&#8221;.<\/p><p><strong>Processos:<\/strong><\/p><p><a href=\"https:\/\/processo.stj.jus.br\/SCON\/jurisprudencia\/toc.jsp?livre=%28%28PAFRESP.clas.+ou+%22ProAfR+no+REsp%22.clap.%29+e+%40num%3D%222171764%22%29+ou+%28%28PAFRESP+ou+%22ProAfR+no+REsp%22%29+adj+%222171764%22%29.suce.\" target=\"_blank\" rel=\"noreferrer noopener\">ProAfR no REsp 2.171.764-MA<\/a>, Rel. Ministro Marco Aur\u00e9lio Bellizze, Primeira Se\u00e7\u00e3o, julgado em 29\/4\/2025, DJEN 9\/5\/2025. (<a href=\"http:\/\/www.stj.jus.br\/repetitivos\/temas_repetitivos\/pesquisa.jsp?novaConsulta=true&amp;tipo_pesquisa=T&amp;cod_tema_inicial=1344&amp;cod_tema_final=1344\">Tema 1344<\/a>).<\/p><p><a href=\"https:\/\/processo.stj.jus.br\/SCON\/jurisprudencia\/toc.jsp?livre=%28%28PAFRESP.clas.+ou+%22ProAfR+no+REsp%22.clap.%29+e+%40num%3D%222174355%22%29+ou+%28%28PAFRESP+ou+%22ProAfR+no+REsp%22%29+adj+%222174355%22%29.suce.\" target=\"_blank\" rel=\"noreferrer noopener\">ProAfR no REsp 2.174.355-MA<\/a>, Rel. Ministro Marco Aur\u00e9lio Bellizze, Primeira Se\u00e7\u00e3o, julgado em 29\/4\/2025, DJEN 9\/5\/2025 (<a href=\"http:\/\/www.stj.jus.br\/repetitivos\/temas_repetitivos\/pesquisa.jsp?novaConsulta=true&amp;tipo_pesquisa=T&amp;cod_tema_inicial=1344&amp;cod_tema_final=1344\">Tema 1344<\/a>).<\/p><p><a href=\"https:\/\/processo.stj.jus.br\/SCON\/jurisprudencia\/toc.jsp?livre=%28%28PAFRESP.clas.+ou+%22ProAfR+no+REsp%22.clap.%29+e+%40num%3D%222171684%22%29+ou+%28%28PAFRESP+ou+%22ProAfR+no+REsp%22%29+adj+%222171684%22%29.suce.\" target=\"_blank\" rel=\"noreferrer noopener\">ProAfR no REsp 2.171.684-MA<\/a>, Rel. Ministro Marco Aur\u00e9lio Bellizze, Primeira Se\u00e7\u00e3o, julgado em 29\/4\/2025, DJEN 9\/5\/2025 (<a href=\"http:\/\/www.stj.jus.br\/repetitivos\/temas_repetitivos\/pesquisa.jsp?novaConsulta=true&amp;tipo_pesquisa=T&amp;cod_tema_inicial=1344&amp;cod_tema_final=1344\">Tema 1344<\/a>).<\/p><p><a href=\"https:\/\/processo.stj.jus.br\/SCON\/jurisprudencia\/toc.jsp?livre=%28%28PAFRESP.clas.+ou+%22ProAfR+no+REsp%22.clap.%29+e+%40num%3D%222165813%22%29+ou+%28%28PAFRESP+ou+%22ProAfR+no+REsp%22%29+adj+%222165813%22%29.suce.\" target=\"_blank\" rel=\"noreferrer noopener\">ProAfR no REsp 2.165.813-MA<\/a>, Rel. Ministro Marco Aur\u00e9lio Bellizze, Primeira Se\u00e7\u00e3o, julgado em 29\/4\/2025, DJEN 9\/5\/2025 (<a href=\"http:\/\/www.stj.jus.br\/repetitivos\/temas_repetitivos\/pesquisa.jsp?novaConsulta=true&amp;tipo_pesquisa=T&amp;cod_tema_inicial=1344&amp;cod_tema_final=1344\">Tema 1344<\/a>).<\/p><p><a href=\"https:\/\/processo.stj.jus.br\/SCON\/jurisprudencia\/toc.jsp?livre=%28%28PAFRESP.clas.+ou+%22ProAfR+no+REsp%22.clap.%29+e+%40num%3D%222172227%22%29+ou+%28%28PAFRESP+ou+%22ProAfR+no+REsp%22%29+adj+%222172227%22%29.suce.\" target=\"_blank\" rel=\"noreferrer noopener\">ProAfR no REsp 2.172.227-MA<\/a>, Rel. Ministro Marco Aur\u00e9lio Bellizze, Primeira Se\u00e7\u00e3o, julgado em 29\/4\/2025, DJEN 9\/5\/2025 (<a href=\"http:\/\/www.stj.jus.br\/repetitivos\/temas_repetitivos\/pesquisa.jsp?novaConsulta=true&amp;tipo_pesquisa=T&amp;cod_tema_inicial=1344&amp;cod_tema_final=1344\">Tema 1344<\/a>).<\/p><p><a href=\"https:\/\/processo.stj.jus.br\/SCON\/jurisprudencia\/toc.jsp?livre=%28%28PAFRESP.clas.+ou+%22ProAfR+no+REsp%22.clap.%29+e+%40num%3D%222171762%22%29+ou+%28%28PAFRESP+ou+%22ProAfR+no+REsp%22%29+adj+%222171762%22%29.suce.\" target=\"_blank\" rel=\"noreferrer noopener\">ProAfR no REsp 2.171.762-MA<\/a>, Rel. Ministro Marco Aur\u00e9lio Bellizze, Primeira Se\u00e7\u00e3o, julgado em 29\/4\/2025, DJEN 9\/5\/2025 (<a href=\"http:\/\/www.stj.jus.br\/repetitivos\/temas_repetitivos\/pesquisa.jsp?novaConsulta=true&amp;tipo_pesquisa=T&amp;cod_tema_inicial=1344&amp;cod_tema_final=1344\">Tema 1344<\/a>).<\/p><p><strong>Ramo do Direito: <\/strong>DIREITO ADMINISTRATIVO<\/p><p><strong>Tema: <\/strong>A Primeira Se\u00e7\u00e3o acolheu a proposta de afeta\u00e7\u00e3o do REsp 2.171.764-MA, REsp 2.174.355-MA, REsp 2.171.684-MA, REsp 2.165.813-MA, REsp 2.172.227-MA e REsp 2.171.762-MA ao rito dos recursos repetitivos, a fim de uniformizar o entendimento a respeito da seguinte controv\u00e9rsia: &#8220;definir se \u00e9 poss\u00edvel determinar a limita\u00e7\u00e3o temporal das diferen\u00e7as de URV, com aplica\u00e7\u00e3o do Tema 5 de Repercuss\u00e3o Geral, durante a fase de cumprimento de senten\u00e7a, mesmo quando a tese de limita\u00e7\u00e3o temporal n\u00e3o tenha sido debatida na fase de conhecimento da demanda&#8221;.<\/p><p>Acesse a \u00edntegra deste Informativo no link abaixo:<\/p><p><a href=\"https:\/\/processo.stj.jus.br\/jurisprudencia\/externo\/informativo\/?acao=pesquisarumaedicao&amp;livre=0849.cod.&amp;from=feed\" target=\"_blank\" rel=\"noreferrer noopener\">Informativo n\u00b0 849 do STJ<\/a><\/p><p><strong>Fonte: STJ<\/strong><\/p>\n    <div class=\"xs_social_share_widget xs_share_url after_content \t\tmain_content  wslu-style-1 wslu-share-box-shaped wslu-fill-colored wslu-none wslu-share-horizontal wslu-theme-font-no wslu-main_content\">\n\n\t\t\n        <ul>\n\t\t\t        <\/ul>\n    <\/div> \n","protected":false},"excerpt":{"rendered":"<p>J\u00e1 est\u00e1 dispon\u00edvel o Informativo n\u00b0 849, de 13 de maio de 2025, do Superior Tribunal de Justi\u00e7a.<\/p>\n","protected":false},"author":5,"featured_media":0,"comment_status":"open","ping_status":"open","sticky":false,"template":"","format":"standard","meta":{"postBodyCss":"","postBodyMargin":[],"postBodyPadding":[],"postBodyBackground":{"backgroundType":"classic","gradient":""},"_price":"","_stock":"","_tribe_ticket_header":"","_tribe_default_ticket_provider":"","_tribe_ticket_capacity":"0","_ticket_start_date":"","_ticket_end_date":"","_tribe_ticket_show_description":"","_tribe_ticket_show_not_going":false,"_tribe_ticket_use_global_stock":"","_tribe_ticket_global_stock_level":"","_global_stock_mode":"","_global_stock_cap":"","_tribe_rsvp_for_event":"","_tribe_ticket_going_count":"","_tribe_ticket_not_going_count":"","_tribe_tickets_list":"[]","_tribe_ticket_has_attendee_info_fields":false,"footnotes":""},"categories":[46],"tags":[10054,229,230],"class_list":["post-11176","post","type-post","status-publish","format-standard","hentry","category-noticias","tag-informativo-n-849","tag-stj","tag-superior-tribunal-de-justica"],"acf":[],"_links":{"self":[{"href":"https:\/\/sgpsolucoes.com.br\/site\/wp-json\/wp\/v2\/posts\/11176"}],"collection":[{"href":"https:\/\/sgpsolucoes.com.br\/site\/wp-json\/wp\/v2\/posts"}],"about":[{"href":"https:\/\/sgpsolucoes.com.br\/site\/wp-json\/wp\/v2\/types\/post"}],"author":[{"embeddable":true,"href":"https:\/\/sgpsolucoes.com.br\/site\/wp-json\/wp\/v2\/users\/5"}],"replies":[{"embeddable":true,"href":"https:\/\/sgpsolucoes.com.br\/site\/wp-json\/wp\/v2\/comments?post=11176"}],"version-history":[{"count":0,"href":"https:\/\/sgpsolucoes.com.br\/site\/wp-json\/wp\/v2\/posts\/11176\/revisions"}],"wp:attachment":[{"href":"https:\/\/sgpsolucoes.com.br\/site\/wp-json\/wp\/v2\/media?parent=11176"}],"wp:term":[{"taxonomy":"category","embeddable":true,"href":"https:\/\/sgpsolucoes.com.br\/site\/wp-json\/wp\/v2\/categories?post=11176"},{"taxonomy":"post_tag","embeddable":true,"href":"https:\/\/sgpsolucoes.com.br\/site\/wp-json\/wp\/v2\/tags?post=11176"}],"curies":[{"name":"wp","href":"https:\/\/api.w.org\/{rel}","templated":true}]}}