{"id":11230,"date":"2025-05-15T16:12:21","date_gmt":"2025-05-15T19:12:21","guid":{"rendered":"https:\/\/sgpsolucoes.com.br\/site\/?p=11230"},"modified":"2025-05-15T16:12:22","modified_gmt":"2025-05-15T19:12:22","slug":"contas-da-camara-de-abare-sao-rejeitadas-em-razao-da-reiterada-pratica-de-pagamento-a-titulo-de-adicional-de-ferias-aos-vereadores-sem-respaldo-legal","status":"publish","type":"post","link":"https:\/\/sgpsolucoes.com.br\/site\/contas-da-camara-de-abare-sao-rejeitadas-em-razao-da-reiterada-pratica-de-pagamento-a-titulo-de-adicional-de-ferias-aos-vereadores-sem-respaldo-legal\/","title":{"rendered":"Contas da C\u00e2mara de Abar\u00e9 s\u00e3o rejeitadas, em raz\u00e3o da reiterada pr\u00e1tica de pagamento a t\u00edtulo de adicional de f\u00e9rias aos vereadores sem respaldo legal"},"content":{"rendered":"<p>Nas sess\u00f5es desta quarta-feira (14\/05), os conselheiros que comp\u00f5em a 1\u00aa e 2\u00aa C\u00e2mara julgadora do Tribunal de Contas dos Munic\u00edpios da Bahia votaram pela regularidade de mais quatro c\u00e2maras municipais, todas referentes ao ano de 2023. J\u00e1 as contas da C\u00e2mara de Abar\u00e9, da responsabilidade de Pedro Gomes J\u00fanior, foram consideradas irregulares.<\/p><p>No turno da manh\u00e3, os conselheiros da 1\u00aa C\u00e2mara consideraram regulares \u2013 sem a indica\u00e7\u00e3o de quaisquer ressalvas \u2013 as contas da C\u00e2mara de Cris\u00f3polis, sob gest\u00e3o de Ednaldo Moreira da Silva; de Itanagra, de Luciano dos Santos; e de Barra da Estiva, que teve como gestores Valter Silva Pereira e Valdnei da Silva Caires.<\/p><p>Pela tarde, as contas da C\u00e2mara de Cura\u00e7\u00e1, da responsabilidade de Rog\u00e9rio Quintino Bahia, foram consideradas regulares com ressalvas. O gestor foi multado em R$1 mil pelas falhas registradas no relat\u00f3rio t\u00e9cnico.<\/p><p>J\u00e1 as contas da C\u00e2mara de Abar\u00e9, referente ao ano de 2023, sob gest\u00e3o de Pedro Gomes J\u00fanior, foram consideradas irregulares em raz\u00e3o da reiterada pr\u00e1tica de pagamento a t\u00edtulo de adicional de f\u00e9rias aos vereadores sem respaldo legal. Foi determinada a instaura\u00e7\u00e3o de Tomada de Contas Especial para a quantifica\u00e7\u00e3o dos valores desembolsados no exerc\u00edcio de 2023.<\/p><p>Cabe recurso das decis\u00f5es.<\/p><p><strong>Fonte: TCMBA<\/strong><\/p>\n    <div class=\"xs_social_share_widget xs_share_url after_content \t\tmain_content  wslu-style-1 wslu-share-box-shaped wslu-fill-colored wslu-none wslu-share-horizontal wslu-theme-font-no wslu-main_content\">\n\n\t\t\n        <ul>\n\t\t\t        <\/ul>\n    <\/div> \n","protected":false},"excerpt":{"rendered":"<p>Nas sess\u00f5es desta quarta-feira (14\/05), os conselheiros que comp\u00f5em a 1\u00aa e 2\u00aa C\u00e2mara julgadora do Tribunal de Contas dos Munic\u00edpios da Bahia votaram pela regularidade de mais quatro c\u00e2maras municipais, todas referentes ao ano de 2023. J\u00e1 as contas da C\u00e2mara de Abar\u00e9, da responsabilidade de Pedro Gomes J\u00fanior, foram consideradas irregulares.<\/p>\n","protected":false},"author":5,"featured_media":0,"comment_status":"open","ping_status":"open","sticky":false,"template":"","format":"standard","meta":{"postBodyCss":"","postBodyMargin":[],"postBodyPadding":[],"postBodyBackground":{"backgroundType":"classic","gradient":""},"_price":"","_stock":"","_tribe_ticket_header":"","_tribe_default_ticket_provider":"","_tribe_ticket_capacity":"0","_ticket_start_date":"","_ticket_end_date":"","_tribe_ticket_show_description":"","_tribe_ticket_show_not_going":false,"_tribe_ticket_use_global_stock":"","_tribe_ticket_global_stock_level":"","_global_stock_mode":"","_global_stock_cap":"","_tribe_rsvp_for_event":"","_tribe_ticket_going_count":"","_tribe_ticket_not_going_count":"","_tribe_tickets_list":"[]","_tribe_ticket_has_attendee_info_fields":false,"footnotes":""},"categories":[46],"tags":[892,2341,10159,9366,2335,1304,1846,10160,10158,10161,10162,10157,4570,605,487,6567],"class_list":["post-11230","post","type-post","status-publish","format-standard","hentry","category-noticias","tag-adicional","tag-adicional-de-ferias","tag-camara-de-abare","tag-contas-rejeitadas","tag-ferias","tag-irregulares","tag-pagamento","tag-pedro-gomes-junior","tag-reiterada-pratica","tag-relatorio-tecnico","tag-respaldo","tag-respaldo-legal","tag-tcmba","tag-tomada-de-contas-especial","tag-tribunal-de-contas-dos-municipios-da-bahia","tag-vereadores"],"acf":[],"_links":{"self":[{"href":"https:\/\/sgpsolucoes.com.br\/site\/wp-json\/wp\/v2\/posts\/11230"}],"collection":[{"href":"https:\/\/sgpsolucoes.com.br\/site\/wp-json\/wp\/v2\/posts"}],"about":[{"href":"https:\/\/sgpsolucoes.com.br\/site\/wp-json\/wp\/v2\/types\/post"}],"author":[{"embeddable":true,"href":"https:\/\/sgpsolucoes.com.br\/site\/wp-json\/wp\/v2\/users\/5"}],"replies":[{"embeddable":true,"href":"https:\/\/sgpsolucoes.com.br\/site\/wp-json\/wp\/v2\/comments?post=11230"}],"version-history":[{"count":0,"href":"https:\/\/sgpsolucoes.com.br\/site\/wp-json\/wp\/v2\/posts\/11230\/revisions"}],"wp:attachment":[{"href":"https:\/\/sgpsolucoes.com.br\/site\/wp-json\/wp\/v2\/media?parent=11230"}],"wp:term":[{"taxonomy":"category","embeddable":true,"href":"https:\/\/sgpsolucoes.com.br\/site\/wp-json\/wp\/v2\/categories?post=11230"},{"taxonomy":"post_tag","embeddable":true,"href":"https:\/\/sgpsolucoes.com.br\/site\/wp-json\/wp\/v2\/tags?post=11230"}],"curies":[{"name":"wp","href":"https:\/\/api.w.org\/{rel}","templated":true}]}}