{"id":11239,"date":"2025-05-15T16:48:35","date_gmt":"2025-05-15T19:48:35","guid":{"rendered":"https:\/\/sgpsolucoes.com.br\/site\/?p=11239"},"modified":"2025-05-15T16:48:37","modified_gmt":"2025-05-15T19:48:37","slug":"indenizacao-compensatoria-a-ex-servidor-da-aneel-e-negada","status":"publish","type":"post","link":"https:\/\/sgpsolucoes.com.br\/site\/indenizacao-compensatoria-a-ex-servidor-da-aneel-e-negada\/","title":{"rendered":"Indeniza\u00e7\u00e3o compensat\u00f3ria a ex-servidor da ANEEL \u00e9 negada"},"content":{"rendered":"<p>A 1\u00aa Turma do Tribunal Regional Federal da 1\u00aa Regi\u00e3o (TRF1) negou a apela\u00e7\u00e3o de um ex-servidor da Ag\u00eancia Nacional de Energia El\u00e9trica (Aneel) que buscava receber uma indeniza\u00e7\u00e3o compensat\u00f3ria ap\u00f3s se aposentar. O ex-servidor queria o pagamento por um per\u00edodo de quatro meses ap\u00f3s ter exercido um cargo comissionado.<\/p><p>O relator do caso, desembargador federal Gustavo Soares Amorim, explicou que a lei que prev\u00ea essa compensa\u00e7\u00e3o n\u00e3o abrange os servidores que se aposentam logo ap\u00f3s ocupar um cargo comissionado. Para o magistrado, \u201co autor \u00e9 servidor p\u00fablico em cargo efetivo, e o requerente poderia escolher entre ficar na quarentena recebendo a compensa\u00e7\u00e3o ou voltar ao seu cargo efetivo, mas essa op\u00e7\u00e3o n\u00e3o se aplica a quem se aposenta\u201d.<\/p><p>Afirmou o magistrado, tamb\u00e9m, que a legisla\u00e7\u00e3o relacionada \u00e0 quarentena n\u00e3o foi alterada de forma a incluir servidores que se aposentam, apenas detalhou as regras j\u00e1 existentes. Segundo o relator, a lei n\u00e3o ampliou o rol de benefici\u00e1rios da quarentena, como foi alegado, ela apenas detalhou as condi\u00e7\u00f5es e os prazos para os impedimentos.<\/p><p>O desembargador concluiu que \u201cn\u00e3o \u00e9 poss\u00edvel estender o direito \u00e0 compensa\u00e7\u00e3o para quem se aposentou, pois isso for\u00e7aria a administra\u00e7\u00e3o p\u00fablica a pagar duas vezes, sem base legal para isso\u201d.<\/p><p>O voto do relator foi acompanhado pelo Colegiado.<\/p><p>Processo: 100514544.2017.4.01.3400<\/p><p>Data do julgamento: 03\/04\/2025<\/p><p><strong>Fonte: Tribunal Regional Federal da 1\u00aa Regi\u00e3o<\/strong><\/p>\n    <div class=\"xs_social_share_widget xs_share_url after_content \t\tmain_content  wslu-style-1 wslu-share-box-shaped wslu-fill-colored wslu-none wslu-share-horizontal wslu-theme-font-no wslu-main_content\">\n\n\t\t\n        <ul>\n\t\t\t        <\/ul>\n    <\/div> \n","protected":false},"excerpt":{"rendered":"<p>A 1\u00aa Turma do Tribunal Regional Federal da 1\u00aa Regi\u00e3o (TRF1) negou a apela\u00e7\u00e3o de um ex-servidor da Ag\u00eancia Nacional de Energia El\u00e9trica (Aneel) que buscava receber uma indeniza\u00e7\u00e3o compensat\u00f3ria ap\u00f3s se aposentar. O ex-servidor queria o pagamento por um per\u00edodo de quatro meses ap\u00f3s ter exercido um cargo comissionado.<\/p>\n","protected":false},"author":5,"featured_media":0,"comment_status":"open","ping_status":"open","sticky":false,"template":"","format":"standard","meta":{"postBodyCss":"","postBodyMargin":[],"postBodyPadding":[],"postBodyBackground":{"backgroundType":"classic","gradient":""},"_price":"","_stock":"","_tribe_ticket_header":"","_tribe_default_ticket_provider":"","_tribe_ticket_capacity":"0","_ticket_start_date":"","_ticket_end_date":"","_tribe_ticket_show_description":"","_tribe_ticket_show_not_going":false,"_tribe_ticket_use_global_stock":"","_tribe_ticket_global_stock_level":"","_global_stock_mode":"","_global_stock_cap":"","_tribe_rsvp_for_event":"","_tribe_ticket_going_count":"","_tribe_ticket_not_going_count":"","_tribe_tickets_list":"[]","_tribe_ticket_has_attendee_info_fields":false,"footnotes":""},"categories":[46],"tags":[5095,5094,3467,10179,10177,200,10176,10178,3463,3462],"class_list":["post-11239","post","type-post","status-publish","format-standard","hentry","category-noticias","tag-agencia-nacional-de-energia-eletrica","tag-aneel","tag-apelacao","tag-cargo-comissionado","tag-ex-servidor","tag-indenizacao","tag-indenizacao-compensatoria","tag-negada","tag-trf1","tag-tribunal-regional-federal-da-1a-regiao"],"acf":[],"_links":{"self":[{"href":"https:\/\/sgpsolucoes.com.br\/site\/wp-json\/wp\/v2\/posts\/11239"}],"collection":[{"href":"https:\/\/sgpsolucoes.com.br\/site\/wp-json\/wp\/v2\/posts"}],"about":[{"href":"https:\/\/sgpsolucoes.com.br\/site\/wp-json\/wp\/v2\/types\/post"}],"author":[{"embeddable":true,"href":"https:\/\/sgpsolucoes.com.br\/site\/wp-json\/wp\/v2\/users\/5"}],"replies":[{"embeddable":true,"href":"https:\/\/sgpsolucoes.com.br\/site\/wp-json\/wp\/v2\/comments?post=11239"}],"version-history":[{"count":0,"href":"https:\/\/sgpsolucoes.com.br\/site\/wp-json\/wp\/v2\/posts\/11239\/revisions"}],"wp:attachment":[{"href":"https:\/\/sgpsolucoes.com.br\/site\/wp-json\/wp\/v2\/media?parent=11239"}],"wp:term":[{"taxonomy":"category","embeddable":true,"href":"https:\/\/sgpsolucoes.com.br\/site\/wp-json\/wp\/v2\/categories?post=11239"},{"taxonomy":"post_tag","embeddable":true,"href":"https:\/\/sgpsolucoes.com.br\/site\/wp-json\/wp\/v2\/tags?post=11239"}],"curies":[{"name":"wp","href":"https:\/\/api.w.org\/{rel}","templated":true}]}}