{"id":11253,"date":"2025-05-16T11:16:40","date_gmt":"2025-05-16T14:16:40","guid":{"rendered":"https:\/\/sgpsolucoes.com.br\/site\/?p=11253"},"modified":"2025-05-16T11:23:48","modified_gmt":"2025-05-16T14:23:48","slug":"stf-tem-maioria-para-manter-regra-do-tse-que-impede-registro-de-candidato-que-nao-prestar-contas","status":"publish","type":"post","link":"https:\/\/sgpsolucoes.com.br\/site\/stf-tem-maioria-para-manter-regra-do-tse-que-impede-registro-de-candidato-que-nao-prestar-contas\/","title":{"rendered":"STF tem maioria para manter regra do TSE que impede registro de candidato que n\u00e3o prestar contas"},"content":{"rendered":"<p><em><strong>Resolu\u00e7\u00e3o impede que candidato obtenha certid\u00e3o de quita\u00e7\u00e3o eleitoral at\u00e9 o fim da legislatura<\/strong><\/em><\/p><p>O Supremo Tribunal Federal (STF) formou maioria nesta quinta-feira (15) para confirmar a validade de uma regra do Tribunal Superior Eleitoral (TSE) que impede a obten\u00e7\u00e3o da certid\u00e3o de quita\u00e7\u00e3o eleitoral at\u00e9 o fim da legislatura para o candidato que n\u00e3o prestar contas de campanha no prazo. A falta da certid\u00e3o impossibilita o registro de candidatura para a elei\u00e7\u00e3o posterior.<\/p><div class=\"wp-block-image\"><figure class=\"aligncenter size-large is-resized\"><img decoding=\"async\" src=\"https:\/\/sgpsolucoes.com.br\/site\/wp-content\/uploads\/2025\/05\/image-13-1024x683.png\" alt=\"\" class=\"wp-image-11256\" style=\"width:453px;height:auto\"\/><figcaption class=\"wp-element-caption\"><em>Foto: Rosinei Coutinho\/STF<\/em><\/figcaption><\/figure><\/div><h5 class=\"wp-block-heading\"><strong>Inelegibilidade<\/strong><\/h5><p>A quest\u00e3o \u00e9 objeto da A\u00e7\u00e3o Direta de Inconstitucionalidade&nbsp;<a href=\"https:\/\/portal.stf.jus.br\/processos\/detalhe.asp?incidente=6947872\" target=\"_blank\" rel=\"noreferrer noopener\">(ADI) 7677<\/a>, apresentada pelo Partido dos Trabalhadores (PT) contra a Resolu\u00e7\u00e3o 23.607\/2019 do TSE. Na sess\u00e3o, o representante do partido afirmou que a san\u00e7\u00e3o \u00e9 desproporcional, pois partidos pol\u00edticos que n\u00e3o prestem contas no prazo s\u00e3o punidos com a suspens\u00e3o de repasses unicamente at\u00e9 regularizarem a pend\u00eancia, ao passo que os parlamentares ficam impedidos de obter a quita\u00e7\u00e3o at\u00e9 o final da legislatura. Ele afirmou que, na pr\u00e1tica, a resolu\u00e7\u00e3o cria uma possibilidade de inelegibilidade que n\u00e3o est\u00e1 prevista em lei.<\/p><h5 class=\"wp-block-heading\"><strong>Cumprimento de regras<\/strong><\/h5><p>Para o relator da a\u00e7\u00e3o, ministro Alexandre de Moraes, a resolu\u00e7\u00e3o n\u00e3o cria hip\u00f3tese de inelegibilidade, mas apenas impede o registro de candidaturas que descumpram o prazo para a presta\u00e7\u00e3o de contas. Ele destacou que a presta\u00e7\u00e3o de contas possibilita legitimar o processo eleitoral, evitando abuso de poder econ\u00f4mico, caixa dois e desvio de recursos p\u00fablicos, entre outras irregularidades. Lembrou, ainda, que a reprova\u00e7\u00e3o das contas n\u00e3o impede o registro de candidatura para a legislatura seguinte.<\/p><p>O ministro observou que a medida n\u00e3o \u00e9 surpresa para partidos ou candidatos, que t\u00eam essa informa\u00e7\u00e3o antecipadamente. Segundo ele, nas elei\u00e7\u00f5es municipais de 2020, mais de 34 mil candidatos deixaram de prestar contas, e n\u00e3o \u00e9 razo\u00e1vel trat\u00e1-los da mesma forma que candidatos que cumpriram a obriga\u00e7\u00e3o regularmente. \u201cA legisla\u00e7\u00e3o eleitoral n\u00e3o pode permitir subterf\u00fagios para beneficiar quem n\u00e3o quer cumprir as regras\u201d, afirmou.<\/p><p>Ap\u00f3s os votos dos ministros Fl\u00e1vio Dino, Cristiano Zanin, Andr\u00e9 Mendon\u00e7a, Nunes Marques, Luiz Fux, Dias Toffoli, Edson Fachin e Lu\u00eds Roberto Barroso, todos acompanhando o relator, o julgamento foi suspenso para aguardar o voto da ministra C\u00e1rmen L\u00facia, presidente do TSE, e do ministro Gilmar Mendes.<\/p><p><strong>Fonte: STF<\/strong><\/p>\n    <div class=\"xs_social_share_widget xs_share_url after_content \t\tmain_content  wslu-style-1 wslu-share-box-shaped wslu-fill-colored wslu-none wslu-share-horizontal wslu-theme-font-no wslu-main_content\">\n\n\t\t\n        <ul>\n\t\t\t        <\/ul>\n    <\/div> \n","protected":false},"excerpt":{"rendered":"<p>O Supremo Tribunal Federal (STF) formou maioria nesta quinta-feira (15) para confirmar a validade de uma regra do Tribunal Superior Eleitoral (TSE) que impede a obten\u00e7\u00e3o da certid\u00e3o de quita\u00e7\u00e3o eleitoral at\u00e9 o fim da legislatura para o candidato que n\u00e3o prestar contas de campanha no prazo. A falta da certid\u00e3o impossibilita o registro de candidatura para a elei\u00e7\u00e3o posterior.<\/p>\n","protected":false},"author":5,"featured_media":0,"comment_status":"open","ping_status":"open","sticky":false,"template":"","format":"standard","meta":{"postBodyCss":"","postBodyMargin":[],"postBodyPadding":[],"postBodyBackground":{"backgroundType":"classic","gradient":""},"_price":"","_stock":"","_tribe_ticket_header":"","_tribe_default_ticket_provider":"","_tribe_ticket_capacity":"0","_ticket_start_date":"","_ticket_end_date":"","_tribe_ticket_show_description":"","_tribe_ticket_show_not_going":false,"_tribe_ticket_use_global_stock":"","_tribe_ticket_global_stock_level":"","_global_stock_mode":"","_global_stock_cap":"","_tribe_rsvp_for_event":"","_tribe_ticket_going_count":"","_tribe_ticket_not_going_count":"","_tribe_tickets_list":"[]","_tribe_ticket_has_attendee_info_fields":false,"footnotes":""},"categories":[46],"tags":[86,2213,10200,10201,1042,8244,10066,7103,663,1259,10199,2265,6313,938,347,348,1760,1759,1364],"class_list":["post-11253","post","type-post","status-publish","format-standard","hentry","category-noticias","tag-campanha","tag-candidato","tag-certidao-de-quitacao-eleitoral","tag-contas-de-campanha","tag-eleicao","tag-inelegibilidade","tag-legislatura","tag-maioria","tag-prazo","tag-prestacao-de-contas-2","tag-registro-de-candidato","tag-registro-de-candidatura","tag-regra","tag-resolucao","tag-stf","tag-supremo-tribunal-federal","tag-tribunal-superior-eleitoral","tag-tse","tag-validade"],"acf":[],"_links":{"self":[{"href":"https:\/\/sgpsolucoes.com.br\/site\/wp-json\/wp\/v2\/posts\/11253"}],"collection":[{"href":"https:\/\/sgpsolucoes.com.br\/site\/wp-json\/wp\/v2\/posts"}],"about":[{"href":"https:\/\/sgpsolucoes.com.br\/site\/wp-json\/wp\/v2\/types\/post"}],"author":[{"embeddable":true,"href":"https:\/\/sgpsolucoes.com.br\/site\/wp-json\/wp\/v2\/users\/5"}],"replies":[{"embeddable":true,"href":"https:\/\/sgpsolucoes.com.br\/site\/wp-json\/wp\/v2\/comments?post=11253"}],"version-history":[{"count":0,"href":"https:\/\/sgpsolucoes.com.br\/site\/wp-json\/wp\/v2\/posts\/11253\/revisions"}],"wp:attachment":[{"href":"https:\/\/sgpsolucoes.com.br\/site\/wp-json\/wp\/v2\/media?parent=11253"}],"wp:term":[{"taxonomy":"category","embeddable":true,"href":"https:\/\/sgpsolucoes.com.br\/site\/wp-json\/wp\/v2\/categories?post=11253"},{"taxonomy":"post_tag","embeddable":true,"href":"https:\/\/sgpsolucoes.com.br\/site\/wp-json\/wp\/v2\/tags?post=11253"}],"curies":[{"name":"wp","href":"https:\/\/api.w.org\/{rel}","templated":true}]}}