{"id":11263,"date":"2025-05-16T11:29:10","date_gmt":"2025-05-16T14:29:10","guid":{"rendered":"https:\/\/sgpsolucoes.com.br\/site\/?p=11263"},"modified":"2025-05-16T11:29:12","modified_gmt":"2025-05-16T14:29:12","slug":"acao-questiona-decreto-que-estabelece-sancoes-administrativas-para-infracoes-ambientais-em-areas-rurais","status":"publish","type":"post","link":"https:\/\/sgpsolucoes.com.br\/site\/acao-questiona-decreto-que-estabelece-sancoes-administrativas-para-infracoes-ambientais-em-areas-rurais\/","title":{"rendered":"A\u00e7\u00e3o questiona decreto que estabelece san\u00e7\u00f5es administrativas para infra\u00e7\u00f5es ambientais em \u00e1reas rurais"},"content":{"rendered":"<p><em><strong>Segundo a Confedera\u00e7\u00e3o da Agricultura e Pecu\u00e1ria do Brasil, norma permite san\u00e7\u00f5es sem defesa pr\u00e9via<\/strong><\/em><\/p><p>A Confedera\u00e7\u00e3o da Agricultura e Pecu\u00e1ria do Brasil (CNA) apresentou no Supremo Tribunal Federal (STF) uma Argui\u00e7\u00e3o de Descumprimento de Preceito Fundamental (<strong><a href=\"https:\/\/portal.stf.jus.br\/processos\/detalhe.asp?incidente=7259500\" target=\"_blank\" rel=\"noreferrer noopener\">ADPF 1228<\/a><\/strong>), com pedido de liminar, contra dispositivos de um decreto que estabeleceu novas regras para aplica\u00e7\u00e3o de san\u00e7\u00f5es administrativas em casos de infra\u00e7\u00f5es ambientais em propriedades rurais. A a\u00e7\u00e3o foi distribu\u00edda ao ministro Gilmar Mendes.<\/p><p>Entre os principais pontos, a CNA alega que o Decreto 12.189\/2024 permite bloquear a utiliza\u00e7\u00e3o de \u00e1reas rurais em que n\u00e3o ocorreram infra\u00e7\u00f5es ambientais sem a especifica\u00e7\u00e3o da conduta do propriet\u00e1rio. Tamb\u00e9m sustenta que essas san\u00e7\u00f5es podem atingir produtores que tenham sido v\u00edtimas de inc\u00eandios criminosos ou de fen\u00f4menos naturais sem direito ao contradit\u00f3rio e \u00e0 ampla defesa.<\/p><p>Segundo a entidade, as novas regras criam obst\u00e1culos indevidos \u00e0 atividade produtiva rural, colocando em risco a seguran\u00e7a jur\u00eddica e a viabilidade econ\u00f4mica do setor.<\/p><p><strong>Fonte: STF<\/strong><\/p>\n    <div class=\"xs_social_share_widget xs_share_url after_content \t\tmain_content  wslu-style-1 wslu-share-box-shaped wslu-fill-colored wslu-none wslu-share-horizontal wslu-theme-font-no wslu-main_content\">\n\n\t\t\n        <ul>\n\t\t\t        <\/ul>\n    <\/div> \n","protected":false},"excerpt":{"rendered":"<p>A Confedera\u00e7\u00e3o da Agricultura e Pecu\u00e1ria do Brasil (CNA) apresentou no Supremo Tribunal Federal (STF) uma Argui\u00e7\u00e3o de Descumprimento de Preceito Fundamental (ADPF 1228), com pedido de liminar, contra dispositivos de um decreto que estabeleceu novas regras para aplica\u00e7\u00e3o de san\u00e7\u00f5es administrativas em casos de infra\u00e7\u00f5es ambientais em propriedades rurais. A a\u00e7\u00e3o foi distribu\u00edda ao ministro Gilmar Mendes.<\/p>\n","protected":false},"author":5,"featured_media":0,"comment_status":"open","ping_status":"open","sticky":false,"template":"","format":"standard","meta":{"postBodyCss":"","postBodyMargin":[],"postBodyPadding":[],"postBodyBackground":{"backgroundType":"classic","gradient":""},"_price":"","_stock":"","_tribe_ticket_header":"","_tribe_default_ticket_provider":"","_tribe_ticket_capacity":"0","_ticket_start_date":"","_ticket_end_date":"","_tribe_ticket_show_description":"","_tribe_ticket_show_not_going":false,"_tribe_ticket_use_global_stock":"","_tribe_ticket_global_stock_level":"","_global_stock_mode":"","_global_stock_cap":"","_tribe_rsvp_for_event":"","_tribe_ticket_going_count":"","_tribe_ticket_not_going_count":"","_tribe_tickets_list":"[]","_tribe_ticket_has_attendee_info_fields":false,"footnotes":""},"categories":[46],"tags":[3793,10208,7025,10205,5618,10206,10204,64,10203,5365,10202,1835,7234,10207,313,2707,347,348],"class_list":["post-11263","post","type-post","status-publish","format-standard","hentry","category-noticias","tag-acao","tag-adpf-1228","tag-ambientais","tag-areas-rurais","tag-arguicao-de-descumprimento-de-preceito-fundamental","tag-cna","tag-confederacao-da-agricultura-e-pecuaria-do-brasil","tag-decreto","tag-defesa-previa","tag-infracoes","tag-infracoes-ambientais","tag-liminar","tag-novas-regras","tag-propriedades-rurais","tag-sancoes","tag-sancoes-administrativas","tag-stf","tag-supremo-tribunal-federal"],"acf":[],"_links":{"self":[{"href":"https:\/\/sgpsolucoes.com.br\/site\/wp-json\/wp\/v2\/posts\/11263"}],"collection":[{"href":"https:\/\/sgpsolucoes.com.br\/site\/wp-json\/wp\/v2\/posts"}],"about":[{"href":"https:\/\/sgpsolucoes.com.br\/site\/wp-json\/wp\/v2\/types\/post"}],"author":[{"embeddable":true,"href":"https:\/\/sgpsolucoes.com.br\/site\/wp-json\/wp\/v2\/users\/5"}],"replies":[{"embeddable":true,"href":"https:\/\/sgpsolucoes.com.br\/site\/wp-json\/wp\/v2\/comments?post=11263"}],"version-history":[{"count":0,"href":"https:\/\/sgpsolucoes.com.br\/site\/wp-json\/wp\/v2\/posts\/11263\/revisions"}],"wp:attachment":[{"href":"https:\/\/sgpsolucoes.com.br\/site\/wp-json\/wp\/v2\/media?parent=11263"}],"wp:term":[{"taxonomy":"category","embeddable":true,"href":"https:\/\/sgpsolucoes.com.br\/site\/wp-json\/wp\/v2\/categories?post=11263"},{"taxonomy":"post_tag","embeddable":true,"href":"https:\/\/sgpsolucoes.com.br\/site\/wp-json\/wp\/v2\/tags?post=11263"}],"curies":[{"name":"wp","href":"https:\/\/api.w.org\/{rel}","templated":true}]}}