{"id":11296,"date":"2025-05-19T16:14:26","date_gmt":"2025-05-19T19:14:26","guid":{"rendered":"https:\/\/sgpsolucoes.com.br\/site\/?p=11296"},"modified":"2025-05-19T16:14:27","modified_gmt":"2025-05-19T19:14:27","slug":"posso-responder-a-mais-de-um-processo-sobre-o-mesmo-fato","status":"publish","type":"post","link":"https:\/\/sgpsolucoes.com.br\/site\/posso-responder-a-mais-de-um-processo-sobre-o-mesmo-fato\/","title":{"rendered":"Posso responder a MAIS DE UM PROCESSO sobre o mesmo fato?"},"content":{"rendered":"<p>Voc\u00ea j\u00e1 ouviu dizer que n\u00e3o \u00e9 poss\u00edvel responder a dois processos sobre o mesmo fato?<\/p><p>Isso \u00e9 verdade, mas apenas em parte!<\/p><p>Quando falamos das diferentes esferas do direito (como penal, c\u00edvel e administrativo), isso pode mudar.<\/p><p>Vamos te explicar!<\/p><p>O direito \u00e9 regido por uma s\u00e9rie de princ\u00edpios, que s\u00e3o extra\u00eddos tanto da Constitui\u00e7\u00e3o Federal, quanto legisla\u00e7\u00f5es ou at\u00e9 de tratados internacionais.<\/p><p>Um desses princ\u00edpios \u00e9 o chamado &#8220;ne bis in idem&#8221;, que significa que ningu\u00e9m pode ser processado ou punido duas vezes pelo mesmo fato, dentro da mesma esfera jur\u00eddica.<\/p><p>Al\u00e9m disso, tem o princ\u00edpio da independ\u00eancia das esferas.<\/p><p>Esse princ\u00edpio estabelece basicamente a possibilidade de responsabiliza\u00e7\u00e3o de um agente, por suas a\u00e7\u00f5es, de forma independente nas diferentes esferas jur\u00eddicas.<\/p><p>Isso porque, embora seja proibida a exist\u00eancia de dois processos penais sobre o mesmo fato, nada impede a exist\u00eancia de um processo c\u00edvel, um penal e tamb\u00e9m um administrativo com fundamento no mesmo fato.<\/p><p>Vamos consolidar esse conhecimento com um exemplo.<\/p><p>Digamos que um agente p\u00fablico foi preso em flagrante pelo crime de homic\u00eddio culposo no tr\u00e2nsito, ap\u00f3s colidir com outro carro, conduzindo uma viatura do Estado.<\/p><p>Esse agente ir\u00e1 responder pelo crime que cometeu, mas tamb\u00e9m responder\u00e1 um processo administrativo por ter praticado a conduta utilizando uma viatura estatal.<\/p><p>Ainda, poder\u00e1 responder um processo na \u00e1rea c\u00edvel, no qual a fam\u00edlia da v\u00edtima, por exemplo, busque uma repara\u00e7\u00e3o pelos danos causados ao ve\u00edculo e pela perda do familiar.<\/p><p>Conseguiu compreender?<\/p><p>J\u00e1 curte e compartilhe este post com seus amigos e deixe seu coment\u00e1rio aqui embaixo!<\/p><p>Siga-nos para mais dicas e informa\u00e7\u00f5es!<\/p><p>Acesse o CANAL SGP e fique sempre por dentro das principais novidades do universo do Direito P\u00fablico.<\/p><p>#direitopenal #direitoconstitucional #direitoadministrativo #responsabilidadecivil #nebisinidem #sgp #processocivel #processopenal<\/p>\n    <div class=\"xs_social_share_widget xs_share_url after_content \t\tmain_content  wslu-style-1 wslu-share-box-shaped wslu-fill-colored wslu-none wslu-share-horizontal wslu-theme-font-no wslu-main_content\">\n\n\t\t\n        <ul>\n\t\t\t        <\/ul>\n    <\/div> \n","protected":false},"excerpt":{"rendered":"<p>Voc\u00ea j\u00e1 ouviu dizer que n\u00e3o \u00e9 poss\u00edvel responder a dois processos sobre o mesmo fato?<\/p>\n<p>Isso \u00e9 verdade, mas apenas em parte!<\/p>\n","protected":false},"author":5,"featured_media":0,"comment_status":"open","ping_status":"open","sticky":false,"template":"","format":"standard","meta":{"postBodyCss":"","postBodyMargin":[],"postBodyPadding":[],"postBodyBackground":{"backgroundType":"classic","gradient":""},"_price":"","_stock":"","_tribe_ticket_header":"","_tribe_default_ticket_provider":"","_tribe_ticket_capacity":"0","_ticket_start_date":"","_ticket_end_date":"","_tribe_ticket_show_description":"","_tribe_ticket_show_not_going":false,"_tribe_ticket_use_global_stock":"","_tribe_ticket_global_stock_level":"","_global_stock_mode":"","_global_stock_cap":"","_tribe_rsvp_for_event":"","_tribe_ticket_going_count":"","_tribe_ticket_not_going_count":"","_tribe_tickets_list":"[]","_tribe_ticket_has_attendee_info_fields":false,"footnotes":""},"categories":[280],"tags":[1047,391,10253,10258,3644,10257,10259,10255,1230,10264,10256,10262,10254,10260,10261,10263,7534,3830,3088,7960],"class_list":["post-11296","post","type-post","status-publish","format-standard","hentry","category-destaques-e-curiosidades","tag-constituicao-federal","tag-direito","tag-direito-administrativo-2","tag-direito-civel","tag-direito-penal","tag-dois-processos","tag-duas-vezes","tag-em-parte","tag-fato","tag-legislacoes","tag-mais-de-um-processo","tag-mesma-esfera-juridica","tag-mesmo-fato","tag-ne-bis-in-idem","tag-ninguem-pode-ser-processado","tag-principio-da-independencia-das-esferas","tag-principios","tag-punido","tag-tratados-internacionais","tag-verdade"],"acf":[],"_links":{"self":[{"href":"https:\/\/sgpsolucoes.com.br\/site\/wp-json\/wp\/v2\/posts\/11296"}],"collection":[{"href":"https:\/\/sgpsolucoes.com.br\/site\/wp-json\/wp\/v2\/posts"}],"about":[{"href":"https:\/\/sgpsolucoes.com.br\/site\/wp-json\/wp\/v2\/types\/post"}],"author":[{"embeddable":true,"href":"https:\/\/sgpsolucoes.com.br\/site\/wp-json\/wp\/v2\/users\/5"}],"replies":[{"embeddable":true,"href":"https:\/\/sgpsolucoes.com.br\/site\/wp-json\/wp\/v2\/comments?post=11296"}],"version-history":[{"count":0,"href":"https:\/\/sgpsolucoes.com.br\/site\/wp-json\/wp\/v2\/posts\/11296\/revisions"}],"wp:attachment":[{"href":"https:\/\/sgpsolucoes.com.br\/site\/wp-json\/wp\/v2\/media?parent=11296"}],"wp:term":[{"taxonomy":"category","embeddable":true,"href":"https:\/\/sgpsolucoes.com.br\/site\/wp-json\/wp\/v2\/categories?post=11296"},{"taxonomy":"post_tag","embeddable":true,"href":"https:\/\/sgpsolucoes.com.br\/site\/wp-json\/wp\/v2\/tags?post=11296"}],"curies":[{"name":"wp","href":"https:\/\/api.w.org\/{rel}","templated":true}]}}