{"id":11305,"date":"2025-05-19T16:58:16","date_gmt":"2025-05-19T19:58:16","guid":{"rendered":"https:\/\/sgpsolucoes.com.br\/site\/?p=11305"},"modified":"2025-05-19T16:58:17","modified_gmt":"2025-05-19T19:58:17","slug":"tce-pr-orienta-municipios-na-prestacao-de-servicos-de-atendimento-a-saude-mental","status":"publish","type":"post","link":"https:\/\/sgpsolucoes.com.br\/site\/tce-pr-orienta-municipios-na-prestacao-de-servicos-de-atendimento-a-saude-mental\/","title":{"rendered":"TCE-PR orienta munic\u00edpios na presta\u00e7\u00e3o de servi\u00e7os de atendimento \u00e0 sa\u00fade mental"},"content":{"rendered":"<p>O Pleno do Tribunal de Contas do Estado do Paran\u00e1 homologou recomenda\u00e7\u00f5es a oito munic\u00edpios paranaenses para orient\u00e1-los a aprimorar a presta\u00e7\u00e3o dos servi\u00e7os de atendimento \u00e0 sa\u00fade mental. As medidas foram sugeridas pela Coordenadoria de Auditorias (CAUD) do TCE-PR, que detectou oportunidades de melhoria em Corb\u00e9lia, Dois Vizinhos, Lapa, Marechal C\u00e2ndido Rondon, Medianeira, Quedas do Igua\u00e7u, Santa Helena e S\u00e3o Miguel do Igua\u00e7u.<\/p><p>A CAUD fiscalizou as pol\u00edticas e a\u00e7\u00f5es empreendidas pelos munic\u00edpios, a fim de identificar e mitigar defici\u00eancias na presta\u00e7\u00e3o dos servi\u00e7os de atendimento \u00e0 sa\u00fade mental. Na auditoria realizada entre 1\u00ba de mar\u00e7o e 25 de outubro de 2024, que comp\u00f4s os trabalhos do&nbsp;<a href=\"https:\/\/www1.tce.pr.gov.br\/multimidia\/2024\/10\/pdf\/00390308.pdf\">Plano de Fiscaliza\u00e7\u00e3o (PAF) 2024-2025<\/a>&nbsp;&nbsp;do TCE-PR, foram detectados 14 achados. &#8220;Achado de auditoria&#8221; \u00e9 a designa\u00e7\u00e3o t\u00e9cnica para oportunidades de melhoria verificadas pelos auditores na execu\u00e7\u00e3o de um trabalho de fiscaliza\u00e7\u00e3o.<\/p><p>Como resultado dos trabalhos, foram identificadas oportunidades de melhoria em rela\u00e7\u00e3o \u00e0s Unidades B\u00e1sicas de Sa\u00fade (UBS) n\u00e3o prestarem assist\u00eancia ao usu\u00e1rio em alinhamento com a Portaria de Consolida\u00e7\u00e3o do Minist\u00e9rio da Sa\u00fade MS\/GM n\u00ba 3\/17 e n\u00e3o fazerem estratifica\u00e7\u00e3o dos usu\u00e1rios adstritos em tratamento de sa\u00fade mental; e a haver espa\u00e7o para aprimoramento na atua\u00e7\u00e3o do grupo condutor em sa\u00fade mental.<\/p><p>A equipe de auditoria tamb\u00e9m verificou que Centros de Aten\u00e7\u00e3o Psicossocial (Caps) n\u00e3o contam com equipe m\u00ednima; com ambientes e mobili\u00e1rio m\u00ednimos; e com a adequada conserva\u00e7\u00e3o dos espa\u00e7os, equipamentos e mobili\u00e1rio. Al\u00e9m disso, a equipe do Caps n\u00e3o se re\u00fane semanalmente para discuss\u00e3o de casos e avalia\u00e7\u00e3o dos processos de trabalho; o Caps n\u00e3o presta assist\u00eancia ao usu\u00e1rio em alinhamento com a Portaria de Consolida\u00e7\u00e3o MS\/GM n\u00ba 3\/17; e n\u00e3o divulga atividades ofertadas e fluxo de atendimento dentro de suas instala\u00e7\u00f5es.<\/p><p>Outras oportunidades de melhoria identificadas referem-se a munic\u00edpios n\u00e3o estabelecerem e monitorarem indicadores de sa\u00fade mental nos instrumentos de planejamento; n\u00e3o contarem com estudo de viabilidade para implanta\u00e7\u00e3o de estrat\u00e9gias de desinstitucionaliza\u00e7\u00e3o; n\u00e3o promoverem a\u00e7\u00f5es de reabilita\u00e7\u00e3o psicossocial voltadas \u00e0 gera\u00e7\u00e3o de trabalho e renda, empreendimentos solid\u00e1rios ou cooperativas sociais; n\u00e3o promoverem educa\u00e7\u00e3o permanente na \u00e1rea da sa\u00fade mental; e n\u00e3o contarem com a exist\u00eancia adequadamente institu\u00edda de grupo condutor em sa\u00fade mental.<\/p><p><strong>Decis\u00e3o<\/strong><\/p><p>Em seu voto, o relator do processo, conselheiro Ivens Linhares, atual presidente do TCE-PR, destacou a relev\u00e2ncia das evid\u00eancias obtidas e das an\u00e1lises realizadas pela CAUD, que apresentou sugest\u00f5es de provid\u00eancias para contribuir para o aperfei\u00e7oamento do atendimento em unidades voltadas \u00e0 sa\u00fade mental.<\/p><p>Linhares afirmou que, com base nos dados constantes dos autos, as medidas propostas s\u00e3o oportunas para promover nos munic\u00edpios fiscalizados melhorias em suas pol\u00edticas p\u00fablicas de presta\u00e7\u00e3o de servi\u00e7os de atendimento \u00e0 sa\u00fade mental. Assim, ele considerou necess\u00e1ria a homologa\u00e7\u00e3o das recomenda\u00e7\u00f5es.<\/p><p>Por meio da Sess\u00e3o de Plen\u00e1rio Virtual n\u00ba 5\/25 do Tribunal Pleno do TCE-PR, conclu\u00edda em 27 de mar\u00e7o, os demais membros do \u00f3rg\u00e3o colegiado acompanharam o voto do relator por unanimidade. O Ac\u00f3rd\u00e3o n\u00ba 656\/25 &#8211; Tribunal Pleno foi disponibilizado em 1\u00ba de abril, na&nbsp;<a href=\"https:\/\/www1.tce.pr.gov.br\/conteudo\/diario-eletronico-3415-2025-de-1%C2%BA-de-abril-de-2025\/362081\/area\/10\">edi\u00e7\u00e3o n\u00ba 3.415 do Di\u00e1rio Eletr\u00f4nico do TCE-PR (DETC)<\/a>. N\u00e3o houve recursos e a decis\u00e3o transitou em julgado no dia 8 de maio.<\/p><p><strong>Resolu\u00e7\u00e3o<\/strong><\/p><p>A partir da vig\u00eancia da&nbsp;<a href=\"https:\/\/www1.tce.pr.gov.br\/conteudo\/resolucao-n-73-de-22-de-agosto-de-2019\/323836\/area\/249\">Resolu\u00e7\u00e3o n\u00ba 73\/2019 do TCE-PR<\/a>, todos os procedimentos resultantes de trabalhos fiscalizat\u00f3rios realizados pelo Tribunal t\u00eam como ponto de partida a elabora\u00e7\u00e3o, pela unidade t\u00e9cnica respons\u00e1vel, de um Relat\u00f3rio de Fiscaliza\u00e7\u00e3o. Caso este apresente apenas sugest\u00f5es de medidas para sanar impropriedades encontradas na gest\u00e3o da entidade p\u00fablica em quest\u00e3o, \u00e9 instaurado processo de Homologa\u00e7\u00e3o de Recomenda\u00e7\u00f5es.<\/p><p>A medida tem como objetivo dar maior rapidez \u00e0 implementa\u00e7\u00e3o dessas iniciativas, indicadas apenas nos casos em que n\u00e3o s\u00e3o encontradas irregularidades de maior gravidade, que demandem a emiss\u00e3o de determina\u00e7\u00f5es ou a aplica\u00e7\u00e3o de san\u00e7\u00f5es &#8211; situa\u00e7\u00f5es ainda contempladas pelos processos de Representa\u00e7\u00e3o e Tomada de Contas Extraordin\u00e1ria.<\/p><p><strong><u>Servi\u00e7o<\/u><\/strong><\/p><figure class=\"wp-block-table\"><table class=\"has-fixed-layout\"><tbody><tr><td><strong>Processo n\u00ba<\/strong>:<\/td><td>47007\/25<\/td><\/tr><tr><td><strong>Ac\u00f3rd\u00e3o n\u00ba:<\/strong><\/td><td>656\/25 &#8211; Tribunal Pleno<\/td><\/tr><tr><td><strong>Assunto<\/strong>:<\/td><td>Homologa\u00e7\u00e3o de Recomenda\u00e7\u00f5es<\/td><\/tr><tr><td><strong>Entidades:<\/strong><\/td><td>Munic\u00edpios de Corb\u00e9lia, Dois Vizinhos, Lapa, Marechal C\u00e2ndido Rondon, Medianeira, Quedas do Igua\u00e7u, Santa Helena e S\u00e3o Miguel do Igua\u00e7u<\/td><\/tr><tr><td><strong>Relator<\/strong>:<\/td><td>Conselheiro Ivens Zschoerper Linhares<\/td><\/tr><\/tbody><\/table><\/figure><p>Fonte:&nbsp;TCE\/PR<\/p>\n    <div class=\"xs_social_share_widget xs_share_url after_content \t\tmain_content  wslu-style-1 wslu-share-box-shaped wslu-fill-colored wslu-none wslu-share-horizontal wslu-theme-font-no wslu-main_content\">\n\n\t\t\n        <ul>\n\t\t\t        <\/ul>\n    <\/div> \n","protected":false},"excerpt":{"rendered":"<p>O Pleno do Tribunal de Contas do Estado do Paran\u00e1 homologou recomenda\u00e7\u00f5es a oito munic\u00edpios paranaenses para orient\u00e1-los a aprimorar a presta\u00e7\u00e3o dos servi\u00e7os de atendimento \u00e0 sa\u00fade mental. As medidas foram sugeridas pela Coordenadoria de Auditorias (CAUD) do TCE-PR, que detectou oportunidades de melhoria em Corb\u00e9lia, Dois Vizinhos, Lapa, Marechal C\u00e2ndido Rondon, Medianeira, Quedas do Igua\u00e7u, Santa Helena e S\u00e3o Miguel do Igua\u00e7u.<\/p>\n","protected":false},"author":5,"featured_media":0,"comment_status":"open","ping_status":"open","sticky":false,"template":"","format":"standard","meta":{"postBodyCss":"","postBodyMargin":[],"postBodyPadding":[],"postBodyBackground":{"backgroundType":"classic","gradient":""},"_price":"","_stock":"","_tribe_ticket_header":"","_tribe_default_ticket_provider":"","_tribe_ticket_capacity":"0","_ticket_start_date":"","_ticket_end_date":"","_tribe_ticket_show_description":"","_tribe_ticket_show_not_going":false,"_tribe_ticket_use_global_stock":"","_tribe_ticket_global_stock_level":"","_global_stock_mode":"","_global_stock_cap":"","_tribe_rsvp_for_event":"","_tribe_ticket_going_count":"","_tribe_ticket_not_going_count":"","_tribe_tickets_list":"[]","_tribe_ticket_has_attendee_info_fields":false,"footnotes":""},"categories":[46],"tags":[10282,2956,2958,399,1199,3318,5695,500,354,356],"class_list":["post-11305","post","type-post","status-publish","format-standard","hentry","category-noticias","tag-atendimento-a-saude-mental","tag-caud","tag-coordenadoria-de-auditorias","tag-municipios","tag-pleno","tag-recomendacoes","tag-saude-mental","tag-servicos-2","tag-tce-pr","tag-tribunal-de-contas-do-estado-do-parana"],"acf":[],"_links":{"self":[{"href":"https:\/\/sgpsolucoes.com.br\/site\/wp-json\/wp\/v2\/posts\/11305"}],"collection":[{"href":"https:\/\/sgpsolucoes.com.br\/site\/wp-json\/wp\/v2\/posts"}],"about":[{"href":"https:\/\/sgpsolucoes.com.br\/site\/wp-json\/wp\/v2\/types\/post"}],"author":[{"embeddable":true,"href":"https:\/\/sgpsolucoes.com.br\/site\/wp-json\/wp\/v2\/users\/5"}],"replies":[{"embeddable":true,"href":"https:\/\/sgpsolucoes.com.br\/site\/wp-json\/wp\/v2\/comments?post=11305"}],"version-history":[{"count":0,"href":"https:\/\/sgpsolucoes.com.br\/site\/wp-json\/wp\/v2\/posts\/11305\/revisions"}],"wp:attachment":[{"href":"https:\/\/sgpsolucoes.com.br\/site\/wp-json\/wp\/v2\/media?parent=11305"}],"wp:term":[{"taxonomy":"category","embeddable":true,"href":"https:\/\/sgpsolucoes.com.br\/site\/wp-json\/wp\/v2\/categories?post=11305"},{"taxonomy":"post_tag","embeddable":true,"href":"https:\/\/sgpsolucoes.com.br\/site\/wp-json\/wp\/v2\/tags?post=11305"}],"curies":[{"name":"wp","href":"https:\/\/api.w.org\/{rel}","templated":true}]}}