{"id":11312,"date":"2025-05-20T14:19:07","date_gmt":"2025-05-20T17:19:07","guid":{"rendered":"https:\/\/sgpsolucoes.com.br\/site\/?p=11312"},"modified":"2025-05-20T14:19:08","modified_gmt":"2025-05-20T17:19:08","slug":"stf-realiza-seminario-internacional-sobre-direitos-humanos-e-novas-tecnologias","status":"publish","type":"post","link":"https:\/\/sgpsolucoes.com.br\/site\/stf-realiza-seminario-internacional-sobre-direitos-humanos-e-novas-tecnologias\/","title":{"rendered":"STF realiza semin\u00e1rio internacional sobre direitos humanos e novas tecnologias"},"content":{"rendered":"<p><em><strong>Evento ter\u00e1 palestras de ministros do STF e de especialistas de diferentes pa\u00edses para falar sobre desafios para regula\u00e7\u00e3o e mudan\u00e7as no setor<\/strong><\/em><\/p><p>O Supremo Tribunal Federal (STF) realiza em 28 de maio o semin\u00e1rio internacional \u201cDireitos Humanos e Novas Tecnologias: Experi\u00eancias de Fronteira\u201d, em parceria com o Escrit\u00f3rio do Alto Comissariado para Direitos Humanos das Na\u00e7\u00f5es Unidas. O evento ser\u00e1 aberto ao p\u00fablico e contar\u00e1 com a participa\u00e7\u00e3o dos ministros Lu\u00eds Roberto Barroso, presidente da Casa, e Edson Fachin, vice-presidente, al\u00e9m de grandes lideran\u00e7as e especialistas da Europa, \u00c1sia e Am\u00e9rica.<\/p><p>Para acompanhar basta fazer a&nbsp;<strong><a href=\"https:\/\/bit.ly\/Seminario-DireitosHumanos\" target=\"_blank\" rel=\"noreferrer noopener\">inscri\u00e7\u00e3o pelo link<\/a><\/strong>. O semin\u00e1rio ser\u00e1 realizado das 9h \u00e0s 12h30, na Sala de Sess\u00f5es da Primeira Turma.<\/p><p>Um dos focos do evento \u00e9 debater a rela\u00e7\u00e3o entre setor privado e direitos humanos na regula\u00e7\u00e3o de novas tecnologias diante das normativas nacionais, dos direitos fundamentais e dos Princ\u00edpios Orientadores das Na\u00e7\u00f5es Unidas sobre Empresas e Direitos Humanos (UNGPs).<\/p><p>Os debatedores tratar\u00e3o de temas como governan\u00e7a e responsabiliza\u00e7\u00e3o de plataformas, modelos de implementa\u00e7\u00e3o de marcos regulat\u00f3rios e impactos das mudan\u00e7as geopol\u00edticas no setor.<\/p><p>O semin\u00e1rio contar\u00e1 com quatro palestrantes internacionais: Agustina del Campo, professora na Universidade de Palermo (Argentina) e diretora do Centro de Estudos sobre Liberdade de Express\u00e3o; Catalina Botero, diretora da Faculdade de Direito da Universidad de los Andes (Col\u00f4mbia), ex-membro do Oversight Board da Meta e ex-relatora para a liberdade de express\u00e3o da OEA; Tim Engelhardt, oficial de Direitos Humanos da ONU; e Apar Gupta, advogado, fellow da Ashoka University (\u00cdndia) e cofundador da Internet Freedom Foundation.<\/p><p>As mesas de debate ser\u00e3o filmadas, e a grava\u00e7\u00e3o ser\u00e1 disponibilizada no&nbsp;<strong><a href=\"https:\/\/www.youtube.com\/c\/STF_oficial\" target=\"_blank\" rel=\"noreferrer noopener\">YouTube do STF<\/a><\/strong>&nbsp;ao final do evento.<\/p><p><strong><a href=\"https:\/\/noticias-stf-wp-prd.s3.sa-east-1.amazonaws.com\/wp-content\/uploads\/wpallimport\/uploads\/2025\/05\/20115709\/Programacao_Direitos-Humanos_v3.pdf\" target=\"_blank\" rel=\"noreferrer noopener\">Confira programa\u00e7\u00e3o<\/a><\/strong>.<\/p><h5 class=\"wp-block-heading\"><strong>Servi\u00e7o<\/strong><\/h5><p><strong>Semin\u00e1rio internacional \u201cDireitos Humanos e Novas Tecnologias:<\/strong>&nbsp;<strong>Experi\u00eancias de Fronteira\u201d<\/strong><br><strong>Quando:&nbsp;<\/strong>28\/05\/2025, das 9h \u00e0s 12h30<br><strong>Onde:<\/strong>&nbsp;Sala de Sess\u00f5es da Primeira Turma do STF<br><strong>Inscri\u00e7\u00f5es:<\/strong>&nbsp;<strong><a href=\"https:\/\/bit.ly\/Seminario-DireitosHumanos\" target=\"_blank\" rel=\"noreferrer noopener\">Link de inscri\u00e7\u00e3o<\/a><\/strong><\/p><p><strong>Fonte: STF<\/strong><\/p>\n    <div class=\"xs_social_share_widget xs_share_url after_content \t\tmain_content  wslu-style-1 wslu-share-box-shaped wslu-fill-colored wslu-none wslu-share-horizontal wslu-theme-font-no wslu-main_content\">\n\n\t\t\n        <ul>\n\t\t\t        <\/ul>\n    <\/div> \n","protected":false},"excerpt":{"rendered":"<p>O Supremo Tribunal Federal (STF) realiza em 28 de maio o semin\u00e1rio internacional \u201cDireitos Humanos e Novas Tecnologias: Experi\u00eancias de Fronteira\u201d, em parceria com o Escrit\u00f3rio do Alto Comissariado para Direitos Humanos das Na\u00e7\u00f5es Unidas. O evento ser\u00e1 aberto ao p\u00fablico e contar\u00e1 com a participa\u00e7\u00e3o dos ministros Lu\u00eds Roberto Barroso, presidente da Casa, e Edson Fachin, vice-presidente, al\u00e9m de grandes lideran\u00e7as e especialistas da Europa, \u00c1sia e Am\u00e9rica.<\/p>\n","protected":false},"author":5,"featured_media":0,"comment_status":"open","ping_status":"open","sticky":false,"template":"","format":"standard","meta":{"postBodyCss":"","postBodyMargin":[],"postBodyPadding":[],"postBodyBackground":{"backgroundType":"classic","gradient":""},"_price":"","_stock":"","_tribe_ticket_header":"","_tribe_default_ticket_provider":"","_tribe_ticket_capacity":"0","_ticket_start_date":"","_ticket_end_date":"","_tribe_ticket_show_description":"","_tribe_ticket_show_not_going":false,"_tribe_ticket_use_global_stock":"","_tribe_ticket_global_stock_level":"","_global_stock_mode":"","_global_stock_cap":"","_tribe_rsvp_for_event":"","_tribe_ticket_going_count":"","_tribe_ticket_not_going_count":"","_tribe_tickets_list":"[]","_tribe_ticket_has_attendee_info_fields":false,"footnotes":""},"categories":[46],"tags":[10293,2279,3587,10290,10294,10286,10292,10291,2151,1749,10285,10288,10287,972,8565,8568,10289,347,348],"class_list":["post-11312","post","type-post","status-publish","format-standard","hentry","category-noticias","tag-28-de-maio","tag-desafios","tag-direitos-humanos","tag-direitos-humanos-e-novas-tecnologias","tag-escritorio-do-alto-comissariado-para-direitos-humanos-das-nacoes-unidas","tag-especialistas","tag-experiencias-de-fronteira","tag-internacional","tag-ministros-do-stf","tag-mudancas","tag-novas-tecnologias","tag-paises","tag-palestras","tag-regulacao","tag-seminario","tag-seminario-internacional","tag-setor","tag-stf","tag-supremo-tribunal-federal"],"acf":[],"_links":{"self":[{"href":"https:\/\/sgpsolucoes.com.br\/site\/wp-json\/wp\/v2\/posts\/11312"}],"collection":[{"href":"https:\/\/sgpsolucoes.com.br\/site\/wp-json\/wp\/v2\/posts"}],"about":[{"href":"https:\/\/sgpsolucoes.com.br\/site\/wp-json\/wp\/v2\/types\/post"}],"author":[{"embeddable":true,"href":"https:\/\/sgpsolucoes.com.br\/site\/wp-json\/wp\/v2\/users\/5"}],"replies":[{"embeddable":true,"href":"https:\/\/sgpsolucoes.com.br\/site\/wp-json\/wp\/v2\/comments?post=11312"}],"version-history":[{"count":0,"href":"https:\/\/sgpsolucoes.com.br\/site\/wp-json\/wp\/v2\/posts\/11312\/revisions"}],"wp:attachment":[{"href":"https:\/\/sgpsolucoes.com.br\/site\/wp-json\/wp\/v2\/media?parent=11312"}],"wp:term":[{"taxonomy":"category","embeddable":true,"href":"https:\/\/sgpsolucoes.com.br\/site\/wp-json\/wp\/v2\/categories?post=11312"},{"taxonomy":"post_tag","embeddable":true,"href":"https:\/\/sgpsolucoes.com.br\/site\/wp-json\/wp\/v2\/tags?post=11312"}],"curies":[{"name":"wp","href":"https:\/\/api.w.org\/{rel}","templated":true}]}}