{"id":11315,"date":"2025-05-20T14:33:11","date_gmt":"2025-05-20T17:33:11","guid":{"rendered":"https:\/\/sgpsolucoes.com.br\/site\/?p=11315"},"modified":"2025-05-20T14:33:12","modified_gmt":"2025-05-20T17:33:12","slug":"informativo-stf-1177-2025","status":"publish","type":"post","link":"https:\/\/sgpsolucoes.com.br\/site\/informativo-stf-1177-2025\/","title":{"rendered":"Informativo STF 1177\/2025"},"content":{"rendered":"<p>A edi\u00e7\u00e3o&nbsp;<strong>1177\/2025<\/strong>&nbsp;do&nbsp;<strong>Informativo STF&nbsp;<\/strong>j\u00e1 est\u00e1 dispon\u00edvel.&nbsp;<\/p><p><strong><mark style=\"background-color:#fcb900\" class=\"has-inline-color\">Aten\u00e7\u00e3o para os seguintes destaques:<\/mark><\/strong><\/p><p><a href=\"https:\/\/portal.stf.jus.br\/processos\/detalhe.asp?incidente=6695490\">RE 1.449.302\/MS<\/a><a><\/a><a><\/a><a><\/a><a><\/a><\/p><p><strong>Relator:&nbsp;<\/strong>Ministro&nbsp;DIAS TOFFOLI<strong><\/strong><\/p><p><a><\/a><a><\/a><strong><em>Minist\u00e9rio P\u00fablico: legitimidade para liquida\u00e7\u00e3o coletiva de senten\u00e7a proferida em a\u00e7\u00e3o civil p\u00fablica sobre direitos individuais homog\u00eaneos dispon\u00edveis que visa \u00e0 repara\u00e7\u00e3o de danos individualmente sofridos pelas v\u00edtimas ou seus sucessores<\/em><\/strong><em>&nbsp;<\/em>(<a href=\"https:\/\/portal.stf.jus.br\/jurisprudenciaRepercussao\/verAndamentoProcesso.asp?incidente=6695490&amp;numeroProcesso=1449302&amp;classeProcesso=RE&amp;numeroTema=1270\">Tema 1.270 RG<\/a>)<em><\/em><\/p><p><strong>ODS:&nbsp;<\/strong><a href=\"http:\/\/portal.stf.jus.br\/hotsites\/agenda-2030\/index.html\">16<\/a><\/p><p>Controv\u00e9rsia constitucional em que se discute se o interesse p\u00fablico do qual se reveste o Minist\u00e9rio P\u00fablico, enquanto legitimado extraordin\u00e1rio para propor a a\u00e7\u00e3o civil p\u00fablica, alcan\u00e7a a persegui\u00e7\u00e3o do efetivo ressarcimento dos preju\u00edzos globalmente causados pela pessoa que atentou contra as normas jur\u00eddicas de car\u00e1ter p\u00fablico e lesou os consumidores, ou se a liquida\u00e7\u00e3o e\/ou execu\u00e7\u00e3o da senten\u00e7a gen\u00e9rica sobre direitos individuais dispon\u00edveis deve ser processada individualmente pelos interessados.<\/p><p>_____________________________________<\/p><p><a href=\"https:\/\/portal.stf.jus.br\/processos\/detalhe.asp?incidente=5788240\">RE 1.238.853\/RJ<\/a><a><\/a><a><\/a><\/p><p><strong>Relator:&nbsp;<\/strong>Ministro LU\u00cdS ROBERTO BARROSO<\/p><p><a><\/a><a><\/a><strong><em>Possibilidade de candidaturas avulsas em elei\u00e7\u00f5es majorit\u00e1rias<\/em><\/strong><strong>&nbsp;<\/strong>(<a href=\"https:\/\/portal.stf.jus.br\/jurisprudenciaRepercussao\/verAndamentoProcesso.asp?incidente=5788240&amp;numeroProcesso=1238853&amp;classeProcesso=RE&amp;numeroTema=974\">Tema 974 RG<\/a>)<strong><\/strong><\/p><p><strong>ODS<\/strong>:&nbsp;<a href=\"http:\/\/portal.stf.jus.br\/hotsites\/agenda-2030\/index.html\">16<\/a><\/p><p>Discuss\u00e3o constitucional em que se questiona a possibilidade do registro de candidatura para pleito majorit\u00e1rio desvinculada de filia\u00e7\u00e3o a algum partido pol\u00edtico.<\/p><p>_____________________________________<\/p><p><a href=\"https:\/\/portal.stf.jus.br\/processos\/detalhe.asp?incidente=5986083\">ARE 1.285.177\/ES<\/a><a><\/a><a><\/a><a><\/a><a><\/a><\/p><p><strong>Relator:&nbsp;<\/strong>Ministro&nbsp;CRISTIANO ZANIN<\/p><p><a><\/a><a><\/a><strong><em>Reintegra: aplicabilidade do princ\u00edpio da anterioridade geral (anual ou de exerc\u00edcio) em face das redu\u00e7\u00f5es de benef\u00edcios fiscais<\/em><\/strong>&nbsp;(<a href=\"https:\/\/portal.stf.jus.br\/jurisprudenciaRepercussao\/verAndamentoProcesso.asp?incidente=5986083&amp;numeroProcesso=1285177&amp;classeProcesso=ARE&amp;numeroTema=1108\">Tema 1.108 RG<\/a>)<\/p><p><strong>ODS<\/strong>:&nbsp;<a href=\"http:\/\/portal.stf.jus.br\/hotsites\/agenda-2030\/index.html\">17<\/a><\/p><p>Controv\u00e9rsia constitucional&nbsp;em que se discute a aplicabilidade do princ\u00edpio da anterioridade geral (anual ou de exerc\u00edcio) aos casos de redu\u00e7\u00e3o de al\u00edquota de benef\u00edcio fiscal, cujo aproveitamento dos cr\u00e9ditos tenha rela\u00e7\u00e3o direta com as contribui\u00e7\u00f5es sociais de que trata o&nbsp;<a href=\"https:\/\/www.planalto.gov.br\/ccivil_03\/constituicao\/constituicao.htm#:~:text=de%20custeio%20total.-,%C2%A7%206%C2%BA,-As%20contribui%C3%A7%C3%B5es%20sociais\">art. 195, \u00a7 6\u00ba, da Constitui\u00e7\u00e3o Federal de 1988<\/a>, como ocorre com o Regime Especial de Valores Tribut\u00e1rios para as Empresas Exportadoras (Reintegra).<\/p><p>_____________________________________<\/p><p><a href=\"https:\/\/portal.stf.jus.br\/processos\/detalhe.asp?incidente=7020169\">ADI 7.710\/DF<\/a><a><\/a><a><\/a><\/p><p><strong>Relator:<\/strong>&nbsp;Ministro DIAS TOFFOLI<\/p><p><a><strong><em>Minist\u00e9rio&nbsp;<\/em><\/strong><\/a><a><\/a><strong><em>P\u00fablico da Uni\u00e3o: transforma\u00e7\u00e3o de cargos<\/em><\/strong><strong><em><\/em><\/strong><\/p><p><strong>ODS:&nbsp;<\/strong><a href=\"http:\/\/portal.stf.jus.br\/hotsites\/agenda-2030\/index.html\">16<\/a><\/p><p>An\u00e1lise acerca da constitucionalidade de dispositivos da&nbsp;<a href=\"https:\/\/www.planalto.gov.br\/ccivil_03\/_ato2023-2026\/2023\/lei\/l14591.htm\">Lei n\u00ba 14.591\/2023<\/a>&nbsp;que transformam os cargos de analista do Minist\u00e9rio P\u00fablico da Uni\u00e3o em cargos de procurador da Justi\u00e7a Militar, de promotor da Justi\u00e7a Militar e em cargos em comiss\u00e3o.<\/p><p>_____________________________________<\/p><p><a href=\"https:\/\/portal.stf.jus.br\/processos\/detalhe.asp?incidente=6172075\">ADI 6.844\/DF<\/a><a><\/a><a><\/a><\/p><p><strong>Relator:<\/strong>&nbsp;Ministro LUIZ FUX<\/p><p><strong>ODS:<\/strong>&nbsp;<a href=\"http:\/\/portal.stf.jus.br\/hotsites\/agenda-2030\/index.html\">16<\/a><\/p><p><a><\/a><a><\/a><a><\/a><a><\/a><a><\/a><strong><em>Regime de Recupera\u00e7\u00e3o Fiscal dos estados e do Distrito Federal<\/em><\/strong><strong><em><\/em><\/strong><\/p><p>An\u00e1lise da constitucionalidade, \u00e0 luz das prerrogativas de autonomia, autogoverno e iniciativa legislativa do Tribunal de Contas da Uni\u00e3o, de dispositivos da&nbsp;<a href=\"https:\/\/www.planalto.gov.br\/ccivil_03\/leis\/lcp\/lcp159.htm#:~:text=II%20%2D%201%20(um)%20membro%2C%20entre%20auditores%20federais%20de%20controle%20externo%2C%20indicado%20pelo%20Tribunal%20de%20Contas%20da%20Uni%C3%A3o%3B\">Lei Complementar n\u00ba 159\/2017<\/a>&nbsp;que instituiu o Regime de Recupera\u00e7\u00e3o Fiscal dos estados e do Distrito Federal.<\/p><p>_____________________________________<\/p><p><a href=\"https:\/\/portal.stf.jus.br\/processos\/detalhe.asp?incidente=5128366\">ADI 5.654\/CE<\/a><a><\/a><\/p><p><a><\/a><a><\/a><a><\/a><a><\/a><a><strong>Relator:&nbsp;<\/strong><\/a>Ministro&nbsp;NUNES MARQUES<\/p><p><a><\/a><a><\/a><strong><em>Campo de incid\u00eancia do Imposto sobre Propriedade de Ve\u00edculos Automotores (IPVA)<\/em><\/strong><strong><em><\/em><\/strong><\/p><p><strong>ODS:<\/strong>&nbsp;<a href=\"http:\/\/portal.stf.jus.br\/hotsites\/agenda-2030\/index.html\">16<\/a><\/p><p>Exame da constitucionalidade de dispositivos das leis cearenses&nbsp;<a href=\"https:\/\/belt.al.ce.gov.br\/index.php\/legislacao-do-ceara\/organizacao-tematica\/viacao-transportes-desenvolvimento-urbano\/item\/1093-lei-n-12-023-de-20-11-92-d-o-de-20-11-92#:~:text=II%20%E2%80%93%20aeronaves%3A%202%2C5%25%20(dois%20v%C3%ADrgula%20cinco%20por%20cento)%3B\">n\u00ba 12.023\/1992<\/a>&nbsp;e&nbsp;<a href=\"https:\/\/belt.al.ce.gov.br\/index.php\/component\/k2\/item\/4086-lei-n-15-893-de-27-11-15-d-o-27-11-15#:~:text=Art.%201%C2%BA%20A%20Lei%20n%C2%BA%2012.023%2C%20de%2020%20de%20novembro%20de%201992%2C%20que%20disp%C3%B5e%20acerca%20do%20Imposto%20sobre%20a%20Propriedade%20de%20Ve%C3%ADculos%20Automotores%20%2D%20IPVA%2C%20passa%20a%20vigorar%20com%20a%20seguinte%20reda%C3%A7%C3%A3o%3A\">n\u00ba 15.893\/2015<\/a>, que versam sobre a inclus\u00e3o de aeronaves e embarca\u00e7\u00f5es no campo de incid\u00eancia do IPVA e que diferenciam as al\u00edquotas do IPVA de alguns ve\u00edculos com base na pot\u00eancia do motor e na capacidade de seus cilindros.<\/p><p>_____________________________________<\/p><p><a href=\"https:\/\/portal.stf.jus.br\/processos\/detalhe.asp?incidente=4795366\">ADPF 351\/SP<\/a><a><\/a><a><\/a><\/p><p><strong>Relator:&nbsp;<\/strong>Ministro NUNES MARQUES<\/p><p><a><\/a><a><\/a><strong><em>Poder Executivo: \u00f4nus de fixar al\u00edquotas e bases de c\u00e1lculo de taxas<\/em><\/strong><strong><em><\/em><\/strong><\/p><p><strong>ODS:&nbsp;<\/strong>1<a href=\"http:\/\/portal.stf.jus.br\/hotsites\/agenda-2030\/index.html\">2<\/a>&nbsp;e&nbsp;<a href=\"http:\/\/portal.stf.jus.br\/hotsites\/agenda-2030\/index.html\">16<\/a><\/p><p>An\u00e1lise da constitucionalidade de dispositivos&nbsp;da&nbsp;<a href=\"https:\/\/cespro.com.br\/visualizarDiploma.php?cdMunicipio=9141&amp;cdDiploma=198409852&amp;NroLei=985&amp;Word=&amp;Word2=\">Lei n\u00ba 985\/1984 do Munic\u00edpio de Morro Agudo\/SP<\/a>&nbsp;que delegaram ao Poder Executivo a compet\u00eancia para fixar as al\u00edquotas e as bases de c\u00e1lculo de taxas, ao estabelecerem que a cobran\u00e7a, a arrecada\u00e7\u00e3o, o pagamento, os valores e os c\u00e1lculos dos tributos ser\u00e3o efetuados conforme tabelas baixadas por decreto.<\/p><p>_____________________________________<\/p><p><a href=\"https:\/\/portal.stf.jus.br\/processos\/detalhe.asp?incidente=7052809\">ADI 7.725\/TO<\/a><a><\/a><a><\/a><\/p><p><strong>Relator:&nbsp;<\/strong>Ministro ANDR\u00c9 MENDON\u00c7A<strong><\/strong><\/p><p><a><\/a><a><\/a><strong><em>Proibi\u00e7\u00e3o de corte no fornecimento de energia el\u00e9trica e de \u00e1gua no \u00e2mbito estadual<\/em><\/strong><strong><em><\/em><\/strong><\/p><p>An\u00e1lise constitucional de dispositivo&nbsp;da&nbsp;<a href=\"https:\/\/www.al.to.leg.br\/arquivos\/lei_3533-2019_49734.PDF\">Lei n\u00ba 3.533\/2019 do Estado do Tocantins<\/a>&nbsp;que&nbsp;pro\u00edbe a suspens\u00e3o do fornecimento de energia el\u00e9trica e de \u00e1gua tratada pelas concession\u00e1rias por falta de pagamento de seus usu\u00e1rios em prazo inferior a 60 dias corridos.<\/p><p>_____________________________________<\/p><p><a href=\"https:\/\/portal.stf.jus.br\/processos\/detalhe.asp?incidente=6863422\">ADPF 1.132\/SP<\/a><\/p><p><strong>Relator:&nbsp;<\/strong>Ministro CRISTIANO ZANIN<\/p><p><a><\/a><a><\/a><strong><em>Servidores p\u00fablicos municipais: restri\u00e7\u00f5es ao direito de f\u00e9rias<\/em><\/strong><strong><em><\/em><\/strong><\/p><p><strong>ODS:&nbsp;<\/strong><a href=\"http:\/\/portal.stf.jus.br\/hotsites\/agenda-2030\/index.html\">3<\/a>&nbsp;e&nbsp;<a href=\"http:\/\/portal.stf.jus.br\/hotsites\/agenda-2030\/index.html\">8<\/a><\/p><p>An\u00e1lise da constitucionalidade de dispositivos&nbsp;da&nbsp;<a href=\"https:\/\/www.saobernardo.sp.gov.br\/documents\/758649\/758959\/Lei-ordinaria-1729-1968-Sao-bernardo-do-campo-SP-consolidada-%5B03-04-2019%5D.pdf\/cf4d7a12-492d-5296-5d52-983bb82c71b8?version=1.0\">Lei n\u00ba 1.729\/1968 do Munic\u00edpio de S\u00e3o Bernardo do Campo\/SP<\/a>&nbsp;que restringem o direito de f\u00e9rias dos servidores que tenham se afastado por licen\u00e7a m\u00e9dica por mais de 30 dias.<\/p><p>_____________________________________<\/p><p><a href=\"https:\/\/portal.stf.jus.br\/processos\/detalhe.asp?incidente=6961530\">ADI 7.676\/SP<\/a><a><\/a><a><\/a><\/p><p><strong>Relator:&nbsp;<\/strong>Ministro FL\u00c1VIO DINO<\/p><p><a><\/a><a><\/a><strong><em>Aposentadoria de servidores p\u00fablicos estaduais: tempo de exerc\u00edcio m\u00ednimo na mesma classe ou n\u00edvel<\/em><\/strong><strong><em><\/em><\/strong><\/p><p><strong>ODS:&nbsp;<\/strong><a href=\"http:\/\/portal.stf.jus.br\/hotsites\/agenda-2030\/index.html\">3<\/a><\/p><p>Exame da constitucionalidade de dispositivo&nbsp;da&nbsp;<a href=\"https:\/\/www.al.sp.gov.br\/repositorio\/legislacao\/lei.complementar\/2020\/lei.complementar-1354-06.03.2020.html\">Lei Complementar n\u00ba 1.354\/2020 do Estado de S\u00e3o Paulo<\/a>&nbsp;que disp\u00f5e sobre a obrigatoriedade de exerc\u00edcio m\u00ednimo de cinco anos na classe ou n\u00edvel em que se der a aposentadoria.<\/p><p>_____________________________________<\/p><p><a href=\"http:\/\/portal.stf.jus.br\/textos\/verTexto.asp?servico=informativoSTF\" target=\"_blank\" rel=\"noreferrer noopener\">Clique aqui para acessar a \u00edntegra deste Informativo.<\/a><\/p><p><strong>Fonte: STF<\/strong><\/p>\n    <div class=\"xs_social_share_widget xs_share_url after_content \t\tmain_content  wslu-style-1 wslu-share-box-shaped wslu-fill-colored wslu-none wslu-share-horizontal wslu-theme-font-no wslu-main_content\">\n\n\t\t\n        <ul>\n\t\t\t        <\/ul>\n    <\/div> \n","protected":false},"excerpt":{"rendered":"<p>A edi\u00e7\u00e3o\u00a01177\/2025\u00a0do\u00a0Informativo STF\u00a0j\u00e1 est\u00e1 dispon\u00edvel.\u00a0<\/p>\n","protected":false},"author":5,"featured_media":0,"comment_status":"open","ping_status":"open","sticky":false,"template":"","format":"standard","meta":{"postBodyCss":"","postBodyMargin":[],"postBodyPadding":[],"postBodyBackground":{"backgroundType":"classic","gradient":""},"_price":"","_stock":"","_tribe_ticket_header":"","_tribe_default_ticket_provider":"","_tribe_ticket_capacity":"0","_ticket_start_date":"","_ticket_end_date":"","_tribe_ticket_show_description":"","_tribe_ticket_show_not_going":false,"_tribe_ticket_use_global_stock":"","_tribe_ticket_global_stock_level":"","_global_stock_mode":"","_global_stock_cap":"","_tribe_rsvp_for_event":"","_tribe_ticket_going_count":"","_tribe_ticket_not_going_count":"","_tribe_tickets_list":"[]","_tribe_ticket_has_attendee_info_fields":false,"footnotes":""},"categories":[46],"tags":[10295,10296,259,1374,347],"class_list":["post-11315","post","type-post","status-publish","format-standard","hentry","category-noticias","tag-1177-2025","tag-edicao-1177-2025","tag-informativo","tag-informativo-stf","tag-stf"],"acf":[],"_links":{"self":[{"href":"https:\/\/sgpsolucoes.com.br\/site\/wp-json\/wp\/v2\/posts\/11315"}],"collection":[{"href":"https:\/\/sgpsolucoes.com.br\/site\/wp-json\/wp\/v2\/posts"}],"about":[{"href":"https:\/\/sgpsolucoes.com.br\/site\/wp-json\/wp\/v2\/types\/post"}],"author":[{"embeddable":true,"href":"https:\/\/sgpsolucoes.com.br\/site\/wp-json\/wp\/v2\/users\/5"}],"replies":[{"embeddable":true,"href":"https:\/\/sgpsolucoes.com.br\/site\/wp-json\/wp\/v2\/comments?post=11315"}],"version-history":[{"count":0,"href":"https:\/\/sgpsolucoes.com.br\/site\/wp-json\/wp\/v2\/posts\/11315\/revisions"}],"wp:attachment":[{"href":"https:\/\/sgpsolucoes.com.br\/site\/wp-json\/wp\/v2\/media?parent=11315"}],"wp:term":[{"taxonomy":"category","embeddable":true,"href":"https:\/\/sgpsolucoes.com.br\/site\/wp-json\/wp\/v2\/categories?post=11315"},{"taxonomy":"post_tag","embeddable":true,"href":"https:\/\/sgpsolucoes.com.br\/site\/wp-json\/wp\/v2\/tags?post=11315"}],"curies":[{"name":"wp","href":"https:\/\/api.w.org\/{rel}","templated":true}]}}