{"id":11327,"date":"2025-05-20T15:14:44","date_gmt":"2025-05-20T18:14:44","guid":{"rendered":"https:\/\/sgpsolucoes.com.br\/site\/?p=11327"},"modified":"2025-05-20T15:14:46","modified_gmt":"2025-05-20T18:14:46","slug":"apos-analise-da-legislacao-tce-es-da-90-dias-para-municipio-regularizar-servidores-na-procuradoria-juridica","status":"publish","type":"post","link":"https:\/\/sgpsolucoes.com.br\/site\/apos-analise-da-legislacao-tce-es-da-90-dias-para-municipio-regularizar-servidores-na-procuradoria-juridica\/","title":{"rendered":"Ap\u00f3s an\u00e1lise da legisla\u00e7\u00e3o, TCE-ES d\u00e1 90 dias para munic\u00edpio regularizar servidores na procuradoria jur\u00eddica\u202f"},"content":{"rendered":"<p>Conselheiros do\u00a0<mark><mark style=\"background-color:#ffffff\" class=\"has-inline-color has-black-color\">Tribunal de Contas do Estado do Esp\u00edrito Santo (TCE-ES)<\/mark><\/mark>\u00a0deram um\u00a0<strong>prazo de 90 dias<\/strong>\u00a0para que os gestores do munic\u00edpio de\u00a0<strong><a href=\"https:\/\/vilavalerio.es.gov.br\/\" target=\"_blank\" rel=\"noreferrer noopener\">Vila Val\u00e9rio<\/a><\/strong>\u00a0possam regularizar a situa\u00e7\u00e3o dos servidores que est\u00e3o lotados na procuradoria jur\u00eddica do munic\u00edpio. A necessidade de altera\u00e7\u00e3o foi observada durante a an\u00e1lise da legisla\u00e7\u00e3o municipal que criou, em 2022, o cargo de procurador Geral do Munic\u00edpio e tr\u00eas assessores da Procuradoria Geral.\u00a0<\/p><p>O caso foi estudado pelo relator, conselheiro Davi Diniz, ap\u00f3s den\u00fancia enviada ao TCE-ES pelo procurador Jur\u00eddico do munic\u00edpio. Em sua reclama\u00e7\u00e3o, ele alega que a Lei 963\/2022 desrespeita a Lei Org\u00e2nica do munic\u00edpio, o Estatuto da Ordem dos Advogados do Brasil (OAB), as jurisprud\u00eancias do TCE-ES e a Constitui\u00e7\u00e3o.&nbsp;<\/p><p>Das den\u00fancias apontadas pelo reclamante, a \u00e1rea t\u00e9cnica e o relator deram raz\u00e3o em dois pontos. O primeiro deles, no artigo 31 da legisla\u00e7\u00e3o municipal apresenta que \u201cos procuradores municipais poder\u00e3o exercer a advocacia contenciosa e consultiva, desde que em hor\u00e1rios compat\u00edveis com suas fun\u00e7\u00f5es p\u00fablicas e sem reflexos diretos ou indiretos para os interesses dos \u00f3rg\u00e3os e entidades da Administra\u00e7\u00e3o P\u00fablica Municipal Direta e Indireta, constituindo grave infra\u00e7\u00e3o funcional a viola\u00e7\u00e3o destas obriga\u00e7\u00f5es\u201d, o que segundo o TCE-ES afronta ao princ\u00edpio constitucional da moralidade.&nbsp;<\/p><p>\u201cOs Procuradores Gerais, Advogados Gerais, Defensores Gerais e dirigentes de \u00f3rg\u00e3os jur\u00eddicos da Administra\u00e7\u00e3o P\u00fablica direta, indireta e fundacional s\u00e3o exclusivamente legitimados para o exerc\u00edcio da advocacia vinculada \u00e0 fun\u00e7\u00e3o que exer\u00e7am, durante o per\u00edodo da investidura\u201d, apresentou Diniz em seu voto.&nbsp;<\/p><p>O outro ponto que est\u00e1 em desacordo com as normas legais \u00e9 o artigo 42, inciso II, da lei municipal 963\/2022. Ele estabelece:&nbsp;<\/p><p>\u201cFicam criados e inclu\u00eddos na estrutura da Procuradoria Geral do Munic\u00edpio os seguintes cargos de provimento em comiss\u00e3o: I [\u2026]; II- 03 cargos de Assessor da PGMVIVA; Par\u00e1grafo \u00danico. Os requisitos para nomea\u00e7\u00e3o e atribui\u00e7\u00f5es dos cargos previstos nos incisos II, s\u00e3o os constantes do Anexo II desta Lei.\u201d&nbsp;<\/p><p>Novamente, segundo o relator, seguido pelos demais conselheiros do TCE-ES, o dispositivo n\u00e3o tem legalidade. \u201cSobre esta norma, a unidade t\u00e9cnica entendeu pela manuten\u00e7\u00e3o de sua inconstitucionalidade tendo em vista que o ingresso de assessores que atuam nas atividades t\u00e9cnicas jur\u00eddicas rotineiras da procuradoria deve se dar por meio do pr\u00e9vio concurso p\u00fablico\u201d, corrigiu o relator amparado pela \u00e1rea t\u00e9cnica.\u202f\u202f&nbsp;<\/p><p>Deste modo, foi acolhido o Incidente de Inconstitucionalidade para negar a aplicabilidade dos artigos 31 e 42, inciso II, da lei municipal 963\/2023. A decis\u00e3o foi modulada para que os cargos criados em desacordo com a Constitui\u00e7\u00e3o possam continuar sendo ocupados por 90 dias para que seja efetivada a sua regulariza\u00e7\u00e3o.&nbsp;<\/p><p>Cabe recurso da decis\u00e3o.&nbsp;<\/p><p><strong><a href=\"https:\/\/www.tcees.tc.br\/consultas\/processo\/detalhar-processo?numero=5639&amp;ano=2023&amp;key=1b298586cb5d0b4502c0b65fee98832d44a320f4feb6593fc6c8c9f1c5e245796041ac1e4ed170490f369126f9621423152175b221d88bb996846fbef15e4343\" target=\"_blank\" rel=\"noreferrer noopener\">Processo TC 5639\/2023<\/a><\/strong>&nbsp;<\/p><figure class=\"wp-block-table\"><table class=\"has-fixed-layout\"><tbody><tr><td><strong>Resumo em t\u00f3picos<\/strong> <br><br><strong>Prazo para regulariza\u00e7\u00e3o<\/strong>: O TCE-ES concedeu 90 dias para que a prefeitura de Vila Val\u00e9rio regularize a situa\u00e7\u00e3o dos servidores lotados na procuradoria jur\u00eddica, ap\u00f3s an\u00e1lise da legisla\u00e7\u00e3o municipal.<br><br><strong>Den\u00fancia e an\u00e1lise<\/strong>: A den\u00fancia foi feita pelo pr\u00f3prio procurador jur\u00eddico do munic\u00edpio, apontando que a Lei 963\/2022 fere normas da OAB, a Constitui\u00e7\u00e3o e jurisprud\u00eancias do TCE-ES. Dois artigos foram considerados inconstitucionais.<br><br><strong>Pontos de ilegalidade<\/strong>: O artigo 31 permite o exerc\u00edcio da advocacia privada por procuradores municipais, o que fere o princ\u00edpio da moralidade. J\u00e1 o artigo 42, inciso II, cria cargos comissionados para fun\u00e7\u00f5es t\u00e9cnicas, que deveriam ser preenchidas por concurso p\u00fablico.<br><br><strong>Decis\u00e3o e consequ\u00eancias<\/strong>: O TCE-ES declarou a inconstitucionalidade dos dispositivos e determinou que os cargos irregulares sejam mantidos por at\u00e9 90 dias, prazo para a devida regulariza\u00e7\u00e3o. A decis\u00e3o ainda cabe recurso.<\/td><\/tr><\/tbody><\/table><\/figure><p><strong>Fonte<\/strong><strong>:<\/strong><strong> <\/strong><strong>TCE-ES<\/strong><\/p>\n    <div class=\"xs_social_share_widget xs_share_url after_content \t\tmain_content  wslu-style-1 wslu-share-box-shaped wslu-fill-colored wslu-none wslu-share-horizontal wslu-theme-font-no wslu-main_content\">\n\n\t\t\n        <ul>\n\t\t\t        <\/ul>\n    <\/div> \n","protected":false},"excerpt":{"rendered":"<p>Conselheiros do\u00a0Tribunal de Contas do Estado do Esp\u00edrito Santo (TCE-ES)\u00a0deram um\u00a0prazo de 90 dias\u00a0para que os gestores do munic\u00edpio de\u00a0Vila Val\u00e9rio\u00a0possam regularizar a situa\u00e7\u00e3o dos servidores que est\u00e3o lotados na procuradoria jur\u00eddica do munic\u00edpio. A necessidade de altera\u00e7\u00e3o foi observada durante a an\u00e1lise da legisla\u00e7\u00e3o municipal que criou, em 2022, o cargo de procurador Geral do Munic\u00edpio e tr\u00eas assessores da Procuradoria Geral.\u00a0<\/p>\n","protected":false},"author":5,"featured_media":0,"comment_status":"open","ping_status":"open","sticky":false,"template":"","format":"standard","meta":{"postBodyCss":"","postBodyMargin":[],"postBodyPadding":[],"postBodyBackground":{"backgroundType":"classic","gradient":""},"_price":"","_stock":"","_tribe_ticket_header":"","_tribe_default_ticket_provider":"","_tribe_ticket_capacity":"0","_ticket_start_date":"","_ticket_end_date":"","_tribe_ticket_show_description":"","_tribe_ticket_show_not_going":false,"_tribe_ticket_use_global_stock":"","_tribe_ticket_global_stock_level":"","_global_stock_mode":"","_global_stock_cap":"","_tribe_rsvp_for_event":"","_tribe_ticket_going_count":"","_tribe_ticket_not_going_count":"","_tribe_tickets_list":"[]","_tribe_ticket_has_attendee_info_fields":false,"footnotes":""},"categories":[46],"tags":[10315,368,688,460,10318,10314,10317,1344,4702,4707,10316],"class_list":["post-11327","post","type-post","status-publish","format-standard","hentry","category-noticias","tag-90-dias","tag-gestores","tag-legislacao","tag-municipio-2","tag-procuradoria","tag-procuradoria-juridica","tag-procuradoria-geral","tag-servidores","tag-tce-es","tag-tribunal-de-contas-do-estado-do-espirito-santo","tag-vila-valerio"],"acf":[],"_links":{"self":[{"href":"https:\/\/sgpsolucoes.com.br\/site\/wp-json\/wp\/v2\/posts\/11327"}],"collection":[{"href":"https:\/\/sgpsolucoes.com.br\/site\/wp-json\/wp\/v2\/posts"}],"about":[{"href":"https:\/\/sgpsolucoes.com.br\/site\/wp-json\/wp\/v2\/types\/post"}],"author":[{"embeddable":true,"href":"https:\/\/sgpsolucoes.com.br\/site\/wp-json\/wp\/v2\/users\/5"}],"replies":[{"embeddable":true,"href":"https:\/\/sgpsolucoes.com.br\/site\/wp-json\/wp\/v2\/comments?post=11327"}],"version-history":[{"count":0,"href":"https:\/\/sgpsolucoes.com.br\/site\/wp-json\/wp\/v2\/posts\/11327\/revisions"}],"wp:attachment":[{"href":"https:\/\/sgpsolucoes.com.br\/site\/wp-json\/wp\/v2\/media?parent=11327"}],"wp:term":[{"taxonomy":"category","embeddable":true,"href":"https:\/\/sgpsolucoes.com.br\/site\/wp-json\/wp\/v2\/categories?post=11327"},{"taxonomy":"post_tag","embeddable":true,"href":"https:\/\/sgpsolucoes.com.br\/site\/wp-json\/wp\/v2\/tags?post=11327"}],"curies":[{"name":"wp","href":"https:\/\/api.w.org\/{rel}","templated":true}]}}