{"id":11330,"date":"2025-05-20T15:20:07","date_gmt":"2025-05-20T18:20:07","guid":{"rendered":"https:\/\/sgpsolucoes.com.br\/site\/?p=11330"},"modified":"2025-05-20T15:20:08","modified_gmt":"2025-05-20T18:20:08","slug":"prefeitos-de-abaete-sao-multados-por-irregularidades-em-licitacao","status":"publish","type":"post","link":"https:\/\/sgpsolucoes.com.br\/site\/prefeitos-de-abaete-sao-multados-por-irregularidades-em-licitacao\/","title":{"rendered":"Prefeitos de Abaet\u00e9 s\u00e3o multados por irregularidades em licita\u00e7\u00e3o"},"content":{"rendered":"<p>Na sess\u00e3o da hoje (20\/05), a Segunda C\u00e2mara do Tribunal de Contas do Estado de Minas Gerais (TCEMG) considerou parcialmente procedente a&nbsp;<strong>Den\u00fancia n. 1114593<\/strong>, que traz supostas irregularidades nos preg\u00f5es presenciais ns. 10, 16 e 17 \u2014&nbsp;processos licitat\u00f3rios ns. 38\/2020, 55\/2020 e 58\/2020 \u2014 promovidos pela Prefeitura de Abaet\u00e9, visando \u00e0 contrata\u00e7\u00e3o de empresa para fornecimento de brita, p\u00f3 de pedra e lama asf\u00e1ltica para pavimenta\u00e7\u00e3o de vias, recapeamento e opera\u00e7\u00e3o tapa-buraco no munic\u00edpio.<\/p><p>O TCE refor\u00e7ou o entendimento do relator do processo, conselheiro em exerc\u00edcio Hamilton Coelho, que, em conson\u00e2ncia com o relat\u00f3rio da unidade t\u00e9cnica, considerou&nbsp;<strong>irregular a assinatura de sucessivos termos aditivos \u00e0s atas de registro de pre\u00e7os.&nbsp;<\/strong>Refor\u00e7ou oTribunal que apenas o 1\u00ba Termo Aditivo e o primeiro aumento do 2\u00ba Termo Aditivo foram devidamente justificados, n\u00e3o havendo qualquer documenta\u00e7\u00e3o referente ao aumento do custo dos produtos da segunda altera\u00e7\u00e3o ap\u00f3s 1\u00ba\/2\/2021. Tamb\u00e9m n\u00e3o consta a documenta\u00e7\u00e3o referente ao aumento no 3\u00ba Termo Aditivo, assinado ap\u00f3s a ata de registro de pre\u00e7os ter vencido.&nbsp;&nbsp;\u201c\u00c9 irregular proceder o reequil\u00edbrio econ\u00f4mico e financeiro dos contratos, sem demonstrar a altera\u00e7\u00e3o do pre\u00e7o de mercado ou a necessidade da revis\u00e3o dos valores pactuados\u201d, argumentou o relator do processo.&nbsp;&nbsp;<\/p><p>Dessa forma, o Tribunal de Contas multou o ex prefeito de Abaet\u00e9, Ivanir Deladirer da Costa, e tamb\u00e9m o atual, Armando Grego Filho, em R$ 3 mil por contrariar a&nbsp;&nbsp;Lei n. 8.666\/93. Recomendou, ainda, ao atual Chefe do Executivo que, em futuros procedimentos licitat\u00f3rios, observe o prazo de vig\u00eancia da ata de registro de pre\u00e7os, nos termos do art. 84 da Lei n. 14.133\/2021, que tamb\u00e9m rege a mat\u00e9ria. Cabe recurso desta decis\u00e3o.<\/p><p><strong>Fonte: TCE-MG<\/strong><\/p>\n    <div class=\"xs_social_share_widget xs_share_url after_content \t\tmain_content  wslu-style-1 wslu-share-box-shaped wslu-fill-colored wslu-none wslu-share-horizontal wslu-theme-font-no wslu-main_content\">\n\n\t\t\n        <ul>\n\t\t\t        <\/ul>\n    <\/div> \n","protected":false},"excerpt":{"rendered":"<p>Na sess\u00e3o da hoje (20\/05), a Segunda C\u00e2mara do Tribunal de Contas do Estado de Minas Gerais (TCEMG) considerou parcialmente procedente a\u00a0Den\u00fancia n. 1114593, que traz supostas irregularidades nos preg\u00f5es presenciais ns. 10, 16 e 17 \u2014\u00a0processos licitat\u00f3rios ns. 38\/2020, 55\/2020 e 58\/2020 \u2014 promovidos pela Prefeitura de Abaet\u00e9, visando \u00e0 contrata\u00e7\u00e3o de empresa para fornecimento de brita, p\u00f3 de pedra e lama asf\u00e1ltica para pavimenta\u00e7\u00e3o de vias, recapeamento e opera\u00e7\u00e3o tapa-buraco no munic\u00edpio.<\/p>\n","protected":false},"author":5,"featured_media":0,"comment_status":"open","ping_status":"open","sticky":false,"template":"","format":"standard","meta":{"postBodyCss":"","postBodyMargin":[],"postBodyPadding":[],"postBodyBackground":{"backgroundType":"classic","gradient":""},"_price":"","_stock":"","_tribe_ticket_header":"","_tribe_default_ticket_provider":"","_tribe_ticket_capacity":"0","_ticket_start_date":"","_ticket_end_date":"","_tribe_ticket_show_description":"","_tribe_ticket_show_not_going":false,"_tribe_ticket_use_global_stock":"","_tribe_ticket_global_stock_level":"","_global_stock_mode":"","_global_stock_cap":"","_tribe_rsvp_for_event":"","_tribe_ticket_going_count":"","_tribe_ticket_not_going_count":"","_tribe_tickets_list":"[]","_tribe_ticket_has_attendee_info_fields":false,"footnotes":""},"categories":[46],"tags":[10319,10325,2679,726,1113,2378,489,10322,138,3733,460,10323,1576,10321,529,10320,1156,4941,10324,372,361,1020,9352],"class_list":["post-11330","post","type-post","status-publish","format-standard","hentry","category-noticias","tag-abaete","tag-brita","tag-contratacao","tag-denuncia","tag-empresa","tag-fornecimento","tag-irregularidades","tag-lama-asfaltica","tag-licitacao-2","tag-multados","tag-municipio-2","tag-operacao-tapa-buraco","tag-pavimentacao","tag-po-de-pedra","tag-prefeitos","tag-prefeitura-de-abaete","tag-pregoes-presenciais","tag-processos-licitatorios","tag-recapeamento","tag-segunda-camara","tag-tce-mg","tag-tribunal-de-contas-do-estado-de-minas-gerais","tag-vias"],"acf":[],"_links":{"self":[{"href":"https:\/\/sgpsolucoes.com.br\/site\/wp-json\/wp\/v2\/posts\/11330"}],"collection":[{"href":"https:\/\/sgpsolucoes.com.br\/site\/wp-json\/wp\/v2\/posts"}],"about":[{"href":"https:\/\/sgpsolucoes.com.br\/site\/wp-json\/wp\/v2\/types\/post"}],"author":[{"embeddable":true,"href":"https:\/\/sgpsolucoes.com.br\/site\/wp-json\/wp\/v2\/users\/5"}],"replies":[{"embeddable":true,"href":"https:\/\/sgpsolucoes.com.br\/site\/wp-json\/wp\/v2\/comments?post=11330"}],"version-history":[{"count":0,"href":"https:\/\/sgpsolucoes.com.br\/site\/wp-json\/wp\/v2\/posts\/11330\/revisions"}],"wp:attachment":[{"href":"https:\/\/sgpsolucoes.com.br\/site\/wp-json\/wp\/v2\/media?parent=11330"}],"wp:term":[{"taxonomy":"category","embeddable":true,"href":"https:\/\/sgpsolucoes.com.br\/site\/wp-json\/wp\/v2\/categories?post=11330"},{"taxonomy":"post_tag","embeddable":true,"href":"https:\/\/sgpsolucoes.com.br\/site\/wp-json\/wp\/v2\/tags?post=11330"}],"curies":[{"name":"wp","href":"https:\/\/api.w.org\/{rel}","templated":true}]}}