{"id":11364,"date":"2025-05-21T12:27:43","date_gmt":"2025-05-21T15:27:43","guid":{"rendered":"https:\/\/sgpsolucoes.com.br\/site\/?p=11364"},"modified":"2025-05-21T12:27:44","modified_gmt":"2025-05-21T15:27:44","slug":"tce-mg-multa-servidores-em-mais-de-r-47-mil-por-acumulo-indevido-de-funcoes-publicas-na-saude","status":"publish","type":"post","link":"https:\/\/sgpsolucoes.com.br\/site\/tce-mg-multa-servidores-em-mais-de-r-47-mil-por-acumulo-indevido-de-funcoes-publicas-na-saude\/","title":{"rendered":"TCE-MG multa servidores em mais de R$ 47 mil por ac\u00famulo indevido de fun\u00e7\u00f5es p\u00fablicas na sa\u00fade"},"content":{"rendered":"<p>O Tribunal de Contas do Estado de Minas Gerais (TCEMG) aprovou, por unanimidade, nesta ter\u00e7a-feira (20\/5), mais de R$ 47 mil em multas para servidores p\u00fablicos pelo descumprimento de determina\u00e7\u00f5es legais quanto \u00e0 acumula\u00e7\u00e3o il\u00edcita de cargos p\u00fablicos.<\/p><p>A primeira irregularidade diz respeito ao m\u00e9dico Humberto Vaz Werneck J\u00fanior, que teve identificados cinco v\u00ednculos ativos &#8211; um como servidor efetivo e quatro como servidor tempor\u00e1rio, recebendo indevidamente uma remunera\u00e7\u00e3o mensal acumulada de R$ 34.576,63 &#8211; somados todos os v\u00ednculos nos munic\u00edpios de Tim\u00f3teo, Jaguara\u00e7u e Coronel Fabriciano.<\/p><p>Tamb\u00e9m foi decidido pelo encaminhamento de c\u00f3pia da decis\u00e3o dos conselheiros para o Minist\u00e9rio P\u00fablico junto ao Tribunal de Contas, em raz\u00e3o de poss\u00edvel ocorr\u00eancia de crime de falsidade ideol\u00f3gica do profissional. Isto porque o m\u00e9dico fez declara\u00e7\u00f5es perante a Prefeitura de Coronal Fabriciano afirmando n\u00e3o acumular cargos, emprego ou fun\u00e7\u00e3o p\u00fablica al\u00e9m do permitido pela Constitui\u00e7\u00e3o da Rep\u00fablica de 1988.<\/p><p>Ainda com rela\u00e7\u00e3o a este processo, a Primeira C\u00e2mara do TCEMG recomendou multa de R$ 17.648,06 ao atual chefe do Executivo de Jaguara\u00e7u, M\u00e1rcio de Lima de Paula, em fun\u00e7\u00e3o de neglig\u00eancia e obstru\u00e7\u00e3o para o avan\u00e7o e conclus\u00e3o desta fiscaliza\u00e7\u00e3o.<\/p><p>Os conselheiros votaram, ainda, pela inclus\u00e3o da Prefeitura de Jaguara\u00e7u na matriz de risco para ado\u00e7\u00e3o de poss\u00edveis medidas por parte do TCEMG, sobretudo na \u00e1rea da sa\u00fade e de seu quadro de pessoal, em que foram identificadas as irregularidades, devido ao descumprimento de determina\u00e7\u00f5es do Tribunal.<\/p><p><strong>Quatro v\u00ednculos<\/strong><\/p><p>Situa\u00e7\u00e3o semelhante foi verificada com ac\u00famulo de v\u00ednculos p\u00fablicos pelo servidor Iraci Lemos Pereira, em representa\u00e7\u00e3o formulada pelo Minist\u00e9rio P\u00fablico de Contas (MPCMG). A constata\u00e7\u00e3o foi de exist\u00eancia de quatro&nbsp; registros admissionais, sendo dois na Prefeitura de Pitangui, um com a Prefeitura de Concei\u00e7\u00e3o do Par\u00e1 e outro com a Prefeitura de Leandro Ferreira.<\/p><p>Por conta da totaliza\u00e7\u00e3o irregular de 100 horas semanais de trabalho, o m\u00e9dico fez jus, indevidamente, a uma remunera\u00e7\u00e3o mensal indevida de R$ 33.720,44. Diante disso, a Primeira C\u00e2mara do TCEMG votou pela aplica\u00e7\u00e3o de multa de R$ 20 mil ao profissional.<\/p><p>O tribunal ainda rejeitou o argumento da defesa do ex-prefeito de Pitangui, Marc\u00edlio Valadares, de que ele n\u00e3o deveria ser demandado juridicamente (ilegitimidade passiva). Com isso, sua responsabiliza\u00e7\u00e3o dever\u00e1 ser mantida nos processos.<\/p><p>Os respons\u00e1veis ser\u00e3o devidamente intimadas via Di\u00e1rio Oficial de Contas e tamb\u00e9m por meio postal. Vale lembrar que ainda cabe recurso pelas partes.&nbsp;<\/p><p><strong>Recomenda\u00e7\u00f5es<\/strong><\/p><p>Os atuais prefeitos de Coronel Fabriciano, Jaguara\u00e7u, Tim\u00f3teo, Pitangui,&nbsp; Concei\u00e7\u00e3o do Par\u00e1 e Leandro Ferreira, assim como aos controladores internos, tamb\u00e9m receberam recomenda\u00e7\u00f5es para conduta mais criteriosa em futuras admiss\u00f5es de pessoal, confer\u00eancia de v\u00ednculos p\u00fablicos ativos, controle para coibir a acumula\u00e7\u00e3o irregular de cargos, empregos e fun\u00e7\u00f5es, entre outras medidas.&nbsp;<\/p><p><strong>Fonte: TCE-MG<\/strong><\/p>\n    <div class=\"xs_social_share_widget xs_share_url after_content \t\tmain_content  wslu-style-1 wslu-share-box-shaped wslu-fill-colored wslu-none wslu-share-horizontal wslu-theme-font-no wslu-main_content\">\n\n\t\t\n        <ul>\n\t\t\t        <\/ul>\n    <\/div> \n","protected":false},"excerpt":{"rendered":"<p>O Tribunal de Contas do Estado de Minas Gerais (TCEMG) aprovou, por unanimidade, nesta ter\u00e7a-feira (20\/5), mais de R$ 47 mil em multas para servidores p\u00fablicos pelo descumprimento de determina\u00e7\u00f5es legais quanto \u00e0 acumula\u00e7\u00e3o il\u00edcita de cargos p\u00fablicos.<\/p>\n","protected":false},"author":5,"featured_media":0,"comment_status":"open","ping_status":"open","sticky":false,"template":"","format":"standard","meta":{"postBodyCss":"","postBodyMargin":[],"postBodyPadding":[],"postBodyBackground":{"backgroundType":"classic","gradient":""},"_price":"","_stock":"","_tribe_ticket_header":"","_tribe_default_ticket_provider":"","_tribe_ticket_capacity":"0","_ticket_start_date":"","_ticket_end_date":"","_tribe_ticket_show_description":"","_tribe_ticket_show_not_going":false,"_tribe_ticket_use_global_stock":"","_tribe_ticket_global_stock_level":"","_global_stock_mode":"","_global_stock_cap":"","_tribe_rsvp_for_event":"","_tribe_ticket_going_count":"","_tribe_ticket_not_going_count":"","_tribe_tickets_list":"[]","_tribe_ticket_has_attendee_info_fields":false,"footnotes":""},"categories":[46],"tags":[3188,10397,10398,4327,6692,10395,3522,2532,7226,3525,10396,291,891,3235,1344,1782,361,1014,1020,1043],"class_list":["post-11364","post","type-post","status-publish","format-standard","hentry","category-noticias","tag-acumulacao","tag-acumulacao-ilicita","tag-acumulacao-ilicita-de-cargos-publicos","tag-acumulo","tag-acumulo-indevido","tag-acumulo-indevido-de-funcoes-publicas","tag-cargos","tag-cargos-publicos","tag-determinacoes","tag-funcoes","tag-funcoes-publicas","tag-multa","tag-multas","tag-saude","tag-servidores","tag-servidores-publicos","tag-tce-mg","tag-tcemg","tag-tribunal-de-contas-do-estado-de-minas-gerais","tag-unanimidade"],"acf":[],"_links":{"self":[{"href":"https:\/\/sgpsolucoes.com.br\/site\/wp-json\/wp\/v2\/posts\/11364"}],"collection":[{"href":"https:\/\/sgpsolucoes.com.br\/site\/wp-json\/wp\/v2\/posts"}],"about":[{"href":"https:\/\/sgpsolucoes.com.br\/site\/wp-json\/wp\/v2\/types\/post"}],"author":[{"embeddable":true,"href":"https:\/\/sgpsolucoes.com.br\/site\/wp-json\/wp\/v2\/users\/5"}],"replies":[{"embeddable":true,"href":"https:\/\/sgpsolucoes.com.br\/site\/wp-json\/wp\/v2\/comments?post=11364"}],"version-history":[{"count":0,"href":"https:\/\/sgpsolucoes.com.br\/site\/wp-json\/wp\/v2\/posts\/11364\/revisions"}],"wp:attachment":[{"href":"https:\/\/sgpsolucoes.com.br\/site\/wp-json\/wp\/v2\/media?parent=11364"}],"wp:term":[{"taxonomy":"category","embeddable":true,"href":"https:\/\/sgpsolucoes.com.br\/site\/wp-json\/wp\/v2\/categories?post=11364"},{"taxonomy":"post_tag","embeddable":true,"href":"https:\/\/sgpsolucoes.com.br\/site\/wp-json\/wp\/v2\/tags?post=11364"}],"curies":[{"name":"wp","href":"https:\/\/api.w.org\/{rel}","templated":true}]}}