{"id":11389,"date":"2025-05-21T13:48:11","date_gmt":"2025-05-21T16:48:11","guid":{"rendered":"https:\/\/sgpsolucoes.com.br\/site\/?p=11389"},"modified":"2025-05-21T13:48:12","modified_gmt":"2025-05-21T16:48:12","slug":"caixa-deve-indenizar-aposentada-por-depositos-relativos-ao-fgts-nao-localizados","status":"publish","type":"post","link":"https:\/\/sgpsolucoes.com.br\/site\/caixa-deve-indenizar-aposentada-por-depositos-relativos-ao-fgts-nao-localizados\/","title":{"rendered":"Caixa deve indenizar aposentada por dep\u00f3sitos relativos ao FGTS n\u00e3o localizados"},"content":{"rendered":"<p><em><strong>Segunda Turma tamb\u00e9m reconheceu o direito ao saque de eventual quantia da conta\u00a0<\/strong><\/em><\/p><p>A Segunda Turma do Tribunal Regional Federal da 3\u00aa Regi\u00e3o (TRF3) condenou a Caixa Econ\u00f4mica Federal (Caixa) ao pagamento de indeniza\u00e7\u00e3o a uma aposentada do valor relativo a dep\u00f3sitos no Fundo de Garantia do Tempo de Servi\u00e7o (FGTS), com juros e corre\u00e7\u00e3o monet\u00e1ria, n\u00e3o localizados pela institui\u00e7\u00e3o financeira, bem como direito ao saque de eventual quantia existente na conta.&nbsp;<\/p><p>O montante se refere ao per\u00edodo em que a mulher obteve registros na Carteira de Trabalho e Previd\u00eancia Social (CTPS), a partir de mar\u00e7o de 1980 at\u00e9 o \u00faltimo v\u00ednculo empregat\u00edcio comprovado em 1988.&nbsp;<\/p><p>A decis\u00e3o do TRF3 reformou senten\u00e7a que havia negado o pedido no primeiro grau. Na ocasi\u00e3o, a 17\u00aa Vara Federal C\u00edvel de S\u00e3o Paulo\/SP argumentou que n\u00e3o restou comprovada a op\u00e7\u00e3o da autora pelo FGTS e que as contas n\u00e3o foram migradas para a Caixa.&nbsp;<\/p><p>Os magistrados consideraram que a institui\u00e7\u00e3o financeira, por ser o agente operador do FGTS, tem a obriga\u00e7\u00e3o de manter e controlar as contas vinculadas, n\u00e3o podendo se eximir da responsabilidade pela aus\u00eancia de informa\u00e7\u00f5es, salvo a comprova\u00e7\u00e3o da exist\u00eancia de excludente de responsabilidade.&nbsp;<\/p><p>\u201cA autora juntou documentos importantes para comprovar o direito alegado, declara\u00e7\u00e3o assinada por ela e pela empresa empregadora com a op\u00e7\u00e3o pelo regime do FGTS; extrato do banco deposit\u00e1rio com o n\u00famero da conta do fundo de garantia; carteira de trabalho com os v\u00ednculos empregat\u00edcios e as anota\u00e7\u00f5es\u201d, acrescentou a desembargadora federal relatora Renata Lotufo.&nbsp;<\/p><p>De acordo com o processo, a autora \u00e9 aposentada do Instituto Nacional do Seguro Social (INSS) e, desde o in\u00edcio da atividade laborativa, optou pelo regime do FGTS, n\u00e3o efetuando qualquer saque na conta vinculada. No entanto, quando se aposentou, ao procurar a institui\u00e7\u00e3o financeira, foi informada da aus\u00eancia de dados relativos aos per\u00edodos de contribui\u00e7\u00e3o. Com isso, ela acionou o Judici\u00e1rio. &nbsp; &nbsp;<\/p><p>Ao analisar o caso, Renata Lotufo disse que h\u00e1 precedentes do TRF3 reconhecendo que a institui\u00e7\u00e3o financeira deve responder pela aus\u00eancia de registros do FGTS.&nbsp;<\/p><p>\u201cA partir do momento em que a Caixa passou a exercer a fun\u00e7\u00e3o de agente operador \u00e9 \u00f4nus seu a verifica\u00e7\u00e3o de qual o destino do numer\u00e1rio depositado na conta vinculada, inclusive, cabe-lhe, por exemplo, requisitar dos antigos bancos deposit\u00e1rios os extratos e os numer\u00e1rios referentes as contas da autora\u201d, fundamentou. &nbsp;<\/p><p>A relatora ainda ponderou que n\u00e3o houve prova de que a aposentada tenha efetuado o saque dos valores antes da migra\u00e7\u00e3o das contas para a Caixa, tornando indevida a negativa de indeniza\u00e7\u00e3o pelo banco.&nbsp;<\/p><p>\u201cN\u00e3o \u00e9 razo\u00e1vel penalizar a autora por eventuais falhas das institui\u00e7\u00f5es financeiras\u201d, concluiu.&nbsp;<\/p><p>A Segunda Turma, por unanimidade, deu provimento ao recurso da autora.&nbsp;<\/p><p>Apela\u00e7\u00e3o C\u00edvel 0004876-60.2010.4.03.6100&nbsp;<\/p><p><strong>Fonte: TRF3 &nbsp;<\/strong><\/p>\n    <div class=\"xs_social_share_widget xs_share_url after_content \t\tmain_content  wslu-style-1 wslu-share-box-shaped wslu-fill-colored wslu-none wslu-share-horizontal wslu-theme-font-no wslu-main_content\">\n\n\t\t\n        <ul>\n\t\t\t        <\/ul>\n    <\/div> \n","protected":false},"excerpt":{"rendered":"<p>A Segunda Turma do Tribunal Regional Federal da 3\u00aa Regi\u00e3o (TRF3) condenou a Caixa Econ\u00f4mica Federal (Caixa) ao pagamento de indeniza\u00e7\u00e3o a uma aposentada do valor relativo a dep\u00f3sitos no Fundo de Garantia do Tempo de Servi\u00e7o (FGTS), com juros e corre\u00e7\u00e3o monet\u00e1ria, n\u00e3o localizados pela institui\u00e7\u00e3o financeira, bem como direito ao saque de eventual quantia existente na conta.\u00a0<\/p>\n","protected":false},"author":5,"featured_media":0,"comment_status":"open","ping_status":"open","sticky":false,"template":"","format":"standard","meta":{"postBodyCss":"","postBodyMargin":[],"postBodyPadding":[],"postBodyBackground":{"backgroundType":"classic","gradient":""},"_price":"","_stock":"","_tribe_ticket_header":"","_tribe_default_ticket_provider":"","_tribe_ticket_capacity":"0","_ticket_start_date":"","_ticket_end_date":"","_tribe_ticket_show_description":"","_tribe_ticket_show_not_going":false,"_tribe_ticket_use_global_stock":"","_tribe_ticket_global_stock_level":"","_global_stock_mode":"","_global_stock_cap":"","_tribe_rsvp_for_event":"","_tribe_ticket_going_count":"","_tribe_ticket_not_going_count":"","_tribe_tickets_list":"[]","_tribe_ticket_has_attendee_info_fields":false,"footnotes":""},"categories":[46],"tags":[10445,2596,2300,9208,10446,2460,5352,200,2302,10447,426,10448,10444,1567,4750,4749],"class_list":["post-11389","post","type-post","status-publish","format-standard","hentry","category-noticias","tag-aposentada","tag-caixa","tag-caixa-economica-federal","tag-correcao-monetaria","tag-depositos","tag-fgts","tag-fundo-de-garantia-do-tempo-de-servico","tag-indenizacao","tag-indenizar","tag-instituicao-financeira","tag-juros","tag-nao-localizados","tag-saque","tag-segunda-turma","tag-trf3","tag-tribunal-regional-federal-da-3a-regiao"],"acf":[],"_links":{"self":[{"href":"https:\/\/sgpsolucoes.com.br\/site\/wp-json\/wp\/v2\/posts\/11389"}],"collection":[{"href":"https:\/\/sgpsolucoes.com.br\/site\/wp-json\/wp\/v2\/posts"}],"about":[{"href":"https:\/\/sgpsolucoes.com.br\/site\/wp-json\/wp\/v2\/types\/post"}],"author":[{"embeddable":true,"href":"https:\/\/sgpsolucoes.com.br\/site\/wp-json\/wp\/v2\/users\/5"}],"replies":[{"embeddable":true,"href":"https:\/\/sgpsolucoes.com.br\/site\/wp-json\/wp\/v2\/comments?post=11389"}],"version-history":[{"count":0,"href":"https:\/\/sgpsolucoes.com.br\/site\/wp-json\/wp\/v2\/posts\/11389\/revisions"}],"wp:attachment":[{"href":"https:\/\/sgpsolucoes.com.br\/site\/wp-json\/wp\/v2\/media?parent=11389"}],"wp:term":[{"taxonomy":"category","embeddable":true,"href":"https:\/\/sgpsolucoes.com.br\/site\/wp-json\/wp\/v2\/categories?post=11389"},{"taxonomy":"post_tag","embeddable":true,"href":"https:\/\/sgpsolucoes.com.br\/site\/wp-json\/wp\/v2\/tags?post=11389"}],"curies":[{"name":"wp","href":"https:\/\/api.w.org\/{rel}","templated":true}]}}