{"id":11392,"date":"2025-05-21T13:53:53","date_gmt":"2025-05-21T16:53:53","guid":{"rendered":"https:\/\/sgpsolucoes.com.br\/site\/?p=11392"},"modified":"2025-05-21T13:53:54","modified_gmt":"2025-05-21T16:53:54","slug":"crmv-nao-pode-exigir-registro-de-empresa-varejista-de-comercio-de-carnes","status":"publish","type":"post","link":"https:\/\/sgpsolucoes.com.br\/site\/crmv-nao-pode-exigir-registro-de-empresa-varejista-de-comercio-de-carnes\/","title":{"rendered":"CRMV n\u00e3o pode exigir registro de empresa varejista de com\u00e9rcio de carnes"},"content":{"rendered":"<p>A Justi\u00e7a Federal de Bento Gon\u00e7alves (RS) julgou procedente a\u00e7\u00e3o proposta por uma pequena empresa, produtora de embutidos e a\u00e7ougue, contra o Conselho Regional de Medicina Veterin\u00e1ria (CRMV). A senten\u00e7a,&nbsp; publicada em 16\/05, \u00e9 do juiz Marcelo Roberto de Oliveira, titular da 1\u00aa Vara Federal.<\/p><p>A parte autora relatou ter sido surpreendida, em agosto de 2024, com cobran\u00e7as de anuidades referentes ao registro no CRMV. A suposta d\u00edvida seria retroativa ao per\u00edodo de 2019 a 2023. A empresa, ent\u00e3o, declarou ter assinado uma confiss\u00e3o de d\u00edvida, parcelando os valores que estavam em aberto. Contudo, depois de ter pago tr\u00eas presta\u00e7\u00f5es do parcelamento, entendeu que n\u00e3o estaria obrigada a manter registro junto ao referido Conselho.&nbsp;<\/p><p>Informou, ainda, que sua atividade principal consiste na fabrica\u00e7\u00e3o de embutidos derivados de carne, n\u00e3o sendo inerente \u00e0 profiss\u00e3o de m\u00e9dico veterin\u00e1rio. Solicitou a declara\u00e7\u00e3o de inexist\u00eancia da rela\u00e7\u00e3o jur\u00eddico-administrativa e a anula\u00e7\u00e3o do termo de confiss\u00e3o de d\u00edvida e do registro junto ao \u00f3rg\u00e3o de fiscaliza\u00e7\u00e3o.<\/p><p>O CRMV contestou, alegando que o pedido de registro foi feito espontaneamente pela empresa autora e que a inscri\u00e7\u00e3o no \u00f3rg\u00e3o seria obrigat\u00f3ria por se tratar de atividade que exigiria a presen\u00e7a de um veterin\u00e1rio como respons\u00e1vel t\u00e9cnico.<\/p><p>Na fundamenta\u00e7\u00e3o, o magistrado discorreu acerca da legisla\u00e7\u00e3o aplic\u00e1vel ao caso, citando jurisprud\u00eancias correlatas, e concluiu: \u201ca parte autora n\u00e3o pode ser submetida ao Poder de Pol\u00edcia do Conselho Regional de Medicina Veterin\u00e1ria, porque, saliente-se, n\u00e3o tem como atividade b\u00e1sica qualquer daquelas previstas nos arts. 5\u00ba e 6\u00ba da Lei n\u00ba 5.517\/68 (que s\u00e3o privativas do m\u00e9dico-veterin\u00e1rio), e tampouco presta servi\u00e7os dessa natureza a terceiros\u201d.<\/p><p>Foi declarada a inexist\u00eancia de rela\u00e7\u00e3o jur\u00eddica entre as partes, com a anula\u00e7\u00e3o do termo de confiss\u00e3o de d\u00edvida e condena\u00e7\u00e3o \u00e0 restitui\u00e7\u00e3o, em dobro, dos valores que haviam sido pagos ao r\u00e9u.<\/p><p>Cabe recurso ao Tribunal Regional Federal da 4\u00aa Regi\u00e3o.<\/p><p><strong>Fonte: TRF4<\/strong><\/p>\n    <div class=\"xs_social_share_widget xs_share_url after_content \t\tmain_content  wslu-style-1 wslu-share-box-shaped wslu-fill-colored wslu-none wslu-share-horizontal wslu-theme-font-no wslu-main_content\">\n\n\t\t\n        <ul>\n\t\t\t        <\/ul>\n    <\/div> \n","protected":false},"excerpt":{"rendered":"<p>A Justi\u00e7a Federal de Bento Gon\u00e7alves (RS) julgou procedente a\u00e7\u00e3o proposta por uma pequena empresa, produtora de embutidos e a\u00e7ougue, contra o Conselho Regional de Medicina Veterin\u00e1ria (CRMV). A senten\u00e7a,\u00a0 publicada em 16\/05, \u00e9 do juiz Marcelo Roberto de Oliveira, titular da 1\u00aa Vara Federal.<\/p>\n","protected":false},"author":5,"featured_media":0,"comment_status":"open","ping_status":"open","sticky":false,"template":"","format":"standard","meta":{"postBodyCss":"","postBodyMargin":[],"postBodyPadding":[],"postBodyBackground":{"backgroundType":"classic","gradient":""},"_price":"","_stock":"","_tribe_ticket_header":"","_tribe_default_ticket_provider":"","_tribe_ticket_capacity":"0","_ticket_start_date":"","_ticket_end_date":"","_tribe_ticket_show_description":"","_tribe_ticket_show_not_going":false,"_tribe_ticket_use_global_stock":"","_tribe_ticket_global_stock_level":"","_global_stock_mode":"","_global_stock_cap":"","_tribe_rsvp_for_event":"","_tribe_ticket_going_count":"","_tribe_ticket_not_going_count":"","_tribe_tickets_list":"[]","_tribe_ticket_has_attendee_info_fields":false,"footnotes":""},"categories":[46],"tags":[10454,7114,7754,10450,10458,10451,10456,10452,10453,10449,10455,1249,10457],"class_list":["post-11392","post","type-post","status-publish","format-standard","hentry","category-noticias","tag-acougue","tag-anuidades","tag-cobrancas","tag-comercio-de-carnes","tag-conselho-regional-de-medicina-veterinaria","tag-crmv","tag-embutidos","tag-empresa-varejista","tag-justica-federal-de-bento-goncalves","tag-pequena-empresa","tag-produtora","tag-registro","tag-registro-no-crmv"],"acf":[],"_links":{"self":[{"href":"https:\/\/sgpsolucoes.com.br\/site\/wp-json\/wp\/v2\/posts\/11392"}],"collection":[{"href":"https:\/\/sgpsolucoes.com.br\/site\/wp-json\/wp\/v2\/posts"}],"about":[{"href":"https:\/\/sgpsolucoes.com.br\/site\/wp-json\/wp\/v2\/types\/post"}],"author":[{"embeddable":true,"href":"https:\/\/sgpsolucoes.com.br\/site\/wp-json\/wp\/v2\/users\/5"}],"replies":[{"embeddable":true,"href":"https:\/\/sgpsolucoes.com.br\/site\/wp-json\/wp\/v2\/comments?post=11392"}],"version-history":[{"count":0,"href":"https:\/\/sgpsolucoes.com.br\/site\/wp-json\/wp\/v2\/posts\/11392\/revisions"}],"wp:attachment":[{"href":"https:\/\/sgpsolucoes.com.br\/site\/wp-json\/wp\/v2\/media?parent=11392"}],"wp:term":[{"taxonomy":"category","embeddable":true,"href":"https:\/\/sgpsolucoes.com.br\/site\/wp-json\/wp\/v2\/categories?post=11392"},{"taxonomy":"post_tag","embeddable":true,"href":"https:\/\/sgpsolucoes.com.br\/site\/wp-json\/wp\/v2\/tags?post=11392"}],"curies":[{"name":"wp","href":"https:\/\/api.w.org\/{rel}","templated":true}]}}