{"id":11401,"date":"2025-05-22T11:42:25","date_gmt":"2025-05-22T14:42:25","guid":{"rendered":"https:\/\/sgpsolucoes.com.br\/site\/?p=11401"},"modified":"2025-05-22T11:42:26","modified_gmt":"2025-05-22T14:42:26","slug":"stf-mantem-validade-de-norma-do-tse-sobre-proibicao-de-registro-de-candidato-que-nao-prestou-contas","status":"publish","type":"post","link":"https:\/\/sgpsolucoes.com.br\/site\/stf-mantem-validade-de-norma-do-tse-sobre-proibicao-de-registro-de-candidato-que-nao-prestou-contas\/","title":{"rendered":"STF mant\u00e9m validade de norma do TSE sobre proibi\u00e7\u00e3o de registro de candidato que n\u00e3o prestou contas"},"content":{"rendered":"<p><em><strong>Resolu\u00e7\u00e3o estabelece que candidato que perdeu prazo s\u00f3 pode obter a certid\u00e3o de quita\u00e7\u00e3o eleitoral ap\u00f3s o fim da legislatura<\/strong><\/em><\/p><p>O Supremo Tribunal Federal (STF) confirmou a validade de uma regra do Tribunal Superior Eleitoral (TSE) que impede o candidato de obter a certid\u00e3o de quita\u00e7\u00e3o eleitoral at\u00e9 o fim da legislatura se n\u00e3o prestar contas de campanha dentro do prazo. Sem a certid\u00e3o, n\u00e3o \u00e9 poss\u00edvel registar a candidatura para a elei\u00e7\u00e3o posterior.<\/p><p>Por unanimidade, o colegiado decidiu que a medida \u00e9 leg\u00edtima e proporcional ao dever de prestar contas e n\u00e3o cria nova hip\u00f3tese de inelegibilidade. Tamb\u00e9m foi decidido que a regra est\u00e1 dentro das atribui\u00e7\u00f5es da Justi\u00e7a Eleitoral. O julgamento, que come\u00e7ou na sess\u00e3o de 15\/5, foi conclu\u00eddo nesta tarde com os votos da ministra C\u00e1rmen L\u00facia e do ministro Gilmar Mendes.<\/p><h5 class=\"wp-block-heading\"><strong>San\u00e7\u00e3o desproporcional<\/strong><\/h5><p>A quest\u00e3o \u00e9 objeto da A\u00e7\u00e3o Direta de Inconstitucionalidade&nbsp;<strong><a href=\"https:\/\/portal.stf.jus.br\/processos\/detalhe.asp?incidente=6961606\" target=\"_blank\" rel=\"noreferrer noopener\">(ADI) 7677<\/a><\/strong>, apresentada pelo Partido dos Trabalhadores (PT) contra a Resolu\u00e7\u00e3o 23.607\/2019 do TSE. O argumento era de que a san\u00e7\u00e3o era desproporcional, porque os partidos que n\u00e3o prestam contas no prazo s\u00e3o punidos com a suspens\u00e3o de repasses somente at\u00e9 regularizarem a pend\u00eancia, ao passo que a san\u00e7\u00e3o aos candidatos se estende por todo o per\u00edodo da legislatura e impede o registro de candidatura para o pleito seguinte. Tamb\u00e9m foi alegado que a regra criaria uma cl\u00e1usula de inelegibilidade n\u00e3o prevista em lei.<\/p><h5 class=\"wp-block-heading\"><strong>Legitima\u00e7\u00e3o do processo eleitoral<\/strong><\/h5><p>Na sess\u00e3o anterior, o ministro Alexandre de Moraes (relator) afirmou que a presta\u00e7\u00e3o de contas legitima o processo eleitoral, evitando abuso de poder econ\u00f4mico, caixa dois e desvio de recursos p\u00fablicos, entre outras irregularidades. Lembrou, ainda, que a reprova\u00e7\u00e3o das contas de candidatos que cumpram o prazo n\u00e3o impede o registro de candidatura para a legislatura seguinte.<\/p><p>O ministro observou que, nas elei\u00e7\u00f5es municipais de 2020, mais de 34 mil candidatos deixaram de prestar contas. Ele salientou ainda que a obriga\u00e7\u00e3o \u00e9 conhecida antecipadamente por partidos e candidatos, e n\u00e3o seria razo\u00e1vel tratar da mesma forma os que a cumpriram regularmente e os que perderam o prazo.<br><br><strong><a href=\"https:\/\/noticias-stf-wp-prd.s3.sa-east-1.amazonaws.com\/wp-content\/uploads\/wpallimport\/uploads\/2025\/05\/22111759\/ADI-7677_info-sociedade_LL_rev.-LC-2.pdf\" target=\"_blank\" rel=\"noreferrer noopener\">Confira o resumo do julgamento.<\/a><\/strong><\/p><p><strong>Fonte: STF<\/strong><\/p>\n    <div class=\"xs_social_share_widget xs_share_url after_content \t\tmain_content  wslu-style-1 wslu-share-box-shaped wslu-fill-colored wslu-none wslu-share-horizontal wslu-theme-font-no wslu-main_content\">\n\n\t\t\n        <ul>\n\t\t\t        <\/ul>\n    <\/div> \n","protected":false},"excerpt":{"rendered":"<p>O Supremo Tribunal Federal (STF) confirmou a validade de uma regra do Tribunal Superior Eleitoral (TSE) que impede o candidato de obter a certid\u00e3o de quita\u00e7\u00e3o eleitoral at\u00e9 o fim da legislatura se n\u00e3o prestar contas de campanha dentro do prazo. Sem a certid\u00e3o, n\u00e3o \u00e9 poss\u00edvel registar a candidatura para a elei\u00e7\u00e3o posterior.<\/p>\n","protected":false},"author":5,"featured_media":0,"comment_status":"open","ping_status":"open","sticky":false,"template":"","format":"standard","meta":{"postBodyCss":"","postBodyMargin":[],"postBodyPadding":[],"postBodyBackground":{"backgroundType":"classic","gradient":""},"_price":"","_stock":"","_tribe_ticket_header":"","_tribe_default_ticket_provider":"","_tribe_ticket_capacity":"0","_ticket_start_date":"","_ticket_end_date":"","_tribe_ticket_show_description":"","_tribe_ticket_show_not_going":false,"_tribe_ticket_use_global_stock":"","_tribe_ticket_global_stock_level":"","_global_stock_mode":"","_global_stock_cap":"","_tribe_rsvp_for_event":"","_tribe_ticket_going_count":"","_tribe_ticket_not_going_count":"","_tribe_tickets_list":"[]","_tribe_ticket_has_attendee_info_fields":false,"footnotes":""},"categories":[46],"tags":[86,2213,10200,1338,1042,10473,10066,10472,663,1259,10426,10474,1249,938,347,348,1760,1364],"class_list":["post-11401","post","type-post","status-publish","format-standard","hentry","category-noticias","tag-campanha","tag-candidato","tag-certidao-de-quitacao-eleitoral","tag-contas","tag-eleicao","tag-fim-da-legislatura","tag-legislatura","tag-norma-do-tse","tag-prazo","tag-prestacao-de-contas-2","tag-proibicao","tag-quitacao-eleitoral","tag-registro","tag-resolucao","tag-stf","tag-supremo-tribunal-federal","tag-tribunal-superior-eleitoral","tag-validade"],"acf":[],"_links":{"self":[{"href":"https:\/\/sgpsolucoes.com.br\/site\/wp-json\/wp\/v2\/posts\/11401"}],"collection":[{"href":"https:\/\/sgpsolucoes.com.br\/site\/wp-json\/wp\/v2\/posts"}],"about":[{"href":"https:\/\/sgpsolucoes.com.br\/site\/wp-json\/wp\/v2\/types\/post"}],"author":[{"embeddable":true,"href":"https:\/\/sgpsolucoes.com.br\/site\/wp-json\/wp\/v2\/users\/5"}],"replies":[{"embeddable":true,"href":"https:\/\/sgpsolucoes.com.br\/site\/wp-json\/wp\/v2\/comments?post=11401"}],"version-history":[{"count":0,"href":"https:\/\/sgpsolucoes.com.br\/site\/wp-json\/wp\/v2\/posts\/11401\/revisions"}],"wp:attachment":[{"href":"https:\/\/sgpsolucoes.com.br\/site\/wp-json\/wp\/v2\/media?parent=11401"}],"wp:term":[{"taxonomy":"category","embeddable":true,"href":"https:\/\/sgpsolucoes.com.br\/site\/wp-json\/wp\/v2\/categories?post=11401"},{"taxonomy":"post_tag","embeddable":true,"href":"https:\/\/sgpsolucoes.com.br\/site\/wp-json\/wp\/v2\/tags?post=11401"}],"curies":[{"name":"wp","href":"https:\/\/api.w.org\/{rel}","templated":true}]}}