{"id":11413,"date":"2025-05-22T13:23:43","date_gmt":"2025-05-22T16:23:43","guid":{"rendered":"https:\/\/sgpsolucoes.com.br\/site\/?p=11413"},"modified":"2025-05-22T13:24:08","modified_gmt":"2025-05-22T16:24:08","slug":"tce-integra-programacao-do-iii-congresso-de-advocacia-publica-no-legislativo","status":"publish","type":"post","link":"https:\/\/sgpsolucoes.com.br\/site\/tce-integra-programacao-do-iii-congresso-de-advocacia-publica-no-legislativo\/","title":{"rendered":"TCE-SP integra programa\u00e7\u00e3o do III Congresso de Advocacia P\u00fablica no Legislativo"},"content":{"rendered":"<p>O Tribunal de Contas do Estado de S\u00e3o Paulo (TCESP) participar\u00e1, na sexta-feira (23\/5), de mesa tem\u00e1tica como parte da programa\u00e7\u00e3o do III Congresso de Advocacia P\u00fablica no Legislativo. Em sua 3\u00aa edi\u00e7\u00e3o, o evento, gratuito, traz como tema a \u2018Democracia, Governan\u00e7a e Integridade no Legislativo e o papel estrat\u00e9gico da Advocacia P\u00fablica\u2019.<\/p><p>O evento, que acontece nos dias 22 e 23 de maio, no audit\u00f3rio da sede da Ordem dos Advogados de S\u00e3o Paulo (OAB\/SP), reunir\u00e1 juristas, advogados p\u00fablicos, acad\u00eamicos e especialistas para debater os desafios e as oportunidades na implementa\u00e7\u00e3o de uma cultura de governan\u00e7a e integridade no \u00e2mbito Legislativo.<\/p><p>Na quinta-feira (22\/5), \u00e0s 15h15, a Vice-Presidente do TCE, Conselheira Cristiana de Castro Moraes, integra a mesa t\u00e9cnica com o tema \u2018Controle Interno, Externo e Social: Transpar\u00eancia e Presta\u00e7\u00e3o de Contas no Legislativo\u2019. A atividade contar\u00e1 com palestras da Procuradora do Minist\u00e9rio P\u00fablico de Contas, Renata Constante Cestari, e do Assessor T\u00e9cnico-Procurador do TCE, Guilherme Jardim Jurksaitis. &nbsp;A atividade ser\u00e1 mediada pelo Procurador na Assembleia Legislativa do Estado de S\u00e3o Paulo (Alesp) e Membro da Associa\u00e7\u00e3o Nacional dos Procuradores e Advogados e da Comiss\u00e3o de Advocacia P\u00fablica da OAB\/SP, Filipe Farias Correia.<\/p><p>O Congresso tem como p\u00fablico-alvo advogados p\u00fablicos do Legislativo nas 3 esferas federativas, advogados p\u00fablicos e privados, membros e servidores do Poder Legislativo, assessores parlamentares e p\u00fablico interessado em geral. Ao longo dos 2 dias de atividades, ser\u00e3o tratados temas como compliance e integridade nas contrata\u00e7\u00f5es p\u00fablicas, transpar\u00eancia e controle no processo legislativo, al\u00e9m dos impactos da intelig\u00eancia artificial na atua\u00e7\u00e3o da Advocacia P\u00fablica.<\/p><p>O encontro \u00e9 organizado pela OAB\/SP, pela Associa\u00e7\u00e3o Nacional dos Procuradores Legislativos Municipais (APROLEGIS) e pela Associa\u00e7\u00e3o Nacional dos Procuradores e Advogados do Poder Legislativo (ANPAL). A atividade tem como parceiros o Centro de Estudos Legislativos da Procuradoria da C\u00e2mara Municipal de S\u00e3o Paulo (CELEG) e o Instituto do Legislativo Paulista da Assembleia Legislativa do Estado de S\u00e3o Paulo (ILP).<\/p><p><strong><u>Servi\u00e7o P\u00fablico<\/u><\/strong><\/p><p><strong>III Congresso de Advocacia P\u00fablica no Legislativo<\/strong><br><strong>Dia 22 de maio<\/strong>, das 9h00 \u00e0s 18h00 <br><strong>Local: <\/strong>Sede institucional da OAB\/SP<br><strong>Endere\u00e7o: <\/strong>Rua Maria Paula, 35 &#8211; Bela Vista &#8211; S\u00e3o Paulo<br><br><strong>Dia 23 de maio<\/strong>, das 9h30 \u00e0s 18h00<br><strong>Local: <\/strong>C\u00e2mara Municipal de S\u00e3o Paulo\/SP<br><strong>Endere\u00e7o: <\/strong>Viaduto Jacare\u00ed, 100 &#8211; Bela Vista &#8211; S\u00e3o Paulo<br><\/p><p><strong>Fonte: TCE-SP<\/strong><\/p>\n    <div class=\"xs_social_share_widget xs_share_url after_content \t\tmain_content  wslu-style-1 wslu-share-box-shaped wslu-fill-colored wslu-none wslu-share-horizontal wslu-theme-font-no wslu-main_content\">\n\n\t\t\n        <ul>\n\t\t\t        <\/ul>\n    <\/div> \n","protected":false},"excerpt":{"rendered":"<p>O Tribunal de Contas do Estado de S\u00e3o Paulo (TCESP) participar\u00e1, na sexta-feira (23\/5), de mesa tem\u00e1tica como parte da programa\u00e7\u00e3o do III Congresso de Advocacia P\u00fablica no Legislativo. Em sua 3\u00aa edi\u00e7\u00e3o, o evento, gratuito, traz como tema a \u2018Democracia, Governan\u00e7a e Integridade no Legislativo e o papel estrat\u00e9gico da Advocacia P\u00fablica\u2019.<\/p>\n","protected":false},"author":5,"featured_media":0,"comment_status":"open","ping_status":"open","sticky":false,"template":"","format":"standard","meta":{"postBodyCss":"","postBodyMargin":[],"postBodyPadding":[],"postBodyBackground":{"backgroundType":"classic","gradient":""},"_price":"","_stock":"","_tribe_ticket_header":"","_tribe_default_ticket_provider":"","_tribe_ticket_capacity":"0","_ticket_start_date":"","_ticket_end_date":"","_tribe_ticket_show_description":"","_tribe_ticket_show_not_going":false,"_tribe_ticket_use_global_stock":"","_tribe_ticket_global_stock_level":"","_global_stock_mode":"","_global_stock_cap":"","_tribe_rsvp_for_event":"","_tribe_ticket_going_count":"","_tribe_ticket_not_going_count":"","_tribe_tickets_list":"[]","_tribe_ticket_has_attendee_info_fields":false,"footnotes":""},"categories":[46],"tags":[8242,10491,10490,10489,10487,10495,10493,2718,928,10488,5962,10484,10494,10492,3602,1827,10485,10359,10486,1420,67,272],"class_list":["post-11413","post","type-post","status-publish","format-standard","hentry","category-noticias","tag-advocacia-publica","tag-anpal","tag-aprolegis","tag-associacao-nacional-dos-procuradores-e-advogados-do-poder-legislativo","tag-associacao-nacional-dos-procuradores-legislativos-municipais","tag-celeg","tag-centro-de-estudos-legislativos-da-procuradoria-da-camara-municipal-de-sao-paulo","tag-congresso","tag-democracia","tag-evento-gratuito","tag-governanca","tag-iii-congresso-de-advocacia-publica-no-legislativo","tag-ilp","tag-instituto-do-legislativo-paulista-da-assembleia-legislativa-do-estado-de-sao-paulo","tag-integridade","tag-legislativo","tag-mesa-tematica","tag-oab-sp-2","tag-papel-estrategico","tag-tce-sp","tag-tcesp","tag-tribunal-de-contas-do-estado-de-sao-paulo"],"acf":[],"_links":{"self":[{"href":"https:\/\/sgpsolucoes.com.br\/site\/wp-json\/wp\/v2\/posts\/11413"}],"collection":[{"href":"https:\/\/sgpsolucoes.com.br\/site\/wp-json\/wp\/v2\/posts"}],"about":[{"href":"https:\/\/sgpsolucoes.com.br\/site\/wp-json\/wp\/v2\/types\/post"}],"author":[{"embeddable":true,"href":"https:\/\/sgpsolucoes.com.br\/site\/wp-json\/wp\/v2\/users\/5"}],"replies":[{"embeddable":true,"href":"https:\/\/sgpsolucoes.com.br\/site\/wp-json\/wp\/v2\/comments?post=11413"}],"version-history":[{"count":0,"href":"https:\/\/sgpsolucoes.com.br\/site\/wp-json\/wp\/v2\/posts\/11413\/revisions"}],"wp:attachment":[{"href":"https:\/\/sgpsolucoes.com.br\/site\/wp-json\/wp\/v2\/media?parent=11413"}],"wp:term":[{"taxonomy":"category","embeddable":true,"href":"https:\/\/sgpsolucoes.com.br\/site\/wp-json\/wp\/v2\/categories?post=11413"},{"taxonomy":"post_tag","embeddable":true,"href":"https:\/\/sgpsolucoes.com.br\/site\/wp-json\/wp\/v2\/tags?post=11413"}],"curies":[{"name":"wp","href":"https:\/\/api.w.org\/{rel}","templated":true}]}}