{"id":11451,"date":"2025-05-26T13:01:48","date_gmt":"2025-05-26T16:01:48","guid":{"rendered":"https:\/\/sgpsolucoes.com.br\/site\/?p=11451"},"modified":"2025-05-26T13:01:49","modified_gmt":"2025-05-26T16:01:49","slug":"jurisprudencia-em-teses-traz-novos-entendimentos-sobre-os-direitos-da-pessoa-com-transtorno-do-espectro-autista","status":"publish","type":"post","link":"https:\/\/sgpsolucoes.com.br\/site\/jurisprudencia-em-teses-traz-novos-entendimentos-sobre-os-direitos-da-pessoa-com-transtorno-do-espectro-autista\/","title":{"rendered":"Jurisprud\u00eancia em Teses traz novos entendimentos sobre os direitos da pessoa com transtorno do espectro autista"},"content":{"rendered":"<p>A Secretaria de Jurisprud\u00eancia e a de Gest\u00e3o da Informa\u00e7\u00e3o Bibliogr\u00e1fica do Superior Tribunal de Justi\u00e7a (STJ) disponibilizaram a&nbsp;<a href=\"https:\/\/scon.stj.jus.br\/SCON\/GetPDFJT?edicao=259\">edi\u00e7\u00e3o 259 de Jurisprud\u00eancia em Teses<\/a>, sobre o tema&nbsp;<em>Direitos da Pessoa com Transtorno do Espectro Autista (TEA)<\/em>. A equipe respons\u00e1vel pelo produto destacou duas teses.<\/p><p>A primeira tese mostra que \u00e9 abusiva a recusa de cobertura pela operadora do plano de sa\u00fade de terapia multidisciplinar, bem como a limita\u00e7\u00e3o do n\u00famero de sess\u00f5es, aos benefici\u00e1rios com diagn\u00f3stico de transtorno do espectro autista (TEA).<\/p><p>O segundo entendimento aponta que a equoterapia, a musicoterapia e a hidroterapia s\u00e3o de cobertura obrigat\u00f3ria pelas operadoras de planos de sa\u00fade para o tratamento de TEA.<\/p><h2 class=\"wp-block-heading\">A ferramenta<\/h2><p>Lan\u00e7ada em maio de 2014, Jurisprud\u00eancia em Teses apresenta diversos entendimentos do STJ sobre temas espec\u00edficos, escolhidos de acordo com sua relev\u00e2ncia no \u00e2mbito jur\u00eddico.<\/p><p>Cada edi\u00e7\u00e3o re\u00fane teses identificadas pela Secretaria de Jurisprud\u00eancia ap\u00f3s cuidadosa pesquisa nos precedentes do tribunal. Abaixo de cada uma delas, o usu\u00e1rio pode conferir os precedentes mais recentes sobre o tema, selecionados at\u00e9 a data especificada no documento.<\/p><p>Para visualizar a p\u00e1gina, clique em Jurisprud\u00eancia &gt; Jurisprud\u00eancia em Teses, na barra superior do&nbsp;<em>site<\/em>.<\/p><p><strong>Fonte: STJ<\/strong><\/p>\n    <div class=\"xs_social_share_widget xs_share_url after_content \t\tmain_content  wslu-style-1 wslu-share-box-shaped wslu-fill-colored wslu-none wslu-share-horizontal wslu-theme-font-no wslu-main_content\">\n\n\t\t\n        <ul>\n\t\t\t        <\/ul>\n    <\/div> \n","protected":false},"excerpt":{"rendered":"<p>A Secretaria de Jurisprud\u00eancia e a de Gest\u00e3o da Informa\u00e7\u00e3o Bibliogr\u00e1fica do Superior Tribunal de Justi\u00e7a (STJ) disponibilizaram a\u00a0edi\u00e7\u00e3o 259 de Jurisprud\u00eancia em Teses, sobre o tema\u00a0Direitos da Pessoa com Transtorno do Espectro Autista (TEA). A equipe respons\u00e1vel pelo produto destacou duas teses.<\/p>\n","protected":false},"author":5,"featured_media":0,"comment_status":"open","ping_status":"open","sticky":false,"template":"","format":"standard","meta":{"postBodyCss":"","postBodyMargin":[],"postBodyPadding":[],"postBodyBackground":{"backgroundType":"classic","gradient":""},"_price":"","_stock":"","_tribe_ticket_header":"","_tribe_default_ticket_provider":"","_tribe_ticket_capacity":"0","_ticket_start_date":"","_ticket_end_date":"","_tribe_ticket_show_description":"","_tribe_ticket_show_not_going":false,"_tribe_ticket_use_global_stock":"","_tribe_ticket_global_stock_level":"","_global_stock_mode":"","_global_stock_cap":"","_tribe_rsvp_for_event":"","_tribe_ticket_going_count":"","_tribe_ticket_not_going_count":"","_tribe_tickets_list":"[]","_tribe_ticket_has_attendee_info_fields":false,"footnotes":""},"categories":[46],"tags":[10541,10540,10542,7239,445,4077,10543,229,230,6008,5220,6012],"class_list":["post-11451","post","type-post","status-publish","format-standard","hentry","category-noticias","tag-direitos-da-pessoa","tag-direitos-da-pessoa-com-transtorno-do-espectro-autista","tag-edicao-259","tag-entendimentos","tag-jurisprudencia","tag-jurisprudencia-em-teses","tag-secretaria-de-jurisprudencia-e-a-de-gestao-da-informacao-bibliografica","tag-stj","tag-superior-tribunal-de-justica","tag-tea","tag-teses","tag-transtorno-do-espectro-autista"],"acf":[],"_links":{"self":[{"href":"https:\/\/sgpsolucoes.com.br\/site\/wp-json\/wp\/v2\/posts\/11451"}],"collection":[{"href":"https:\/\/sgpsolucoes.com.br\/site\/wp-json\/wp\/v2\/posts"}],"about":[{"href":"https:\/\/sgpsolucoes.com.br\/site\/wp-json\/wp\/v2\/types\/post"}],"author":[{"embeddable":true,"href":"https:\/\/sgpsolucoes.com.br\/site\/wp-json\/wp\/v2\/users\/5"}],"replies":[{"embeddable":true,"href":"https:\/\/sgpsolucoes.com.br\/site\/wp-json\/wp\/v2\/comments?post=11451"}],"version-history":[{"count":0,"href":"https:\/\/sgpsolucoes.com.br\/site\/wp-json\/wp\/v2\/posts\/11451\/revisions"}],"wp:attachment":[{"href":"https:\/\/sgpsolucoes.com.br\/site\/wp-json\/wp\/v2\/media?parent=11451"}],"wp:term":[{"taxonomy":"category","embeddable":true,"href":"https:\/\/sgpsolucoes.com.br\/site\/wp-json\/wp\/v2\/categories?post=11451"},{"taxonomy":"post_tag","embeddable":true,"href":"https:\/\/sgpsolucoes.com.br\/site\/wp-json\/wp\/v2\/tags?post=11451"}],"curies":[{"name":"wp","href":"https:\/\/api.w.org\/{rel}","templated":true}]}}