{"id":11457,"date":"2025-05-26T13:45:30","date_gmt":"2025-05-26T16:45:30","guid":{"rendered":"https:\/\/sgpsolucoes.com.br\/site\/?p=11457"},"modified":"2025-05-26T13:45:31","modified_gmt":"2025-05-26T16:45:31","slug":"relatorio-do-controle-interno-que-integra-pca-tem-que-seguir-modelo-fixado-em-in","status":"publish","type":"post","link":"https:\/\/sgpsolucoes.com.br\/site\/relatorio-do-controle-interno-que-integra-pca-tem-que-seguir-modelo-fixado-em-in\/","title":{"rendered":"Relat\u00f3rio do Controle Interno que integra PCA tem que seguir modelo fixado em IN"},"content":{"rendered":"<p>Ao elaborar o Relat\u00f3rio do Controle Interno, documento obrigat\u00f3rio na Presta\u00e7\u00e3o de Contas Anual, os \u00f3rg\u00e3os p\u00fablicos paranaenses devem seguir os requisitos m\u00ednimos exigidos pelo Tribunal de Contas do Estado do Paran\u00e1 (TCE-PR), conforme o modelo constante da Instru\u00e7\u00e3o Normativa que fixa as regras da PCA do respectivo exerc\u00edcio financeiro. A orienta\u00e7\u00e3o foi refor\u00e7ada pela Corte ao emitir determina\u00e7\u00e3o ao Cons\u00f3rcio Intermunicipal de Assist\u00eancia Social (Cias), com sede em Santa F\u00e9 (Regi\u00e3o Norte).<\/p><p>Os conselheiros que comp\u00f5em a Primeira C\u00e2mara do Tribunal julgaram regular com ressalva a PCA de 2023 da entidade. Na instru\u00e7\u00e3o do processo, a Coordenadoria de Gest\u00e3o Municipal (CGM) do TCE-PR apontou que o Relat\u00f3rio do Controle Interno anexado havia sido enviado em formato de arquivo de imagem, descumprindo a exig\u00eancia de envio em arquivo PDF pesquis\u00e1vel, solicitada na&nbsp;<a href=\"https:\/\/www1.tce.pr.gov.br\/conteudo\/instrucao-normativa-n-180-de-19-de-outubro-de-2023\/351177\/area\/249\">Instru\u00e7\u00e3o Normativa n\u00ba 180\/2023 do TCE-PR<\/a>.<\/p><p>Ap\u00f3s o apontamento da unidade t\u00e9cnica, a entidade enviou um novo relat\u00f3rio \u00e0 Corte atendendo o formato de arquivo exigido, e esclareceu que a falha teria ocorrido por desconhecimento t\u00e9cnico, e n\u00e3o por m\u00e1-f\u00e9, ao n\u00e3o identificar a diferen\u00e7a entre um arquivo PDF comum e um PDF pesquis\u00e1vel.<\/p><p>Ainda assim, devido \u00e0 apresenta\u00e7\u00e3o inicial do relat\u00f3rio em formato de arquivo irregular, a CGM opinou pela aplica\u00e7\u00e3o de multa ao gestor do cons\u00f3rcio. O Minist\u00e9rio P\u00fablico de Contas do Paran\u00e1 (MPC-PR), em seu parecer, concordou com o posicionamento da unidade t\u00e9cnica.<\/p><p><strong>Decis\u00e3o<\/strong><\/p><p>Em seu voto, o relator do processo, conselheiro-substituto Livio Sotero Costa, divergiu do posicionamento manifestado na instru\u00e7\u00e3o da CGM e no parecer do MPC-PR a respeito do caso. Ele considerou o bom hist\u00f3rico da entidade nas presta\u00e7\u00f5es de contas anteriores, e entendeu que ela &#8220;empreendeu esfor\u00e7os para a regulariza\u00e7\u00e3o das contas e est\u00e1 executando as provid\u00eancias necess\u00e1rias para adequar as irregularidades apontadas&#8221;.&nbsp;<\/p><p>Assim, Sotero Costa prop\u00f4s a expedi\u00e7\u00e3o de determina\u00e7\u00e3o para o Cons\u00f3rcio Intermunicipal de Assist\u00eancia Social de Santa F\u00e9, sem a aplica\u00e7\u00e3o de multa, para que, nos pr\u00f3ximos envios, siga os requisitos m\u00ednimos solicitados pelo Tribunal na elabora\u00e7\u00e3o do Relat\u00f3rio do Controle Interno, conforme modelo constante da Instru\u00e7\u00e3o Normativa do respectivo exerc\u00edcio.<\/p><p>Os demais membros do \u00f3rg\u00e3o colegiado do TCE-PR acompanharam, de forma un\u00e2nime, o voto do relator do processo na Sess\u00e3o de Plen\u00e1rio Virtual n\u00ba 5\/2025, conclu\u00edda em 16 de abril. O Ac\u00f3rd\u00e3o n\u00ba 901\/25 &#8211; Primeira C\u00e2mara, foi veiculado em 30 de abril, na&nbsp;<a href=\"https:\/\/www1.tce.pr.gov.br\/conteudo\/diario-eletronico-3433-2025-de-30-de-abril-de-2025\/362266\/area\/10\">edi\u00e7\u00e3o n\u00ba 3.433 do Di\u00e1rio Eletr\u00f4nico do TCE-PR<\/a>.<\/p><p><strong><u>Servi\u00e7o<\/u><\/strong><\/p><figure class=\"wp-block-table\"><table class=\"has-fixed-layout\"><tbody><tr><td><strong>Processo<\/strong>&nbsp;<strong>n\u00ba<\/strong>:<\/td><td>288560\/24<\/td><\/tr><tr><td><strong>Ac\u00f3rd\u00e3o n\u00ba:<\/strong><\/td><td>901\/25 &#8211; Primeira C\u00e2mara<\/td><\/tr><tr><td><strong>Assunto<\/strong>:<\/td><td>Presta\u00e7\u00e3o de Contas Anual<\/td><\/tr><tr><td><strong>Entidade<\/strong>:<\/td><td>Cons\u00f3rcio Intermunicipal de Assist\u00eancia Social de Santa F\u00e9<\/td><\/tr><tr><td><strong>Interessados:<\/strong><\/td><td>Edson Palotta Netto e Fernando Brambilla<\/td><\/tr><tr><td><strong>Relator<\/strong>:<\/td><td>Conselheiro-substituto Livio Fabiano Sotero Costa<\/td><\/tr><\/tbody><\/table><\/figure><p><strong>Fonte:&nbsp;TCE\/PR<\/strong><\/p>\n    <div class=\"xs_social_share_widget xs_share_url after_content \t\tmain_content  wslu-style-1 wslu-share-box-shaped wslu-fill-colored wslu-none wslu-share-horizontal wslu-theme-font-no wslu-main_content\">\n\n\t\t\n        <ul>\n\t\t\t        <\/ul>\n    <\/div> \n","protected":false},"excerpt":{"rendered":"<p>Ao elaborar o Relat\u00f3rio do Controle Interno, documento obrigat\u00f3rio na Presta\u00e7\u00e3o de Contas Anual, os \u00f3rg\u00e3os p\u00fablicos paranaenses devem seguir os requisitos m\u00ednimos exigidos pelo Tribunal de Contas do Estado do Paran\u00e1 (TCE-PR), conforme o modelo constante da Instru\u00e7\u00e3o Normativa que fixa as regras da PCA do respectivo exerc\u00edcio financeiro. A orienta\u00e7\u00e3o foi refor\u00e7ada pela Corte ao emitir determina\u00e7\u00e3o ao Cons\u00f3rcio Intermunicipal de Assist\u00eancia Social (Cias), com sede em Santa F\u00e9 (Regi\u00e3o Norte).<\/p>\n","protected":false},"author":5,"featured_media":0,"comment_status":"open","ping_status":"open","sticky":false,"template":"","format":"standard","meta":{"postBodyCss":"","postBodyMargin":[],"postBodyPadding":[],"postBodyBackground":{"backgroundType":"classic","gradient":""},"_price":"","_stock":"","_tribe_ticket_header":"","_tribe_default_ticket_provider":"","_tribe_ticket_capacity":"0","_ticket_start_date":"","_ticket_end_date":"","_tribe_ticket_show_description":"","_tribe_ticket_show_not_going":false,"_tribe_ticket_use_global_stock":"","_tribe_ticket_global_stock_level":"","_global_stock_mode":"","_global_stock_cap":"","_tribe_rsvp_for_event":"","_tribe_ticket_going_count":"","_tribe_ticket_not_going_count":"","_tribe_tickets_list":"[]","_tribe_ticket_has_attendee_info_fields":false,"footnotes":""},"categories":[46],"tags":[10549,10548,882,549,2571,2830,4849,2806,10550,354,356],"class_list":["post-11457","post","type-post","status-publish","format-standard","hentry","category-noticias","tag-cias","tag-consorcio-intermunicipal-de-assistencia-social","tag-controle-interno","tag-instrucao-normativa","tag-orgaos-publicos","tag-pca","tag-prestacao-de-contas-anual","tag-relatorio","tag-relatorio-do-controle-interno","tag-tce-pr","tag-tribunal-de-contas-do-estado-do-parana"],"acf":[],"_links":{"self":[{"href":"https:\/\/sgpsolucoes.com.br\/site\/wp-json\/wp\/v2\/posts\/11457"}],"collection":[{"href":"https:\/\/sgpsolucoes.com.br\/site\/wp-json\/wp\/v2\/posts"}],"about":[{"href":"https:\/\/sgpsolucoes.com.br\/site\/wp-json\/wp\/v2\/types\/post"}],"author":[{"embeddable":true,"href":"https:\/\/sgpsolucoes.com.br\/site\/wp-json\/wp\/v2\/users\/5"}],"replies":[{"embeddable":true,"href":"https:\/\/sgpsolucoes.com.br\/site\/wp-json\/wp\/v2\/comments?post=11457"}],"version-history":[{"count":0,"href":"https:\/\/sgpsolucoes.com.br\/site\/wp-json\/wp\/v2\/posts\/11457\/revisions"}],"wp:attachment":[{"href":"https:\/\/sgpsolucoes.com.br\/site\/wp-json\/wp\/v2\/media?parent=11457"}],"wp:term":[{"taxonomy":"category","embeddable":true,"href":"https:\/\/sgpsolucoes.com.br\/site\/wp-json\/wp\/v2\/categories?post=11457"},{"taxonomy":"post_tag","embeddable":true,"href":"https:\/\/sgpsolucoes.com.br\/site\/wp-json\/wp\/v2\/tags?post=11457"}],"curies":[{"name":"wp","href":"https:\/\/api.w.org\/{rel}","templated":true}]}}