{"id":11470,"date":"2025-05-26T15:19:03","date_gmt":"2025-05-26T18:19:03","guid":{"rendered":"https:\/\/sgpsolucoes.com.br\/site\/?p=11470"},"modified":"2025-05-26T15:19:04","modified_gmt":"2025-05-26T18:19:04","slug":"reconhecido-o-direito-de-matricula-de-estudante-que-concorreu-as-vagas-reservadas-pela-ufba-referentes-ao-sistema-de-cotas-raciais","status":"publish","type":"post","link":"https:\/\/sgpsolucoes.com.br\/site\/reconhecido-o-direito-de-matricula-de-estudante-que-concorreu-as-vagas-reservadas-pela-ufba-referentes-ao-sistema-de-cotas-raciais\/","title":{"rendered":"Reconhecido o direito de matr\u00edcula de estudante que concorreu \u00e0s vagas reservadas pela UFBA referentes ao sistema de cotas raciais"},"content":{"rendered":"<p>A 11\u00aa Turma do Tribunal Regional Federal da 1\u00aa Regi\u00e3o (TRF1) reformou senten\u00e7a da 7\u00aa Vara Federal da Se\u00e7\u00e3o Judici\u00e1ria da Bahia para declarar a ilegalidade do ato que desconsiderou a autodeclara\u00e7\u00e3o racial de uma estudante como parda, determinando sua matr\u00edcula no curso de Medicina da Universidade Federal da Bahia (UFBA). A candidata havia concorrido \u00e0s vagas reservadas a pessoas pretas e pardas, conforme previsto no sistema de cotas raciais da institui\u00e7\u00e3o.<\/p><p>Ao ser submetida \u00e0 comiss\u00e3o de heteroidentifica\u00e7\u00e3o, sua inscri\u00e7\u00e3o foi indeferida sob o argumento de que n\u00e3o apresentaria tra\u00e7os fenot\u00edpicos caracter\u00edsticos da popula\u00e7\u00e3o negra.<\/p><p>O relator, Desembargador Federal Newton Ramos, destacou a relev\u00e2ncia das cotas sociais \u201ccomo instrumento de pol\u00edticas p\u00fablicas voltado \u00e0 amplia\u00e7\u00e3o do acesso da popula\u00e7\u00e3o negra ao ensino superior e ao servi\u00e7o p\u00fablico, mostrando-se essenciais \u00e0 promo\u00e7\u00e3o da inclus\u00e3o social e \u00e0 democratiza\u00e7\u00e3o de oportunidades ao inserir essa parcela da popula\u00e7\u00e3o em espa\u00e7os de decis\u00e3o e constru\u00e7\u00e3o do conhecimento\u201d.<\/p><p>Sobre a pol\u00edtica de cotas, o Desembargador ressaltou a necessidade de uma abordagem mais cautelosa, que resguarde a primazia da autodeclara\u00e7\u00e3o do candidato como crit\u00e9rio principal de identifica\u00e7\u00e3o racial, a ser afastado apenas diante de ind\u00edcios concretos de fraude ou m\u00e1-f\u00e9.<\/p><p>Frisou, ainda, que \u201ca atua\u00e7\u00e3o das comiss\u00f5es de heteroidentifica\u00e7\u00e3o deve ser leg\u00edtima, mas subsidi\u00e1ria \u00e0 autodeclara\u00e7\u00e3o, funcionando como mecanismo de verifica\u00e7\u00e3o voltado \u00e0 preven\u00e7\u00e3o de fraudes, e n\u00e3o como instrumento de reinterpreta\u00e7\u00e3o da identidade racial dos candidatos\u201d.<\/p><p>No caso analisado, a comiss\u00e3o limitou-se a uma negativa gen\u00e9rica, sem indicar crit\u00e9rios objetivos para desconsiderar a autodeclara\u00e7\u00e3o, o que, segundo o Desembargador, viola os princ\u00edpios da motiva\u00e7\u00e3o e da razoabilidade.<\/p><p>Assim, havendo d\u00favida razo\u00e1vel quanto \u00e0 classifica\u00e7\u00e3o racial da candidata, e ausente prova de fraude ou m\u00e1-f\u00e9, imp\u00f5e-se a anula\u00e7\u00e3o do ato administrativo que impediu sua participa\u00e7\u00e3o nas vagas destinadas ao sistema de cotas, em conson\u00e2ncia com a jurisprud\u00eancia do Supremo Tribunal Federal, especialmente no julgamento da A\u00e7\u00e3o Declarat\u00f3ria de Constitucionalidade (ADC) n\u00ba 41.<\/p><p>Processo: 1026956-93.2022.4.01.3300<br><br>Data do julgamento: 12\/03\/2025<\/p><p><strong>Fonte: Tribunal Regional Federal da 1\u00aa Regi\u00e3o<\/strong><\/p>\n    <div class=\"xs_social_share_widget xs_share_url after_content \t\tmain_content  wslu-style-1 wslu-share-box-shaped wslu-fill-colored wslu-none wslu-share-horizontal wslu-theme-font-no wslu-main_content\">\n\n\t\t\n        <ul>\n\t\t\t        <\/ul>\n    <\/div> \n","protected":false},"excerpt":{"rendered":"<p>A 11\u00aa Turma do Tribunal Regional Federal da 1\u00aa Regi\u00e3o (TRF1) reformou senten\u00e7a da 7\u00aa Vara Federal da Se\u00e7\u00e3o Judici\u00e1ria da Bahia para declarar a ilegalidade do ato que desconsiderou a autodeclara\u00e7\u00e3o racial de uma estudante como parda, determinando sua matr\u00edcula no curso de Medicina da Universidade Federal da Bahia (UFBA). A candidata havia concorrido \u00e0s vagas reservadas a pessoas pretas e pardas, conforme previsto no sistema de cotas raciais da institui\u00e7\u00e3o.<\/p>\n","protected":false},"author":5,"featured_media":0,"comment_status":"open","ping_status":"open","sticky":false,"template":"","format":"standard","meta":{"postBodyCss":"","postBodyMargin":[],"postBodyPadding":[],"postBodyBackground":{"backgroundType":"classic","gradient":""},"_price":"","_stock":"","_tribe_ticket_header":"","_tribe_default_ticket_provider":"","_tribe_ticket_capacity":"0","_ticket_start_date":"","_ticket_end_date":"","_tribe_ticket_show_description":"","_tribe_ticket_show_not_going":false,"_tribe_ticket_use_global_stock":"","_tribe_ticket_global_stock_level":"","_global_stock_mode":"","_global_stock_cap":"","_tribe_rsvp_for_event":"","_tribe_ticket_going_count":"","_tribe_ticket_not_going_count":"","_tribe_tickets_list":"[]","_tribe_ticket_has_attendee_info_fields":false,"footnotes":""},"categories":[46],"tags":[5045,10568,1164,391,2277,956,5596,5508,3615,2496,2495,10567,3463,3462,10566,10569,9852],"class_list":["post-11470","post","type-post","status-publish","format-standard","hentry","category-noticias","tag-11a-turma","tag-autodeclaracao-racial","tag-cotas-raciais","tag-direito","tag-estudante","tag-ilegalidade","tag-matricula","tag-medicina","tag-parda","tag-pessoas-pardas","tag-pessoas-pretas","tag-sistema-de-cotas-raciais","tag-trf1","tag-tribunal-regional-federal-da-1a-regiao","tag-ufba","tag-universidade-federal-da-bahia","tag-vagas-reservadas"],"acf":[],"_links":{"self":[{"href":"https:\/\/sgpsolucoes.com.br\/site\/wp-json\/wp\/v2\/posts\/11470"}],"collection":[{"href":"https:\/\/sgpsolucoes.com.br\/site\/wp-json\/wp\/v2\/posts"}],"about":[{"href":"https:\/\/sgpsolucoes.com.br\/site\/wp-json\/wp\/v2\/types\/post"}],"author":[{"embeddable":true,"href":"https:\/\/sgpsolucoes.com.br\/site\/wp-json\/wp\/v2\/users\/5"}],"replies":[{"embeddable":true,"href":"https:\/\/sgpsolucoes.com.br\/site\/wp-json\/wp\/v2\/comments?post=11470"}],"version-history":[{"count":0,"href":"https:\/\/sgpsolucoes.com.br\/site\/wp-json\/wp\/v2\/posts\/11470\/revisions"}],"wp:attachment":[{"href":"https:\/\/sgpsolucoes.com.br\/site\/wp-json\/wp\/v2\/media?parent=11470"}],"wp:term":[{"taxonomy":"category","embeddable":true,"href":"https:\/\/sgpsolucoes.com.br\/site\/wp-json\/wp\/v2\/categories?post=11470"},{"taxonomy":"post_tag","embeddable":true,"href":"https:\/\/sgpsolucoes.com.br\/site\/wp-json\/wp\/v2\/tags?post=11470"}],"curies":[{"name":"wp","href":"https:\/\/api.w.org\/{rel}","templated":true}]}}