{"id":11473,"date":"2025-05-26T15:25:30","date_gmt":"2025-05-26T18:25:30","guid":{"rendered":"https:\/\/sgpsolucoes.com.br\/site\/?p=11473"},"modified":"2025-05-26T15:25:31","modified_gmt":"2025-05-26T18:25:31","slug":"estudante-consegue-direito-a-participar-da-segunda-etapa-de-processo-seletivo-do-colegio-militar-de-porto-alegre","status":"publish","type":"post","link":"https:\/\/sgpsolucoes.com.br\/site\/estudante-consegue-direito-a-participar-da-segunda-etapa-de-processo-seletivo-do-colegio-militar-de-porto-alegre\/","title":{"rendered":"Estudante consegue direito a participar da segunda etapa de processo seletivo do Col\u00e9gio Militar de Porto Alegre"},"content":{"rendered":"<p>A 8\u00aa Vara Federal de Porto Alegre garantiu a uma estudante do ensino fundamental a participa\u00e7\u00e3o na segunda etapa do processo seletivo (2023\/2024) do Col\u00e9gio Militar da capital. A senten\u00e7a, da ju\u00edza Paula Weber Rosito, foi publicada no dia 19\/05.<\/p><p>A autora alegou ser uma crian\u00e7a com autismo, raz\u00e3o pela qual efetuou sua inscri\u00e7\u00e3o no concurso do Col\u00e9gio Militar, realizado em 2023, declarando a condi\u00e7\u00e3o de pessoa com defici\u00eancia (PCD), concorrendo \u00e0s vagas destinadas ao sistema de cotas.<\/p><p>Ao ser divulgado o resultado da sele\u00e7\u00e3o, verificou-se que dois candidatos declarados PCD foram aprovados e classificados dentro das trinta vagas disponibilizadas, sendo que a autora teria alcan\u00e7ado o terceiro lugar, dentre os cotistas. Contudo, o primeiro colocado para as vagas das cotas tamb\u00e9m obteve pontua\u00e7\u00e3o suficiente para a ampla concorr\u00eancia, estando classificado entre os vinte e oito primeiros colocados.<\/p><p>A controv\u00e9rsia se deu acerca da possibilidade de o primeiro colocado PCD ocupar uma vaga da ampla concorr\u00eancia, o que liberaria para a estudante a segunda vaga destinada \u00e0s cotas.<\/p><p>A Uni\u00e3o contestou a a\u00e7\u00e3o, informando que a autora foi aprovada no exame, mas n\u00e3o teria sido classificada, por figurar na terceira coloca\u00e7\u00e3o entre os candidatos \u00e0s vagas de pessoas com defici\u00eancia.<\/p><p>A magistrada pontuou que o edital do processo seletivo \u201cfoi omisso sobre a possibilidade de candidatos portadores de defici\u00eancia concorrerem em ambas as situa\u00e7\u00f5es (cotistas e n\u00e3o cotistas)\u201d. Ela concluiu que a sistem\u00e1tica adotada pelo Col\u00e9gio Militar&nbsp; \u201cfere a finalidade da norma constitucional do art 37, VIII, da CF\/1988, que prev\u00ea a amplia\u00e7\u00e3o de acesso \u00e0s pessoas portadoras de defici\u00eancia\u201d.<\/p><p>No decorrer do processo, havia sido deferida tutela de urg\u00eancia, que foi ratificada na senten\u00e7a. O Minist\u00e9rio P\u00fablico Federal manifestou-se na a\u00e7\u00e3o na condi\u00e7\u00e3o de fiscal da lei, afirmando que se revela \u201cincompat\u00edvel com a teleologia da norma que candidato aprovado na ampla concorr\u00eancia ocupe vaga destinada ao sistema de cotas, ainda que originalmente inscrito nesta modalidade, sob pena de frustrar a pr\u00f3pria finalidade da a\u00e7\u00e3o afirmativa.\u201d<\/p><p>A a\u00e7\u00e3o foi julgada procedente determinando que a Uni\u00e3o viabilize a participa\u00e7\u00e3o da aluna na segunda etapa do processo seletivo, sendo condenada a pagar os honor\u00e1rios advocat\u00edcios da parte autora.<\/p><p>Cabe recurso ao Tribunal Regional Federal da 4\u00aa Regi\u00e3o.<\/p><p><strong>Fonte: TRF4<\/strong><\/p>\n    <div class=\"xs_social_share_widget xs_share_url after_content \t\tmain_content  wslu-style-1 wslu-share-box-shaped wslu-fill-colored wslu-none wslu-share-horizontal wslu-theme-font-no wslu-main_content\">\n\n\t\t\n        <ul>\n\t\t\t        <\/ul>\n    <\/div> \n","protected":false},"excerpt":{"rendered":"<p>A 8\u00aa Vara Federal de Porto Alegre garantiu a uma estudante do ensino fundamental a participa\u00e7\u00e3o na segunda etapa do processo seletivo (2023\/2024) do Col\u00e9gio Militar da capital. A senten\u00e7a, da ju\u00edza Paula Weber Rosito, foi publicada no dia 19\/05.<\/p>\n","protected":false},"author":5,"featured_media":0,"comment_status":"open","ping_status":"open","sticky":false,"template":"","format":"standard","meta":{"postBodyCss":"","postBodyMargin":[],"postBodyPadding":[],"postBodyBackground":{"backgroundType":"classic","gradient":""},"_price":"","_stock":"","_tribe_ticket_header":"","_tribe_default_ticket_provider":"","_tribe_ticket_capacity":"0","_ticket_start_date":"","_ticket_end_date":"","_tribe_ticket_show_description":"","_tribe_ticket_show_not_going":false,"_tribe_ticket_use_global_stock":"","_tribe_ticket_global_stock_level":"","_global_stock_mode":"","_global_stock_cap":"","_tribe_rsvp_for_event":"","_tribe_ticket_going_count":"","_tribe_ticket_not_going_count":"","_tribe_tickets_list":"[]","_tribe_ticket_has_attendee_info_fields":false,"footnotes":""},"categories":[46],"tags":[8084,10572,10571,1392,391,7430,2277,1353,2241,4991,10570,10573],"class_list":["post-11473","post","type-post","status-publish","format-standard","hentry","category-noticias","tag-autismo","tag-colegio-militar","tag-colegio-militar-de-porto-alegre","tag-concurso","tag-direito","tag-ensino-fundamental","tag-estudante","tag-pcd","tag-pessoa-com-deficiencia","tag-processo-seletivo","tag-segunda-etapa","tag-sistema-de-cotas"],"acf":[],"_links":{"self":[{"href":"https:\/\/sgpsolucoes.com.br\/site\/wp-json\/wp\/v2\/posts\/11473"}],"collection":[{"href":"https:\/\/sgpsolucoes.com.br\/site\/wp-json\/wp\/v2\/posts"}],"about":[{"href":"https:\/\/sgpsolucoes.com.br\/site\/wp-json\/wp\/v2\/types\/post"}],"author":[{"embeddable":true,"href":"https:\/\/sgpsolucoes.com.br\/site\/wp-json\/wp\/v2\/users\/5"}],"replies":[{"embeddable":true,"href":"https:\/\/sgpsolucoes.com.br\/site\/wp-json\/wp\/v2\/comments?post=11473"}],"version-history":[{"count":0,"href":"https:\/\/sgpsolucoes.com.br\/site\/wp-json\/wp\/v2\/posts\/11473\/revisions"}],"wp:attachment":[{"href":"https:\/\/sgpsolucoes.com.br\/site\/wp-json\/wp\/v2\/media?parent=11473"}],"wp:term":[{"taxonomy":"category","embeddable":true,"href":"https:\/\/sgpsolucoes.com.br\/site\/wp-json\/wp\/v2\/categories?post=11473"},{"taxonomy":"post_tag","embeddable":true,"href":"https:\/\/sgpsolucoes.com.br\/site\/wp-json\/wp\/v2\/tags?post=11473"}],"curies":[{"name":"wp","href":"https:\/\/api.w.org\/{rel}","templated":true}]}}