{"id":11476,"date":"2025-05-26T15:28:51","date_gmt":"2025-05-26T18:28:51","guid":{"rendered":"https:\/\/sgpsolucoes.com.br\/site\/?p=11476"},"modified":"2025-05-26T15:28:52","modified_gmt":"2025-05-26T18:28:52","slug":"inss-devera-pagar-bpc-a-crianca-com-deficiencia-intelectual","status":"publish","type":"post","link":"https:\/\/sgpsolucoes.com.br\/site\/inss-devera-pagar-bpc-a-crianca-com-deficiencia-intelectual\/","title":{"rendered":"INSS dever\u00e1 pagar BPC a crian\u00e7a com defici\u00eancia intelectual"},"content":{"rendered":"<p>A 2\u00aa Vara Federal de Carazinho (RS) concedeu Benef\u00edcio de Presta\u00e7\u00e3o Continuada (BPC) a um crian\u00e7a de onze anos que possui defici\u00eancia intelectual. A senten\u00e7a \u00e9 da ju\u00edza Aline Lazzaron e foi publicada no dia 17\/05.<\/p><p>A autora, menor incapaz, representada por sua m\u00e3e, alegou possuir dificuldade de aprendizagem e memoriza\u00e7\u00e3o, apresentando laudo psicol\u00f3gico com resultado indicativo de Transtorno do D\u00e9ficit de Aten\u00e7\u00e3o (TDA). Contudo, relatou que o Instituto Nacional do Seguro Social (INSS) negou a concess\u00e3o do benef\u00edcio, sob a justificativa de n\u00e3o atender ao crit\u00e9rio de defici\u00eancia.<\/p><p>A menina foi submetida a per\u00edcia judicial, sendo examinada por uma neurologista, que emitiu um laudo m\u00e9dico de incapacidade, atestando a exist\u00eancia de \u201cretardo mental leve\u201d.<\/p><p>A legisla\u00e7\u00e3o que trata do BPC garante o pagamento de um sal\u00e1rio m\u00ednimo para idosos ou pessoas com defici\u00eancia (PCD), desde que n\u00e3o possuam meios de prover a pr\u00f3pria subsist\u00eancia. A magistrada entendeu supridos os dois requisitos: a condi\u00e7\u00e3o de PCD e de miserabilidade.&nbsp;<\/p><p>Ficou comprovado que a fam\u00edlia \u00e9 composta pela m\u00e3e e seus tr\u00eas filhos, sendo que a sua renda total \u00e9 oriunda de benef\u00edcios assistenciais. A ju\u00edza entendeu que a renda per capta familiar \u00e9 inferior a \u00bc do sal\u00e1rio m\u00ednimo, o que gera presun\u00e7\u00e3o absoluta da situa\u00e7\u00e3o de vulnerabilidade social.<\/p><p>O INSS dever\u00e1 conceder o benef\u00edcio assistencial, a contar da data de entrada do requerimento (DER), que foi em julho de 2023, com o pagamento das parcelas vencidas atualizadas monetariamente.<\/p><p>Cabe recurso \u00e0s Turmas Recursais.<\/p><p><strong>Fonte: TRF4<\/strong><\/p>\n    <div class=\"xs_social_share_widget xs_share_url after_content \t\tmain_content  wslu-style-1 wslu-share-box-shaped wslu-fill-colored wslu-none wslu-share-horizontal wslu-theme-font-no wslu-main_content\">\n\n\t\t\n        <ul>\n\t\t\t        <\/ul>\n    <\/div> \n","protected":false},"excerpt":{"rendered":"<p>A 2\u00aa Vara Federal de Carazinho (RS) concedeu Benef\u00edcio de Presta\u00e7\u00e3o Continuada (BPC) a um crian\u00e7a de onze anos que possui defici\u00eancia intelectual. A senten\u00e7a \u00e9 da ju\u00edza Aline Lazzaron e foi publicada no dia 17\/05.<\/p>\n","protected":false},"author":5,"featured_media":0,"comment_status":"open","ping_status":"open","sticky":false,"template":"","format":"standard","meta":{"postBodyCss":"","postBodyMargin":[],"postBodyPadding":[],"postBodyBackground":{"backgroundType":"classic","gradient":""},"_price":"","_stock":"","_tribe_ticket_header":"","_tribe_default_ticket_provider":"","_tribe_ticket_capacity":"0","_ticket_start_date":"","_ticket_end_date":"","_tribe_ticket_show_description":"","_tribe_ticket_show_not_going":false,"_tribe_ticket_use_global_stock":"","_tribe_ticket_global_stock_level":"","_global_stock_mode":"","_global_stock_cap":"","_tribe_rsvp_for_event":"","_tribe_ticket_going_count":"","_tribe_ticket_not_going_count":"","_tribe_tickets_list":"[]","_tribe_ticket_has_attendee_info_fields":false,"footnotes":""},"categories":[46],"tags":[10574,2979,8724,8722,4078,10576,7376,2654,2784,10577,10575],"class_list":["post-11476","post","type-post","status-publish","format-standard","hentry","category-noticias","tag-2a-vara-federal-de-carazinho","tag-beneficio","tag-beneficio-de-prestacao-continuada","tag-bpc","tag-crianca","tag-criterio-de-deficiencia","tag-deficiencia-intelectual","tag-inss","tag-instituto-nacional-do-seguro-social","tag-tda","tag-transtorno-do-deficit-de-atencao"],"acf":[],"_links":{"self":[{"href":"https:\/\/sgpsolucoes.com.br\/site\/wp-json\/wp\/v2\/posts\/11476"}],"collection":[{"href":"https:\/\/sgpsolucoes.com.br\/site\/wp-json\/wp\/v2\/posts"}],"about":[{"href":"https:\/\/sgpsolucoes.com.br\/site\/wp-json\/wp\/v2\/types\/post"}],"author":[{"embeddable":true,"href":"https:\/\/sgpsolucoes.com.br\/site\/wp-json\/wp\/v2\/users\/5"}],"replies":[{"embeddable":true,"href":"https:\/\/sgpsolucoes.com.br\/site\/wp-json\/wp\/v2\/comments?post=11476"}],"version-history":[{"count":0,"href":"https:\/\/sgpsolucoes.com.br\/site\/wp-json\/wp\/v2\/posts\/11476\/revisions"}],"wp:attachment":[{"href":"https:\/\/sgpsolucoes.com.br\/site\/wp-json\/wp\/v2\/media?parent=11476"}],"wp:term":[{"taxonomy":"category","embeddable":true,"href":"https:\/\/sgpsolucoes.com.br\/site\/wp-json\/wp\/v2\/categories?post=11476"},{"taxonomy":"post_tag","embeddable":true,"href":"https:\/\/sgpsolucoes.com.br\/site\/wp-json\/wp\/v2\/tags?post=11476"}],"curies":[{"name":"wp","href":"https:\/\/api.w.org\/{rel}","templated":true}]}}