{"id":11479,"date":"2025-05-26T15:32:50","date_gmt":"2025-05-26T18:32:50","guid":{"rendered":"https:\/\/sgpsolucoes.com.br\/site\/?p=11479"},"modified":"2025-05-26T15:32:51","modified_gmt":"2025-05-26T18:32:51","slug":"trf6-confirma-competencia-da-justica-federal-para-julgar-acoes-sobre-previdencia-complementar","status":"publish","type":"post","link":"https:\/\/sgpsolucoes.com.br\/site\/trf6-confirma-competencia-da-justica-federal-para-julgar-acoes-sobre-previdencia-complementar\/","title":{"rendered":"TRF6 confirma compet\u00eancia da Justi\u00e7a Federal para julgar a\u00e7\u00f5es sobre previd\u00eancia complementar"},"content":{"rendered":"<p>A Segunda Turma do Tribunal Regional Federal da 6\u00aa Regi\u00e3o (TRF6) decidiu, por unanimidade, aceitar o pedido feito por um ex-funcion\u00e1rio da Caixa Econ\u00f4mica Federal que participa do plano de previd\u00eancia complementar administrado pela Funda\u00e7\u00e3o dos Economi\u00e1rios Federais (Funcef). A decis\u00e3o foi tomada no dia 21 de agosto de 2024.<\/p><p>Esse pedido foi feito contra uma decis\u00e3o da 3\u00aa Vara Federal de Uberl\u00e2ndia, com o entendimento que o caso deveria ser julgado pela Justi\u00e7a do Trabalho, por envolver uma entidade de previd\u00eancia privada. Com isso, o processo seria enviado para uma das varas do Trabalho da cidade. No entanto, o TRF6 entendeu de forma diferente e deu raz\u00e3o ao ex-empregado.<\/p><p><strong>Decis\u00e3o reformada<\/strong><\/p><p>O ac\u00f3rd\u00e3o que reformou a decis\u00e3o fixou a compet\u00eancia da Justi\u00e7a Federal para o caso. O documento ressaltou o artigo 109, caput, al\u00ednea \u201cI\u201d da Constitui\u00e7\u00e3o Federal, que afirma que \u201ccompete aos ju\u00edzes federais julgarem causas na qual uma empresa p\u00fablica federal for interessada como autora, r\u00e9 assistente ou oponente\u201d. Como a Caixa (\u00fanica mantenedora da Funcef) \u00e9 uma empresa p\u00fablica federal aplica-se ao caso.<\/p><p>Neste sentido, o desembargador federal Pedro Felipe Santos, relator do recurso esclarece que os pedidos desta a\u00e7\u00e3o relacionam-se \u00e0 suposta obriga\u00e7\u00e3o da patrocinadora (Caixa) em repassar verba de custeio que seria cab\u00edvel, a fim de que a entidade gestora do plano de previd\u00eancia privada (Funcef) aumente o valor da complementa\u00e7\u00e3o de aposentadoria devida ao ex-empregado.<\/p><p>O relator lembra, tamb\u00e9m, que a compet\u00eancia da Justi\u00e7a Federal fica evidente na reda\u00e7\u00e3o do artigo 202, \u00a72\u00aa da Constitui\u00e7\u00e3o Federal que esclarece que quest\u00f5es relativas \u00e0s entidades de previd\u00eancia privada n\u00e3o decorrem da rela\u00e7\u00e3o de trabalho, mas de quest\u00e3o previdenci\u00e1ria aut\u00f4noma.<\/p><p>Por fim, o desembargador federal Pedro Felipe Santos lembra que o Supremo Tribunal Federal (STF) fixou tese relativa ao Tema de Repercuss\u00e3o Geral n\u00famero 190, que definiu expressamente ser compet\u00eancia da Justi\u00e7a Comum (o que inclui a Justi\u00e7a Federal) o \u201cprocessamento de demandas ajuizadas contra entidades privadas de previd\u00eancia com o prop\u00f3sito de obter complementa\u00e7\u00e3o de aposentadoria\u201d.<\/p><p>Processo 1013746-54.2017.4.01.0000<\/p><p>Julgamento em 21\/8\/2024<\/p><p><strong>Fonte: TRF6<\/strong><\/p>\n    <div class=\"xs_social_share_widget xs_share_url after_content \t\tmain_content  wslu-style-1 wslu-share-box-shaped wslu-fill-colored wslu-none wslu-share-horizontal wslu-theme-font-no wslu-main_content\">\n\n\t\t\n        <ul>\n\t\t\t        <\/ul>\n    <\/div> \n","protected":false},"excerpt":{"rendered":"<p>A Segunda Turma do Tribunal Regional Federal da 6\u00aa Regi\u00e3o (TRF6) decidiu, por unanimidade, aceitar o pedido feito por um ex-funcion\u00e1rio da Caixa Econ\u00f4mica Federal que participa do plano de previd\u00eancia complementar administrado pela Funda\u00e7\u00e3o dos Economi\u00e1rios Federais (Funcef). A decis\u00e3o foi tomada no dia 21 de agosto de 2024.<\/p>\n","protected":false},"author":5,"featured_media":0,"comment_status":"open","ping_status":"open","sticky":false,"template":"","format":"standard","meta":{"postBodyCss":"","postBodyMargin":[],"postBodyPadding":[],"postBodyBackground":{"backgroundType":"classic","gradient":""},"_price":"","_stock":"","_tribe_ticket_header":"","_tribe_default_ticket_provider":"","_tribe_ticket_capacity":"0","_ticket_start_date":"","_ticket_end_date":"","_tribe_ticket_show_description":"","_tribe_ticket_show_not_going":false,"_tribe_ticket_use_global_stock":"","_tribe_ticket_global_stock_level":"","_global_stock_mode":"","_global_stock_cap":"","_tribe_rsvp_for_event":"","_tribe_ticket_going_count":"","_tribe_ticket_not_going_count":"","_tribe_tickets_list":"[]","_tribe_ticket_has_attendee_info_fields":false,"footnotes":""},"categories":[46],"tags":[5176,2300,10580,10579,10578,10581,6857,1567,3061,7247,1043],"class_list":["post-11479","post","type-post","status-publish","format-standard","hentry","category-noticias","tag-acoes","tag-caixa-economica-federal","tag-competencia-da-justica-federal","tag-funcef","tag-fundacao-dos-economiarios-federais","tag-plano-de-previdencia-complementar","tag-previdencia-complementar","tag-segunda-turma","tag-trf6","tag-tribunal-regional-federal-da-6a-regiao","tag-unanimidade"],"acf":[],"_links":{"self":[{"href":"https:\/\/sgpsolucoes.com.br\/site\/wp-json\/wp\/v2\/posts\/11479"}],"collection":[{"href":"https:\/\/sgpsolucoes.com.br\/site\/wp-json\/wp\/v2\/posts"}],"about":[{"href":"https:\/\/sgpsolucoes.com.br\/site\/wp-json\/wp\/v2\/types\/post"}],"author":[{"embeddable":true,"href":"https:\/\/sgpsolucoes.com.br\/site\/wp-json\/wp\/v2\/users\/5"}],"replies":[{"embeddable":true,"href":"https:\/\/sgpsolucoes.com.br\/site\/wp-json\/wp\/v2\/comments?post=11479"}],"version-history":[{"count":0,"href":"https:\/\/sgpsolucoes.com.br\/site\/wp-json\/wp\/v2\/posts\/11479\/revisions"}],"wp:attachment":[{"href":"https:\/\/sgpsolucoes.com.br\/site\/wp-json\/wp\/v2\/media?parent=11479"}],"wp:term":[{"taxonomy":"category","embeddable":true,"href":"https:\/\/sgpsolucoes.com.br\/site\/wp-json\/wp\/v2\/categories?post=11479"},{"taxonomy":"post_tag","embeddable":true,"href":"https:\/\/sgpsolucoes.com.br\/site\/wp-json\/wp\/v2\/tags?post=11479"}],"curies":[{"name":"wp","href":"https:\/\/api.w.org\/{rel}","templated":true}]}}