{"id":11528,"date":"2025-05-28T16:21:08","date_gmt":"2025-05-28T19:21:08","guid":{"rendered":"https:\/\/sgpsolucoes.com.br\/site\/?p=11528"},"modified":"2025-05-28T16:21:09","modified_gmt":"2025-05-28T19:21:09","slug":"prazo-de-30-dias-para-reparo-de-produto-defeituoso-nao-afeta-direito-ao-ressarcimento-integral-de-danos-materiais","status":"publish","type":"post","link":"https:\/\/sgpsolucoes.com.br\/site\/prazo-de-30-dias-para-reparo-de-produto-defeituoso-nao-afeta-direito-ao-ressarcimento-integral-de-danos-materiais\/","title":{"rendered":"Prazo de 30 dias para reparo de produto defeituoso n\u00e3o afeta direito ao ressarcimento integral de danos materiais"},"content":{"rendered":"<p>\u200bA Quarta Turma do Superior Tribunal de Justi\u00e7a (STJ) entendeu que o prazo de 30 dias do&nbsp;<a href=\"https:\/\/www.planalto.gov.br\/ccivil_03\/leis\/l8078.htm#art18%C2%A71\">artigo 18, par\u00e1grafo 1\u00ba, do C\u00f3digo de Defesa do Consumidor (CDC)<\/a>&nbsp;n\u00e3o limita a obriga\u00e7\u00e3o do fornecedor de indenizar o consumidor, o qual deve ser ressarcido integralmente por todo o per\u00edodo em que sofreu danos materiais.<\/p><p>Na a\u00e7\u00e3o de danos materiais e morais ajuizada contra uma montadora e uma concession\u00e1ria, o autor afirmou que comprou um carro com cinco anos de garantia e que, em menos de 12 meses, ele apresentou problemas mec\u00e2nicos e ficou 54 dias parado nas depend\u00eancias da segunda empresa r\u00e9, devido \u00e0 falta de pe\u00e7as para reposi\u00e7\u00e3o.<\/p><p>O caso chegou ao STJ ap\u00f3s o Tribunal de Justi\u00e7a de Mato Grosso (TJMT) decidir que, al\u00e9m da indeniza\u00e7\u00e3o por dano moral, o consumidor tinha o direito de ser indenizado pelos danos materiais apenas em rela\u00e7\u00e3o ao per\u00edodo que excedeu os primeiros 30 dias em que o carro permaneceu \u00e0 espera de reparo. A corte local se baseou no par\u00e1grafo 1\u00ba do artigo 18 do CDC.<\/p><h2 class=\"wp-block-heading\">CDC n\u00e3o afasta responsabilidade integral do fornecedor<\/h2><p>O relator na Quarta Turma, ministro Antonio Carlos Ferreira, disse que o CDC n\u00e3o exclui a responsabilidade do fornecedor durante o per\u00edodo de 30 dias mencionado no dispositivo, mas apenas d\u00e1 esse prazo para que ele solucione o defeito antes que o consumidor possa escolher a alternativa legal que melhor lhe atenda: substitui\u00e7\u00e3o do produto, restitui\u00e7\u00e3o do valor ou abatimento do pre\u00e7o.<\/p><p>O ministro destacou que o prazo legal &#8220;n\u00e3o representa uma franquia ou toler\u00e2ncia para que o fornecedor cause preju\u00edzos ao consumidor nesse per\u00edodo sem responsabilidade alguma&#8221;.<\/p><p>De acordo com o relator, uma interpreta\u00e7\u00e3o sistem\u00e1tica do CDC, especialmente em rela\u00e7\u00e3o ao&nbsp;<a href=\"https:\/\/www.planalto.gov.br\/ccivil_03\/leis\/l8078.htm#art6vi\">artigo 6\u00ba, inciso VI<\/a>&nbsp;\u2013 que trata do princ\u00edpio da repara\u00e7\u00e3o integral \u2013, imp\u00f5e que o consumidor seja ressarcido por todos os preju\u00edzos materiais decorrentes do v\u00edcio do produto, sem limita\u00e7\u00e3o temporal.<\/p><p>&#8220;Se o consumidor sofreu preju\u00edzos em raz\u00e3o do v\u00edcio do produto, fato reconhecido por decis\u00e3o judicial, deve ser integralmente ressarcido, independentemente de estar dentro ou fora do prazo&#8221;, completou.<\/p><h2 class=\"wp-block-heading\">Consumidor n\u00e3o pode assumir risco em lugar da empresa<\/h2><p>Antonio Carlos Ferreira comentou que uma interpreta\u00e7\u00e3o diversa transferiria os riscos da atividade empresarial para o comprador, contrariando a l\u00f3gica do sistema de prote\u00e7\u00e3o ao consumidor. Conforme apontou, o CDC busca evitar que a parte mais fraca arque com os preju\u00edzos decorrente de defeitos dos produtos.<\/p><p>O ministro ressaltou, por fim, que &#8220;este entendimento n\u00e3o deve ser interpretado como uma obriga\u00e7\u00e3o gen\u00e9rica dos fornecedores de disponibilizarem produto substituto durante o per\u00edodo de reparo na garantia. O que se estabelece \u00e9 que, uma vez judicialmente reconhecida a exist\u00eancia do v\u00edcio do produto, a indeniza\u00e7\u00e3o dever\u00e1 abranger todos os preju\u00edzos comprovadamente sofridos pelo consumidor, inclusive aqueles ocorridos durante o prazo do artigo 18, par\u00e1grafo 1\u00ba, do CDC&#8221;.<\/p><p><a href=\"https:\/\/processo.stj.jus.br\/processo\/julgamento\/eletronico\/documento\/mediado\/?documento_tipo=integra&amp;documento_sequencial=309319702&amp;registro_numero=202101258001&amp;peticao_numero=&amp;publicacao_data=20250429&amp;formato=PDF\">Leia o ac\u00f3rd\u00e3o no REsp 1.935.157<\/a>.<\/p><p><strong>Esta not\u00edcia refere-se ao(s)&nbsp;<\/strong><strong>processo(s):<\/strong><strong> <\/strong><strong><a href=\"https:\/\/ww2.stj.jus.br\/processo\/pesquisa\/?aplicacao=processos.ea&amp;tipoPesquisa=tipoPesquisaGenerica&amp;termo=REsp%201935157\">REsp 1935157<\/a><\/strong><strong><\/strong><\/p><p><strong>Fonte: STJ<\/strong><\/p>\n    <div class=\"xs_social_share_widget xs_share_url after_content \t\tmain_content  wslu-style-1 wslu-share-box-shaped wslu-fill-colored wslu-none wslu-share-horizontal wslu-theme-font-no wslu-main_content\">\n\n\t\t\n        <ul>\n\t\t\t        <\/ul>\n    <\/div> \n","protected":false},"excerpt":{"rendered":"<p>\u200bA Quarta Turma do Superior Tribunal de Justi\u00e7a (STJ) entendeu que o prazo de 30 dias do\u00a0artigo 18, par\u00e1grafo 1\u00ba, do C\u00f3digo de Defesa do Consumidor (CDC)\u00a0n\u00e3o limita a obriga\u00e7\u00e3o do fornecedor de indenizar o consumidor, o qual deve ser ressarcido integralmente por todo o per\u00edodo em que sofreu danos materiais.<\/p>\n","protected":false},"author":5,"featured_media":0,"comment_status":"open","ping_status":"open","sticky":false,"template":"","format":"standard","meta":{"postBodyCss":"","postBodyMargin":[],"postBodyPadding":[],"postBodyBackground":{"backgroundType":"classic","gradient":""},"_price":"","_stock":"","_tribe_ticket_header":"","_tribe_default_ticket_provider":"","_tribe_ticket_capacity":"0","_ticket_start_date":"","_ticket_end_date":"","_tribe_ticket_show_description":"","_tribe_ticket_show_not_going":false,"_tribe_ticket_use_global_stock":"","_tribe_ticket_global_stock_level":"","_global_stock_mode":"","_global_stock_cap":"","_tribe_rsvp_for_event":"","_tribe_ticket_going_count":"","_tribe_ticket_not_going_count":"","_tribe_tickets_list":"[]","_tribe_ticket_has_attendee_info_fields":false,"footnotes":""},"categories":[46],"tags":[2678,2703,3005,978,3794,391,10611,2302,10613,663,10609,10610,3063,6969,10612,700,5093,229,230],"class_list":["post-11528","post","type-post","status-publish","format-standard","hentry","category-noticias","tag-30-dias","tag-cdc","tag-codigo-de-defesa-do-consumidor","tag-consumidor","tag-danos-materiais","tag-direito","tag-direito-ao-ressarcimento-integral-de-danos-materiais","tag-indenizar","tag-obrigacao-do-fornecedor","tag-prazo","tag-prazo-de-30-dias","tag-produto-defeituoso","tag-quarta-turma","tag-reparo","tag-reparo-de-produto-defeituoso","tag-ressarcimento","tag-ressarcimento-integral","tag-stj","tag-superior-tribunal-de-justica"],"acf":[],"_links":{"self":[{"href":"https:\/\/sgpsolucoes.com.br\/site\/wp-json\/wp\/v2\/posts\/11528"}],"collection":[{"href":"https:\/\/sgpsolucoes.com.br\/site\/wp-json\/wp\/v2\/posts"}],"about":[{"href":"https:\/\/sgpsolucoes.com.br\/site\/wp-json\/wp\/v2\/types\/post"}],"author":[{"embeddable":true,"href":"https:\/\/sgpsolucoes.com.br\/site\/wp-json\/wp\/v2\/users\/5"}],"replies":[{"embeddable":true,"href":"https:\/\/sgpsolucoes.com.br\/site\/wp-json\/wp\/v2\/comments?post=11528"}],"version-history":[{"count":0,"href":"https:\/\/sgpsolucoes.com.br\/site\/wp-json\/wp\/v2\/posts\/11528\/revisions"}],"wp:attachment":[{"href":"https:\/\/sgpsolucoes.com.br\/site\/wp-json\/wp\/v2\/media?parent=11528"}],"wp:term":[{"taxonomy":"category","embeddable":true,"href":"https:\/\/sgpsolucoes.com.br\/site\/wp-json\/wp\/v2\/categories?post=11528"},{"taxonomy":"post_tag","embeddable":true,"href":"https:\/\/sgpsolucoes.com.br\/site\/wp-json\/wp\/v2\/tags?post=11528"}],"curies":[{"name":"wp","href":"https:\/\/api.w.org\/{rel}","templated":true}]}}