{"id":11558,"date":"2025-05-28T19:22:10","date_gmt":"2025-05-28T22:22:10","guid":{"rendered":"https:\/\/sgpsolucoes.com.br\/site\/?p=11558"},"modified":"2025-05-28T19:22:11","modified_gmt":"2025-05-28T22:22:11","slug":"stf-restabelece-funcionamento-de-casa-de-acolhimento-da-missao-belem-em-sp","status":"publish","type":"post","link":"https:\/\/sgpsolucoes.com.br\/site\/stf-restabelece-funcionamento-de-casa-de-acolhimento-da-missao-belem-em-sp\/","title":{"rendered":"STF restabelece funcionamento de casa de acolhimento da Miss\u00e3o Bel\u00e9m em SP"},"content":{"rendered":"<p><em><strong>Ministro Gilmar Mendes considerou que determina\u00e7\u00e3o para interditar o espa\u00e7o violou a liberdade religiosa<\/strong><\/em><\/p><div class=\"wp-block-media-text is-stacked-on-mobile\"><figure class=\"wp-block-media-text__media\"><img decoding=\"async\" src=\"https:\/\/noticias-stf-wp-prd.s3.sa-east-1.amazonaws.com\/wp-content\/uploads\/wpallimport\/uploads\/2024\/08\/14092926\/2010-02-02-Fachada-do-anexo-II-Dettmar-013.jpg\" alt=\"Detalhe da fachada do anexo 2 do STF, com vidra\u00e7as refletindo o ambiente ao redor\"\/><\/figure><div class=\"wp-block-media-text__content\"><p>O ministro Gilmar Mendes, do Supremo Tribunal Federal (STF), decidiu nesta segunda-feira (26) restabelecer o funcionamento da casa de acolhimento da Miss\u00e3o Bel\u00e9m, em Jundia\u00ed (SP). O decano entendeu que a interdi\u00e7\u00e3o violou a liberdade religiosa e desconsiderou as particularidades da institui\u00e7\u00e3o.<\/p><\/div><\/div><p>A casa de acolhimento da Miss\u00e3o Bel\u00e9m \u00e9 um local onde integrantes da comunidade religiosa residem e prestam assist\u00eancia a pessoas doentes e em situa\u00e7\u00e3o de rua. O espa\u00e7o foi interditado por decis\u00e3o do Tribunal de Justi\u00e7a de S\u00e3o Paulo, que reformou senten\u00e7a de primeira inst\u00e2ncia favor\u00e1vel ao funcionamento do local.<\/p><p>Ao analisar o Recurso Extraordin\u00e1rio com Agravo&nbsp;<strong><a href=\"https:\/\/portal.stf.jus.br\/processos\/detalhe.asp?incidente=7161187\" target=\"_blank\" rel=\"noreferrer noopener\">(ARE) 1536198<\/a><\/strong>, o relator considerou que a Miss\u00e3o Bel\u00e9m, por ser vinculada \u00e0 Igreja Cat\u00f3lica, deveria ter sua situa\u00e7\u00e3o analisada com base na legisla\u00e7\u00e3o aplic\u00e1vel \u00e0s organiza\u00e7\u00f5es religiosas. Contudo, o inqu\u00e9rito civil e a a\u00e7\u00e3o civil p\u00fablica que solicitaram a interdi\u00e7\u00e3o trataram o espa\u00e7o como uma comunidade terap\u00eautica ou uma institui\u00e7\u00e3o de longa perman\u00eancia para idosos, sujeitas a exig\u00eancias espec\u00edficas da Anvisa.<\/p><p>\u201cImpor \u00e0 Miss\u00e3o Bel\u00e9m, organiza\u00e7\u00e3o religiosa, a observ\u00e2ncia de normas destinadas a regular o funcionamento de institui\u00e7\u00e3o de natureza diversa, como as comunidades terap\u00eauticas ou institui\u00e7\u00f5es de longa perman\u00eancia para idosos, importa viola\u00e7\u00e3o ao direito \u00e0 liberdade religiosa, especialmente no que toca \u00e0 sua autonomia de organiza\u00e7\u00e3o e funcionamento\u201d, afirmou o ministro.<\/p><p>Na decis\u00e3o, o decano ressaltou que o funcionamento do espa\u00e7o com base na liberdade de cren\u00e7a n\u00e3o exime a organiza\u00e7\u00e3o da fiscaliza\u00e7\u00e3o pelos \u00f3rg\u00e3os estatais. Assim, o Estado pode, sim, fiscalizar e impor o cumprimento de regras pertinentes, de forma proporcional e adequada a sua natureza de organiza\u00e7\u00e3o religiosa.<\/p><p>Leia a&nbsp;<strong><a href=\"https:\/\/portal.stf.jus.br\/processos\/downloadPeca.asp?id=15377086048&amp;ext=.pdf\" target=\"_blank\" rel=\"noreferrer noopener\">\u00edntegra da decis\u00e3o<\/a><\/strong>.<\/p><p><strong>Fonte: STF<\/strong><\/p>\n    <div class=\"xs_social_share_widget xs_share_url after_content \t\tmain_content  wslu-style-1 wslu-share-box-shaped wslu-fill-colored wslu-none wslu-share-horizontal wslu-theme-font-no wslu-main_content\">\n\n\t\t\n        <ul>\n\t\t\t        <\/ul>\n    <\/div> \n","protected":false},"excerpt":{"rendered":"<p>O ministro Gilmar Mendes, do Supremo Tribunal Federal (STF), decidiu nesta segunda-feira (26) restabelecer o funcionamento da casa de acolhimento da Miss\u00e3o Bel\u00e9m, em Jundia\u00ed (SP). O decano entendeu que a interdi\u00e7\u00e3o violou a liberdade religiosa e desconsiderou as particularidades da institui\u00e7\u00e3o.<\/p>\n","protected":false},"author":5,"featured_media":0,"comment_status":"open","ping_status":"open","sticky":false,"template":"","format":"standard","meta":{"postBodyCss":"","postBodyMargin":[],"postBodyPadding":[],"postBodyBackground":{"backgroundType":"classic","gradient":""},"_price":"","_stock":"","_tribe_ticket_header":"","_tribe_default_ticket_provider":"","_tribe_ticket_capacity":"0","_ticket_start_date":"","_ticket_end_date":"","_tribe_ticket_show_description":"","_tribe_ticket_show_not_going":false,"_tribe_ticket_use_global_stock":"","_tribe_ticket_global_stock_level":"","_global_stock_mode":"","_global_stock_cap":"","_tribe_rsvp_for_event":"","_tribe_ticket_going_count":"","_tribe_ticket_not_going_count":"","_tribe_tickets_list":"[]","_tribe_ticket_has_attendee_info_fields":false,"footnotes":""},"categories":[46],"tags":[10663,3083,4035,2644,10666,5406,10665,347,348,2248,10664],"class_list":["post-11558","post","type-post","status-publish","format-standard","hentry","category-noticias","tag-casa-de-acolhimento","tag-determinacao","tag-espaco","tag-funcionamento","tag-jundiai","tag-liberdade-religiosa","tag-missao-belem","tag-stf","tag-supremo-tribunal-federal","tag-tribunal-de-justica-de-sao-paulo","tag-violou"],"acf":[],"_links":{"self":[{"href":"https:\/\/sgpsolucoes.com.br\/site\/wp-json\/wp\/v2\/posts\/11558"}],"collection":[{"href":"https:\/\/sgpsolucoes.com.br\/site\/wp-json\/wp\/v2\/posts"}],"about":[{"href":"https:\/\/sgpsolucoes.com.br\/site\/wp-json\/wp\/v2\/types\/post"}],"author":[{"embeddable":true,"href":"https:\/\/sgpsolucoes.com.br\/site\/wp-json\/wp\/v2\/users\/5"}],"replies":[{"embeddable":true,"href":"https:\/\/sgpsolucoes.com.br\/site\/wp-json\/wp\/v2\/comments?post=11558"}],"version-history":[{"count":0,"href":"https:\/\/sgpsolucoes.com.br\/site\/wp-json\/wp\/v2\/posts\/11558\/revisions"}],"wp:attachment":[{"href":"https:\/\/sgpsolucoes.com.br\/site\/wp-json\/wp\/v2\/media?parent=11558"}],"wp:term":[{"taxonomy":"category","embeddable":true,"href":"https:\/\/sgpsolucoes.com.br\/site\/wp-json\/wp\/v2\/categories?post=11558"},{"taxonomy":"post_tag","embeddable":true,"href":"https:\/\/sgpsolucoes.com.br\/site\/wp-json\/wp\/v2\/tags?post=11558"}],"curies":[{"name":"wp","href":"https:\/\/api.w.org\/{rel}","templated":true}]}}