{"id":11561,"date":"2025-05-28T19:28:08","date_gmt":"2025-05-28T22:28:08","guid":{"rendered":"https:\/\/sgpsolucoes.com.br\/site\/?p=11561"},"modified":"2025-05-28T19:28:10","modified_gmt":"2025-05-28T22:28:10","slug":"versao-impressa-da-edicao-especial-da-revista-suprema-ja-esta-disponivel-para-venda","status":"publish","type":"post","link":"https:\/\/sgpsolucoes.com.br\/site\/versao-impressa-da-edicao-especial-da-revista-suprema-ja-esta-disponivel-para-venda\/","title":{"rendered":"Vers\u00e3o impressa da edi\u00e7\u00e3o especial da Revista Suprema j\u00e1 est\u00e1 dispon\u00edvel para venda\u00a0"},"content":{"rendered":"<p>O presidente do Supremo Tribunal Federal (STF), ministro Lu\u00eds Roberto Barroso, anunciou, na abertura da sess\u00e3o plen\u00e1ria desta quarta-feira (28), o lan\u00e7amento da vers\u00e3o impressa da edi\u00e7\u00e3o especial da Suprema \u2013 Revista de Estudos Constitucionais, que traz uma entrevista com Ailton Krenak. Ativista pol\u00edtico ind\u00edgena, professor, fil\u00f3sofo, poeta, contador de hist\u00f3rias e escritor, Krenak \u00e9 autor de obras fundamentais como \u201cIdeias para adiar o fim do mundo\u201d e \u201cFuturo Ancestral\u201d.&nbsp;<\/p><p>A edi\u00e7\u00e3o impressa est\u00e1 dispon\u00edvel para vendas a partir de hoje nas lojas f\u00edsica e online da&nbsp;<strong><a href=\"https:\/\/livrariasupremo.stf.jus.br\/\" target=\"_blank\" rel=\"noreferrer noopener\">Livraria do Supremo<\/a><\/strong>. A&nbsp;<strong><a href=\"https:\/\/suprema.stf.jus.br\/index.php\/suprema\/issue\/view\/10\" target=\"_blank\" rel=\"noreferrer noopener\">vers\u00e3o digital<\/a><\/strong>&nbsp;da Suprema \u00e9 gratuita e pode ser baixada no site da pr\u00f3pria revista.&nbsp;<\/p><p>Na entrevista, Krenak compartilha reflex\u00f5es sobre a atua\u00e7\u00e3o do Poder Judici\u00e1rio na efetiva\u00e7\u00e3o dos direitos dos povos origin\u00e1rios, o fortalecimento da democracia e a rela\u00e7\u00e3o entre os seres humanos e a Terra. Em conson\u00e2ncia com sua trajet\u00f3ria intelectual e seu pensamento, ele analisa os impactos hist\u00f3ricos dos processos coloniais e reafirma a import\u00e2ncia de caminhos que valorizem a diversidade de saberes e experi\u00eancias.&nbsp;<\/p><p>Essa edi\u00e7\u00e3o especial conclui a s\u00e9rie de publica\u00e7\u00f5es do Dossi\u00ea tem\u00e1tico \u201cA\u00e7\u00f5es, processos e lit\u00edgios estruturais na jurisdi\u00e7\u00e3o constitucional\u201d, com artigos que retratam o empenho da academia em trazer formula\u00e7\u00f5es que permitam a transi\u00e7\u00e3o de um estado complexo de desconformidade constitucional para um cen\u00e1rio de respeito aos direitos humanos, especialmente em rela\u00e7\u00e3o aos mais vulner\u00e1veis. Tamb\u00e9m conta com tr\u00eas artigos internacionais.&nbsp;&nbsp;<\/p><p><strong>Fonte: STF<\/strong><\/p>\n    <div class=\"xs_social_share_widget xs_share_url after_content \t\tmain_content  wslu-style-1 wslu-share-box-shaped wslu-fill-colored wslu-none wslu-share-horizontal wslu-theme-font-no wslu-main_content\">\n\n\t\t\n        <ul>\n\t\t\t        <\/ul>\n    <\/div> \n","protected":false},"excerpt":{"rendered":"<p>O presidente do Supremo Tribunal Federal (STF), ministro Lu\u00eds Roberto Barroso, anunciou, na abertura da sess\u00e3o plen\u00e1ria desta quarta-feira (28), o lan\u00e7amento da vers\u00e3o impressa da edi\u00e7\u00e3o especial da Suprema \u2013 Revista de Estudos Constitucionais, que traz uma entrevista com Ailton Krenak. Ativista pol\u00edtico ind\u00edgena, professor, fil\u00f3sofo, poeta, contador de hist\u00f3rias e escritor, Krenak \u00e9 autor de obras fundamentais como \u201cIdeias para adiar o fim do mundo\u201d e \u201cFuturo Ancestral\u201d.\u00a0<\/p>\n","protected":false},"author":5,"featured_media":0,"comment_status":"open","ping_status":"open","sticky":false,"template":"","format":"standard","meta":{"postBodyCss":"","postBodyMargin":[],"postBodyPadding":[],"postBodyBackground":{"backgroundType":"classic","gradient":""},"_price":"","_stock":"","_tribe_ticket_header":"","_tribe_default_ticket_provider":"","_tribe_ticket_capacity":"0","_ticket_start_date":"","_ticket_end_date":"","_tribe_ticket_show_description":"","_tribe_ticket_show_not_going":false,"_tribe_ticket_use_global_stock":"","_tribe_ticket_global_stock_level":"","_global_stock_mode":"","_global_stock_cap":"","_tribe_rsvp_for_event":"","_tribe_ticket_going_count":"","_tribe_ticket_not_going_count":"","_tribe_tickets_list":"[]","_tribe_ticket_has_attendee_info_fields":false,"footnotes":""},"categories":[46],"tags":[10669,10668,8385,8388,8389,6827,7395,8391,8386,8758,7197,7983,8387,323,2986,8384,3409,347,2988,348,944,10667],"class_list":["post-11561","post","type-post","status-publish","format-standard","hentry","category-noticias","tag-futuro-ancestral-2","tag-ideias-para-adiar-o-fim-do-mundo-2","tag-ailton-krenak","tag-ativista-politico-indigena","tag-contador-de-historias","tag-edicao-especial","tag-entrevista","tag-escritor","tag-filosofo","tag-krenak","tag-lancamento","tag-ministro-luis-roberto-barroso","tag-poeta","tag-professor","tag-revista-de-estudos-constitucionais","tag-revista-suprema","tag-sessao-plenaria","tag-stf","tag-suprema","tag-supremo-tribunal-federal","tag-venda","tag-versao-impressa"],"acf":[],"_links":{"self":[{"href":"https:\/\/sgpsolucoes.com.br\/site\/wp-json\/wp\/v2\/posts\/11561"}],"collection":[{"href":"https:\/\/sgpsolucoes.com.br\/site\/wp-json\/wp\/v2\/posts"}],"about":[{"href":"https:\/\/sgpsolucoes.com.br\/site\/wp-json\/wp\/v2\/types\/post"}],"author":[{"embeddable":true,"href":"https:\/\/sgpsolucoes.com.br\/site\/wp-json\/wp\/v2\/users\/5"}],"replies":[{"embeddable":true,"href":"https:\/\/sgpsolucoes.com.br\/site\/wp-json\/wp\/v2\/comments?post=11561"}],"version-history":[{"count":0,"href":"https:\/\/sgpsolucoes.com.br\/site\/wp-json\/wp\/v2\/posts\/11561\/revisions"}],"wp:attachment":[{"href":"https:\/\/sgpsolucoes.com.br\/site\/wp-json\/wp\/v2\/media?parent=11561"}],"wp:term":[{"taxonomy":"category","embeddable":true,"href":"https:\/\/sgpsolucoes.com.br\/site\/wp-json\/wp\/v2\/categories?post=11561"},{"taxonomy":"post_tag","embeddable":true,"href":"https:\/\/sgpsolucoes.com.br\/site\/wp-json\/wp\/v2\/tags?post=11561"}],"curies":[{"name":"wp","href":"https:\/\/api.w.org\/{rel}","templated":true}]}}