{"id":11564,"date":"2025-05-28T19:32:22","date_gmt":"2025-05-28T22:32:22","guid":{"rendered":"https:\/\/sgpsolucoes.com.br\/site\/?p=11564"},"modified":"2025-05-28T19:32:23","modified_gmt":"2025-05-28T22:32:23","slug":"stf-define-listas-triplices-para-escolha-de-integrantes-do-tse-na-classe-de-juristas","status":"publish","type":"post","link":"https:\/\/sgpsolucoes.com.br\/site\/stf-define-listas-triplices-para-escolha-de-integrantes-do-tse-na-classe-de-juristas\/","title":{"rendered":"STF define listas tr\u00edplices para escolha de integrantes do TSE na classe de juristas"},"content":{"rendered":"<p><em><strong>Ministro Gilmar Mendes foi reconduzido para segundo mandato como ministro substituto<\/strong><\/em><\/p><p>O Supremo Tribunal Federal (STF) definiu, nesta quarta-feira (28), duas listas tr\u00edplices para a escolha de ministros substitutos do Tribunal Superior Eleitoral (TSE) na classe de juristas.&nbsp;<\/p><p>Na primeira lista, o mais votado foi Floriano Peixoto de Azevedo Marques Neto, com 11 votos, seguido de Andr\u00e9 Ramos Tavares e Jos\u00e9 Levi Mello do Amaral J\u00fanior, cada um com 10 votos. Para a segunda vaga na classe da advocacia, a mais votada foi Estela Aranha (11 votos). Cristina Maria Gama Neves da Silva e Vera L\u00facia Santana de Ara\u00fajo receberam 10 votos.<\/p><p>As listas ser\u00e3o encaminhadas ao presidente da Rep\u00fablica, Luiz In\u00e1cio Lula da Silva, a quem cabe a indica\u00e7\u00e3o.&nbsp;<\/p><h5 class=\"wp-block-heading\"><strong>Promo\u00e7\u00e3o de mulheres<\/strong><\/h5><p>Ap\u00f3s a proclama\u00e7\u00e3o do resultado, a ministra C\u00e1rmen L\u00facia, presidente do TSE, ressaltou que a Corte Eleitoral aprovou, em mar\u00e7o deste ano, a Resolu\u00e7\u00e3o 23.746\/2025, que determina aos Tribunais Regionais Eleitorais a inclus\u00e3o de mulheres nas listas para os cargos da magistratura eleitoral destinados a advogadas e advogados.<\/p><p>O objetivo, frisou a ministra, \u00e9 ampliar o acesso de mulheres a esses cargos. \u201cSeria um contrassenso e at\u00e9 uma descortesia com os tribunais regionais que o pr\u00f3prio TSE n\u00e3o tivesse, em duas listas, alguma mulher&nbsp; ou listas de mulheres como estamos determinando\u201d, disse.<\/p><p>A ministra esclareceu ainda que, sem as duas listas, uma com homens e outra com mulheres, em 2026, ano eleitoral, o TSE seria preenchido apenas por homens. \u201cH\u00e1 de se convir que alguma diversidade, havendo oportunidade, a gente deve propiciar. E por isso fizemos uma lista feita de homens e uma de mulheres\u201d, afirmou.<\/p><h5 class=\"wp-block-heading\"><strong>Recondu\u00e7\u00e3o<\/strong><\/h5><p>O ministro Gilmar Mendes foi reconduzido para o seu segundo mandato como ministro substituto do TSE. Decano do STF, Mendes j\u00e1 presidiu a Corte Eleitoral em duas ocasi\u00f5es: entre fevereiro e abril de 2006 e entre maio de 2016 e fevereiro de 2018.<\/p><p>A ministra C\u00e1rmen L\u00facia elogiou a recondu\u00e7\u00e3o do colega. \u201cTer o ministro Gilmar Mendes \u00e9 uma honra para o Brasil, pela orienta\u00e7\u00e3o que o tempo todo oferece e a experi\u00eancia que a cada vez acumula mais e, claro, por ser um dos maiores juristas brasileiros\u201d, afirmou.<\/p><p>Desde junho de 2023, o decano comp\u00f5e o TSE como ministro substituto, atuando no Plen\u00e1rio em caso de aus\u00eancia de algum ministro titular oriundo do STF.<\/p><p><strong>Fonte: STF<\/strong><\/p>\n    <div class=\"xs_social_share_widget xs_share_url after_content \t\tmain_content  wslu-style-1 wslu-share-box-shaped wslu-fill-colored wslu-none wslu-share-horizontal wslu-theme-font-no wslu-main_content\">\n\n\t\t\n        <ul>\n\t\t\t        <\/ul>\n    <\/div> \n","protected":false},"excerpt":{"rendered":"<p>O Supremo Tribunal Federal (STF) definiu, nesta quarta-feira (28), duas listas tr\u00edplices para a escolha de ministros substitutos do Tribunal Superior Eleitoral (TSE) na classe de juristas.\u00a0<\/p>\n","protected":false},"author":5,"featured_media":0,"comment_status":"open","ping_status":"open","sticky":false,"template":"","format":"standard","meta":{"postBodyCss":"","postBodyMargin":[],"postBodyPadding":[],"postBodyBackground":{"backgroundType":"classic","gradient":""},"_price":"","_stock":"","_tribe_ticket_header":"","_tribe_default_ticket_provider":"","_tribe_ticket_capacity":"0","_ticket_start_date":"","_ticket_end_date":"","_tribe_ticket_show_description":"","_tribe_ticket_show_not_going":false,"_tribe_ticket_use_global_stock":"","_tribe_ticket_global_stock_level":"","_global_stock_mode":"","_global_stock_cap":"","_tribe_rsvp_for_event":"","_tribe_ticket_going_count":"","_tribe_ticket_not_going_count":"","_tribe_tickets_list":"[]","_tribe_ticket_has_attendee_info_fields":false,"footnotes":""},"categories":[46],"tags":[10679,10678,10670,10680,552,10685,10684,10672,10682,10683,10676,10675,10673,10674,10677,10671,347,348,1760,1759,10681],"class_list":["post-11564","post","type-post","status-publish","format-standard","hentry","category-noticias","tag-andre-ramos-tavares","tag-classe","tag-classe-de-juristas","tag-cristina-maria-gama-neves-da-silva","tag-escolha","tag-estela-aranha","tag-floriano-peixoto-de-azevedo-marques-neto","tag-integrantes","tag-jose-levi-mello-do-amaral-junior","tag-juristas","tag-lista-triplice","tag-listas-triplices","tag-ministro-gilmar-mendes","tag-ministro-substituto","tag-ministros-substitutos","tag-segundo-mandato","tag-stf","tag-supremo-tribunal-federal","tag-tribunal-superior-eleitoral","tag-tse","tag-vera-lucia-santana-de-araujo"],"acf":[],"_links":{"self":[{"href":"https:\/\/sgpsolucoes.com.br\/site\/wp-json\/wp\/v2\/posts\/11564"}],"collection":[{"href":"https:\/\/sgpsolucoes.com.br\/site\/wp-json\/wp\/v2\/posts"}],"about":[{"href":"https:\/\/sgpsolucoes.com.br\/site\/wp-json\/wp\/v2\/types\/post"}],"author":[{"embeddable":true,"href":"https:\/\/sgpsolucoes.com.br\/site\/wp-json\/wp\/v2\/users\/5"}],"replies":[{"embeddable":true,"href":"https:\/\/sgpsolucoes.com.br\/site\/wp-json\/wp\/v2\/comments?post=11564"}],"version-history":[{"count":0,"href":"https:\/\/sgpsolucoes.com.br\/site\/wp-json\/wp\/v2\/posts\/11564\/revisions"}],"wp:attachment":[{"href":"https:\/\/sgpsolucoes.com.br\/site\/wp-json\/wp\/v2\/media?parent=11564"}],"wp:term":[{"taxonomy":"category","embeddable":true,"href":"https:\/\/sgpsolucoes.com.br\/site\/wp-json\/wp\/v2\/categories?post=11564"},{"taxonomy":"post_tag","embeddable":true,"href":"https:\/\/sgpsolucoes.com.br\/site\/wp-json\/wp\/v2\/tags?post=11564"}],"curies":[{"name":"wp","href":"https:\/\/api.w.org\/{rel}","templated":true}]}}