{"id":11609,"date":"2025-05-30T18:12:07","date_gmt":"2025-05-30T21:12:07","guid":{"rendered":"https:\/\/sgpsolucoes.com.br\/site\/?p=11609"},"modified":"2025-05-30T18:12:09","modified_gmt":"2025-05-30T21:12:09","slug":"caducidade-nao-se-aplica-a-decreto-de-interesse-publico-para-desapropriacao-de-area-destinada-a-unidade-de-conservacao","status":"publish","type":"post","link":"https:\/\/sgpsolucoes.com.br\/site\/caducidade-nao-se-aplica-a-decreto-de-interesse-publico-para-desapropriacao-de-area-destinada-a-unidade-de-conservacao\/","title":{"rendered":"Caducidade n\u00e3o se aplica a decreto de interesse p\u00fablico para desapropria\u00e7\u00e3o de \u00e1rea destinada a unidade de conserva\u00e7\u00e3o"},"content":{"rendered":"<p>\u200bPara a Segunda Turma do Superior Tribunal de Justi\u00e7a (STJ), o decreto que declara o interesse estatal na desapropria\u00e7\u00e3o de im\u00f3veis destinados \u00e0 unidade de conserva\u00e7\u00e3o ambiental n\u00e3o est\u00e1 sujeito \u00e0 perda de sua efic\u00e1cia jur\u00eddica em raz\u00e3o da simples passagem do tempo \u2013 instituto conhecido como caducidade.<\/p><p>Para o colegiado, \u00e9 a lei que cria a unidade de conserva\u00e7\u00e3o, e s\u00f3 ela pode declarar a sua extin\u00e7\u00e3o ou a limita\u00e7\u00e3o da \u00e1rea protegida, devendo prevalecer, nessas situa\u00e7\u00f5es, a legisla\u00e7\u00e3o ambiental espec\u00edfica, e n\u00e3o as normas administrativas gerais sobre a desapropria\u00e7\u00e3o.&nbsp;<\/p><p>Com o julgamento, a turma deu&nbsp;provimento&nbsp;a recurso do Instituto Chico Mendes de Conserva\u00e7\u00e3o da Biodiversidade (ICMBio) para afastar a ocorr\u00eancia de caducidade da declara\u00e7\u00e3o de interesse ambiental na desapropria\u00e7\u00e3o da reserva extrativista Mata Grande (MA). As inst\u00e2ncias ordin\u00e1rias haviam aplicado o&nbsp;prazo decadencial&nbsp;de dois anos para a implementa\u00e7\u00e3o da desapropria\u00e7\u00e3o da unidade, criada por decreto presidencial em 1992.<\/p><p>&#8220;N\u00e3o pode o mero decurso de prazo, estipulado por normas gerais alusivas a situa\u00e7\u00f5es administrativas diversas, impor o retrocesso ambiental pelo afastamento do interesse expropriat\u00f3rio ambiental difuso existente na cria\u00e7\u00e3o das unidades de conserva\u00e7\u00e3o de dom\u00ednio p\u00fablico&#8221;, afirmou o relator do caso, ministro Afr\u00e2nio Vilela.<\/p><h2 class=\"wp-block-heading\">Desafeta\u00e7\u00e3o ou diminui\u00e7\u00e3o de unidade de conserva\u00e7\u00e3o somente pode ser feita por lei<\/h2><p>Segundo o ministro, s\u00e3o in\u00fameras as unidades de conserva\u00e7\u00e3o no pa\u00eds amea\u00e7adas pela caducidade, havendo diverg\u00eancia entre os tribunais quanto ao regime expropriat\u00f3rio que deve ser aplicado nesses casos.<\/p><p>O relator lembrou que a cria\u00e7\u00e3o de unidade de conserva\u00e7\u00e3o n\u00e3o decorre \u2013 nem depende \u2013 dos decretos que declaram o interesse expropriat\u00f3rio, ou mesmo que seja implementada a desapropria\u00e7\u00e3o de forma concreta. Criada a unidade, afirmou o ministro, as restri\u00e7\u00f5es ambientais estabelecidas pela Lei do Sistema Nacional de Unidade de Conserva\u00e7\u00e3o da Natureza (SNUC) s\u00e3o imediatas (artigo 28 da Lei 9.985\/2000), e o afastamento do dom\u00ednio p\u00fablico somente pode ocorrer por for\u00e7a de lei.<\/p><p>&#8220;H\u00e1 uma tutela significativamente mais ampla \u00e0 constri\u00e7\u00e3o das unidades de conserva\u00e7\u00e3o que para a sua cria\u00e7\u00e3o. Assim, criada a unidade, h\u00e1 autom\u00e1tica declara\u00e7\u00e3o de interesse estatal ambiental nos im\u00f3veis da \u00e1rea afetada&#8221;, enfatizou.<\/p><p>Para o relator, a declara\u00e7\u00e3o de desapropria\u00e7\u00e3o \u00e9 uma medida de prote\u00e7\u00e3o aos interesses dos propriet\u00e1rios privados e serve para viabilizar administrativamente o pagamento da indeniza\u00e7\u00e3o, por\u00e9m o ato declarat\u00f3rio n\u00e3o pode ser considerado como condi\u00e7\u00e3o para efetivar a implementa\u00e7\u00e3o da unidade de conserva\u00e7\u00e3o.<\/p><h2 class=\"wp-block-heading\">Interesse expropriat\u00f3rio dura enquanto a unidade de conserva\u00e7\u00e3o existir<\/h2><p>De acordo com o ministro, no caso da desapropria\u00e7\u00e3o em fun\u00e7\u00e3o da cria\u00e7\u00e3o de unidade de conserva\u00e7\u00e3o de dom\u00ednio p\u00fablico, a declara\u00e7\u00e3o de interesse estatal n\u00e3o est\u00e1 sujeita \u00e0 caducidade, instituto previsto em leis que tratam, especificamente, da desapropria\u00e7\u00e3o por utilidade p\u00fablica (<a href=\"https:\/\/www.planalto.gov.br\/ccivil_03\/decreto-lei\/del3365.htm\">Decreto-Lei 3.365\/1941<\/a>) ou interesse social (<a href=\"https:\/\/www.planalto.gov.br\/ccivil_03\/LEIS\/L4132.htm\">Lei 4.132\/1962<\/a>) ou mesmo para reforma agr\u00e1ria (<a href=\"https:\/\/www.planalto.gov.br\/ccivil_03\/leis\/lcp\/lcp76.htm\">Lei Complementar 76\/1993<\/a>).<\/p><p>O ministro lembrou que o STJ tem precedentes nos quais se aplicou a regra da caducidade nas desapropria\u00e7\u00f5es por interesse social em casos relacionados \u00e0 constru\u00e7\u00e3o de im\u00f3veis populares e \u00e0 reforma agr\u00e1ria. Contudo, o relator destacou que a peculiaridade do caso em an\u00e1lise \u00e9 a mat\u00e9ria ambiental e suas consequ\u00eancias dominiais, no caso das unidades de conserva\u00e7\u00e3o, que possuem regras pr\u00f3prias.<\/p><p>&#8220;A Lei do Sistema Nacional de Unidades de Conserva\u00e7\u00e3o \u00e9 posterior e especial \u00e0s normas expropriat\u00f3rias administrativas em geral e trata da mat\u00e9ria de forma tanto espec\u00edfica quanto incompat\u00edvel com as anteriores. \u00c9 ela, portanto, que deve prevalecer. Desse modo, o interesse expropriat\u00f3rio estatal decorre diretamente da Lei do SNUC, e \u00e9 declarado com o pr\u00f3prio ato de cria\u00e7\u00e3o da unidade de conserva\u00e7\u00e3o de dom\u00ednio p\u00fablico, perdurando enquanto a unidade em si existir&#8221;, concluiu o ministro ao dar&nbsp;provimento&nbsp;ao recurso.<\/p><p><strong>Esta not\u00edcia refere-se ao(s)&nbsp;<\/strong><strong>processo(s):<\/strong><strong> <\/strong><strong><a href=\"https:\/\/ww2.stj.jus.br\/processo\/pesquisa\/?aplicacao=processos.ea&amp;tipoPesquisa=tipoPesquisaGenerica&amp;termo=REsp%202172289\">REsp 2172289<\/a><\/strong><strong><\/strong><\/p><p><strong>Fonte: STJ<\/strong><\/p>\n    <div class=\"xs_social_share_widget xs_share_url after_content \t\tmain_content  wslu-style-1 wslu-share-box-shaped wslu-fill-colored wslu-none wslu-share-horizontal wslu-theme-font-no wslu-main_content\">\n\n\t\t\n        <ul>\n\t\t\t        <\/ul>\n    <\/div> \n","protected":false},"excerpt":{"rendered":"<p>\u200bPara a Segunda Turma do Superior Tribunal de Justi\u00e7a (STJ), o decreto que declara o interesse estatal na desapropria\u00e7\u00e3o de im\u00f3veis destinados \u00e0 unidade de conserva\u00e7\u00e3o ambiental n\u00e3o est\u00e1 sujeito \u00e0 perda de sua efic\u00e1cia jur\u00eddica em raz\u00e3o da simples passagem do tempo \u2013 instituto conhecido como caducidade.<\/p>\n","protected":false},"author":5,"featured_media":0,"comment_status":"open","ping_status":"open","sticky":false,"template":"","format":"standard","meta":{"postBodyCss":"","postBodyMargin":[],"postBodyPadding":[],"postBodyBackground":{"backgroundType":"classic","gradient":""},"_price":"","_stock":"","_tribe_ticket_header":"","_tribe_default_ticket_provider":"","_tribe_ticket_capacity":"0","_ticket_start_date":"","_ticket_end_date":"","_tribe_ticket_show_description":"","_tribe_ticket_show_not_going":false,"_tribe_ticket_use_global_stock":"","_tribe_ticket_global_stock_level":"","_global_stock_mode":"","_global_stock_cap":"","_tribe_rsvp_for_event":"","_tribe_ticket_going_count":"","_tribe_ticket_not_going_count":"","_tribe_tickets_list":"[]","_tribe_ticket_has_attendee_info_fields":false,"footnotes":""},"categories":[46],"tags":[2952,10717,4824,5104,10722,64,186,10721,10723,10720,2298,10724,1567,229,230,10718,10719],"class_list":["post-11609","post","type-post","status-publish","format-standard","hentry","category-noticias","tag-ambiental","tag-area","tag-caducidade","tag-conservacao","tag-conservacao-ambiental","tag-decreto","tag-desapropriacao","tag-desapropriacao-de-imoveis","tag-eficacia-juridica","tag-interesse-estatal","tag-interesse-publico-2","tag-passagem-do-tempo","tag-segunda-turma","tag-stj","tag-superior-tribunal-de-justica","tag-unidade-de-conservacao","tag-unidade-de-conservacao-ambiental"],"acf":[],"_links":{"self":[{"href":"https:\/\/sgpsolucoes.com.br\/site\/wp-json\/wp\/v2\/posts\/11609"}],"collection":[{"href":"https:\/\/sgpsolucoes.com.br\/site\/wp-json\/wp\/v2\/posts"}],"about":[{"href":"https:\/\/sgpsolucoes.com.br\/site\/wp-json\/wp\/v2\/types\/post"}],"author":[{"embeddable":true,"href":"https:\/\/sgpsolucoes.com.br\/site\/wp-json\/wp\/v2\/users\/5"}],"replies":[{"embeddable":true,"href":"https:\/\/sgpsolucoes.com.br\/site\/wp-json\/wp\/v2\/comments?post=11609"}],"version-history":[{"count":0,"href":"https:\/\/sgpsolucoes.com.br\/site\/wp-json\/wp\/v2\/posts\/11609\/revisions"}],"wp:attachment":[{"href":"https:\/\/sgpsolucoes.com.br\/site\/wp-json\/wp\/v2\/media?parent=11609"}],"wp:term":[{"taxonomy":"category","embeddable":true,"href":"https:\/\/sgpsolucoes.com.br\/site\/wp-json\/wp\/v2\/categories?post=11609"},{"taxonomy":"post_tag","embeddable":true,"href":"https:\/\/sgpsolucoes.com.br\/site\/wp-json\/wp\/v2\/tags?post=11609"}],"curies":[{"name":"wp","href":"https:\/\/api.w.org\/{rel}","templated":true}]}}