{"id":11624,"date":"2025-05-30T18:42:05","date_gmt":"2025-05-30T21:42:05","guid":{"rendered":"https:\/\/sgpsolucoes.com.br\/site\/?p=11624"},"modified":"2025-05-30T18:42:07","modified_gmt":"2025-05-30T21:42:07","slug":"gestores-e-fiscais-de-contrato-do-aterro-da-caximba-pr-tem-multas-afastadas-em-face-do-contexto-excepcional-da-pandemia-de-covid-19","status":"publish","type":"post","link":"https:\/\/sgpsolucoes.com.br\/site\/gestores-e-fiscais-de-contrato-do-aterro-da-caximba-pr-tem-multas-afastadas-em-face-do-contexto-excepcional-da-pandemia-de-covid-19\/","title":{"rendered":"Gestores e fiscais de contrato do Aterro da Caximba\/PR t\u00eam multas afastadas, em face do contexto excepcional da pandemia de Covid-19"},"content":{"rendered":"<p>O Pleno do Tribunal de Contas do Estado do Paran\u00e1 julgou procedente Recurso de Revista apresentado pela Prefeitura de Curitiba contra o Ac\u00f3rd\u00e3o n\u00ba 4275\/24, proferido pelo mesmo \u00f3rg\u00e3o colegiado da Corte. A decis\u00e3o contestada havia dado provimento a Tomada de Contas Extraordin\u00e1ria resultante de fiscaliza\u00e7\u00e3o realizada pela Coordenadoria de Auditorias (CAUD) do TCE-PR junto ao munic\u00edpio entre 2019 e 2020.<\/p><p>Como resultado, foram afastadas as quatro multas administrativas impostas individualmente aos dois gestores e \u00e0s duas fiscais do contrato relativo \u00e0 manuten\u00e7\u00e3o do Aterro Sanit\u00e1rio da Caximba ap\u00f3s sua desativa\u00e7\u00e3o, firmado entre a prefeitura e a Cavo Servi\u00e7os e Saneamento S.A., incorporada posteriormente pela Estre Ambiental S.A.<\/p><p>S\u00e3o eles: Edelcio Marques dos Reis, Luiz Celso Coelho da Silva (respectivamente gestor titular e gestor suplente do contrato), Eliane Nercinda Chiuratto Traian e Marina de Campos Rymsza Ball\u00e3o (fiscais do contrato).<\/p><p><strong>San\u00e7\u00f5es<\/strong><\/p><p>Na decis\u00e3o original, as san\u00e7\u00f5es haviam sido aplicadas aos interessados em fun\u00e7\u00e3o de uma falha de gest\u00e3o que resultou no pagamento por servi\u00e7os de retroescavadeira n\u00e3o executados na quantidade estipulada em contrato.<\/p><p>Conforme a inspe\u00e7\u00e3o feita pela CAUD \u00e0 \u00e9poca, o equipamento utilizado nos trabalhos havia apresentado m\u00e9dia de utiliza\u00e7\u00e3o de 50 horas mensais, quantidade muito inferior \u00e0s 164 horas mensais previstas na planilha de custos da contrata\u00e7\u00e3o.<\/p><p>A partir disso, a unidade t\u00e9cnica da Corte apurou que o valor pago pelas horas n\u00e3o utilizadas da retroescavadeira totalizou R$ 91.412,69 a mais do que o devido, o que caracterizaria superfaturamento do servi\u00e7o. O c\u00e1lculo foi feito com base no menor consumo de combust\u00edveis, lubrificantes e pneus pela empresa contratada.<\/p><p><strong>Recurso<\/strong><\/p><p>No entanto, o relator do Recurso de Revista, conselheiro Fernando Guimar\u00e3es, considerando o contexto excepcional da pandemia de Covid-19 e suas implica\u00e7\u00f5es nas falhas de fiscaliza\u00e7\u00e3o e superfaturamento, entendeu que o auge da situa\u00e7\u00e3o de emerg\u00eancia sanit\u00e1ria, ocorrido na \u00e9poca dos fatos analisados, deve ser reconhecida como evento de for\u00e7a maior que impactou significativamente a capacidade de planejamento e execu\u00e7\u00e3o das obriga\u00e7\u00f5es contratuais.<\/p><p>Ainda segundo ele, as dificuldades enfrentadas pelos gestores e fiscais durante aquele per\u00edodo devem ser levadas em considera\u00e7\u00e3o. &#8220;Penso que essa posi\u00e7\u00e3o reflete uma interpreta\u00e7\u00e3o que busca equilibrar a responsabilidade administrativa com as dificuldades enfrentadas em um contexto adverso, promovendo uma an\u00e1lise mais justa, flex\u00edvel e razo\u00e1vel das a\u00e7\u00f5es dos gestores durante a crise sanit\u00e1ria&#8221;, ponderou o relator.<\/p><p>O conselheiro Fernando Guimar\u00e3es tamb\u00e9m invocou o artigo 22 da Lei de Introdu\u00e7\u00e3o \u00e0s Normas do Direito Brasileiro (LINDB), que trata da diretriz diferenciada de interpreta\u00e7\u00e3o de normas sobre gest\u00e3o p\u00fablica, segundo as quais devem ser considerados os obst\u00e1culos e dificuldades reais do gestor, as exig\u00eancias das pol\u00edticas p\u00fablicas a seu cargo, e os direitos dos administrados. &#8220;Assim, a responsabilidade deve ser avaliada \u00e0 luz das limita\u00e7\u00f5es pr\u00e1ticas enfrentadas pelos gestores&#8221;, concluiu.<\/p><p>O voto do relator, que seguiu o entendimento apresentando na instru\u00e7\u00e3o da Coordenadoria de Gest\u00e3o Municipal (CGM) do TCE-PR sobre o caso, foi aprovado por unanimidade na Sess\u00e3o de Plen\u00e1rio Virtual n\u00ba 6\/2025 do Tribunal Pleno, conclu\u00edda em 10 de abril. N\u00e3o houve recurso contra a decis\u00e3o contida no Ac\u00f3rd\u00e3o n\u00ba 803\/25 &#8211; Tribunal Pleno, publicado no dia 23 de abril, na&nbsp;<a href=\"https:\/\/www1.tce.pr.gov.br\/conteudo\/diario-eletronico-3428-2025-de-23-de-abril-de-2025\/362240\/area\/10\">edi\u00e7\u00e3o n\u00ba 3.428 do Di\u00e1rio Eletr\u00f4nico do TCE-PR<\/a>. O tr\u00e2nsito em julgado da decis\u00e3o ocorreu em 20 de maio.<\/p><p><strong>Servi\u00e7o<\/strong><\/p><figure class=\"wp-block-table\"><table class=\"has-fixed-layout\"><tbody><tr><td><strong>Processo<\/strong>&nbsp;<strong>n\u00ba<\/strong>:<\/td><td>48291\/25<\/td><\/tr><tr><td><strong>Ac\u00f3rd\u00e3o n\u00ba:<\/strong><\/td><td>803\/25 &#8211; Tribunal Pleno<\/td><\/tr><tr><td><strong>Assunto<\/strong>:<\/td><td>Recurso de Revista<\/td><\/tr><tr><td><strong>Entidade<\/strong>:<\/td><td>Munic\u00edpio de Curitiba<\/td><\/tr><tr><td><strong>Interessados:<\/strong><\/td><td>Cavo Servi\u00e7os e Saneamento S.A., Edelcio Marques dos Reis, Eduardo Pimentel Slaviero, Eliane Nercinda Chiuratto Traian, Hamilton Liborio Agle, Luiz Celso Coelho da Silva (falecido em 2021), Marina de Campos Rymsza Ball\u00e3o e Rafael Valdomiro Greca de Macedo<\/td><\/tr><tr><td><strong>Relator<\/strong>:<\/td><td>Conselheiro Fernando Augusto Mello Guimar\u00e3es<\/td><\/tr><\/tbody><\/table><\/figure><p><strong>Fonte:&nbsp;TCE\/PR<\/strong><\/p>\n    <div class=\"xs_social_share_widget xs_share_url after_content \t\tmain_content  wslu-style-1 wslu-share-box-shaped wslu-fill-colored wslu-none wslu-share-horizontal wslu-theme-font-no wslu-main_content\">\n\n\t\t\n        <ul>\n\t\t\t        <\/ul>\n    <\/div> \n","protected":false},"excerpt":{"rendered":"<p>O Pleno do Tribunal de Contas do Estado do Paran\u00e1 julgou procedente Recurso de Revista apresentado pela Prefeitura de Curitiba contra o Ac\u00f3rd\u00e3o n\u00ba 4275\/24, proferido pelo mesmo \u00f3rg\u00e3o colegiado da Corte. A decis\u00e3o contestada havia dado provimento a Tomada de Contas Extraordin\u00e1ria resultante de fiscaliza\u00e7\u00e3o realizada pela Coordenadoria de Auditorias (CAUD) do TCE-PR junto ao munic\u00edpio entre 2019 e 2020.<\/p>\n","protected":false},"author":5,"featured_media":0,"comment_status":"open","ping_status":"open","sticky":false,"template":"","format":"standard","meta":{"postBodyCss":"","postBodyMargin":[],"postBodyPadding":[],"postBodyBackground":{"backgroundType":"classic","gradient":""},"_price":"","_stock":"","_tribe_ticket_header":"","_tribe_default_ticket_provider":"","_tribe_ticket_capacity":"0","_ticket_start_date":"","_ticket_end_date":"","_tribe_ticket_show_description":"","_tribe_ticket_show_not_going":false,"_tribe_ticket_use_global_stock":"","_tribe_ticket_global_stock_level":"","_global_stock_mode":"","_global_stock_cap":"","_tribe_rsvp_for_event":"","_tribe_ticket_going_count":"","_tribe_ticket_not_going_count":"","_tribe_tickets_list":"[]","_tribe_ticket_has_attendee_info_fields":false,"footnotes":""},"categories":[46],"tags":[10747,2956,10746,491,2958,1273,5100,89,368,891,1571,1199,10748,10749,354,1586,356],"class_list":["post-11624","post","type-post","status-publish","format-standard","hentry","category-noticias","tag-acordao-no-4275-24","tag-caud","tag-contexto-excepcional","tag-contrato","tag-coordenadoria-de-auditorias","tag-covid-19","tag-fiscais","tag-fiscalizacao","tag-gestores","tag-multas","tag-pandemia","tag-pleno","tag-prefeitura-de-curitiba","tag-recurso-de-revista","tag-tce-pr","tag-tomada-de-contas-extraordinaria","tag-tribunal-de-contas-do-estado-do-parana"],"acf":[],"_links":{"self":[{"href":"https:\/\/sgpsolucoes.com.br\/site\/wp-json\/wp\/v2\/posts\/11624"}],"collection":[{"href":"https:\/\/sgpsolucoes.com.br\/site\/wp-json\/wp\/v2\/posts"}],"about":[{"href":"https:\/\/sgpsolucoes.com.br\/site\/wp-json\/wp\/v2\/types\/post"}],"author":[{"embeddable":true,"href":"https:\/\/sgpsolucoes.com.br\/site\/wp-json\/wp\/v2\/users\/5"}],"replies":[{"embeddable":true,"href":"https:\/\/sgpsolucoes.com.br\/site\/wp-json\/wp\/v2\/comments?post=11624"}],"version-history":[{"count":0,"href":"https:\/\/sgpsolucoes.com.br\/site\/wp-json\/wp\/v2\/posts\/11624\/revisions"}],"wp:attachment":[{"href":"https:\/\/sgpsolucoes.com.br\/site\/wp-json\/wp\/v2\/media?parent=11624"}],"wp:term":[{"taxonomy":"category","embeddable":true,"href":"https:\/\/sgpsolucoes.com.br\/site\/wp-json\/wp\/v2\/categories?post=11624"},{"taxonomy":"post_tag","embeddable":true,"href":"https:\/\/sgpsolucoes.com.br\/site\/wp-json\/wp\/v2\/tags?post=11624"}],"curies":[{"name":"wp","href":"https:\/\/api.w.org\/{rel}","templated":true}]}}