{"id":11651,"date":"2025-06-02T12:34:57","date_gmt":"2025-06-02T15:34:57","guid":{"rendered":"https:\/\/sgpsolucoes.com.br\/site\/?p=11651"},"modified":"2025-06-02T12:34:58","modified_gmt":"2025-06-02T15:34:58","slug":"uniao-nao-pode-exigir-registro-de-deficiencia-na-cnh-para-conceder-isencao-de-ipi-na-compra-de-automoveis","status":"publish","type":"post","link":"https:\/\/sgpsolucoes.com.br\/site\/uniao-nao-pode-exigir-registro-de-deficiencia-na-cnh-para-conceder-isencao-de-ipi-na-compra-de-automoveis\/","title":{"rendered":"Uni\u00e3o n\u00e3o pode exigir registro de defici\u00eancia na CNH para conceder isen\u00e7\u00e3o de IPI na compra de autom\u00f3veis"},"content":{"rendered":"<p>A 4\u00aa Vara Federal de Caxias do Sul (RS) julgou procedente o pedido de uma mulher com defici\u00eancia, que buscou o direito \u00e0 isen\u00e7\u00e3o de Imposto sobre Produtos Industrializados (IPI) na compra de um autom\u00f3vel. A senten\u00e7a, do juiz Alexandre Pereira Dutra, foi publicada no dia 23\/05.<\/p><p>A autora relatou possuir \u201cdefici\u00eancia f\u00edsica no pesco\u00e7o, membros superiores e inferiores, sob a forma de monoparesia e membros com deformidade adquirida\u201d. Informou que o requerimento de obter o benef\u00edcio fiscal foi indeferido pela Receita Federal na via administrativa, apesar de j\u00e1 ter obtido a isen\u00e7\u00e3o em 2018.<\/p><p>A Uni\u00e3o, em sua defesa, alegou que a mol\u00e9stia n\u00e3o foi comprovada, n\u00e3o atendendo aos requisitos legais, e que a informa\u00e7\u00e3o acerca da defici\u00eancia n\u00e3o estava citada na Carteira Nacional de Habilita\u00e7\u00e3o (CNH).<\/p><p>O ju\u00edzo entendeu que o laudo apresentado foi devidamente emitido por um m\u00e9dico especialista, prestador integrante do Sistema \u00danico de Sa\u00fade (SUS), estando de acordo com o modelo proposto pela Receita Federal, sendo o quadro de defici\u00eancia f\u00edsica compat\u00edvel com as prescri\u00e7\u00f5es legais para fins de conceder o benef\u00edcio.&nbsp;&nbsp;&nbsp;&nbsp;&nbsp;<\/p><p>Com base em jurisprud\u00eancias do Tribunal Regional Federal da 4\u00aa Regi\u00e3o e Turmas Recursais do RS, o magistrado entendeu que \u201co fato de a CNH da parte autora n\u00e3o conter nenhuma restri\u00e7\u00e3o em rela\u00e7\u00e3o \u00e0 sua defici\u00eancia f\u00edsica n\u00e3o afasta o direito \u00e0 isen\u00e7\u00e3o pretendida\u201d. Foi proferida determina\u00e7\u00e3o proibindo a Uni\u00e3o de exigir o pagamento do Imposto na aquisi\u00e7\u00e3o do ve\u00edculo.<\/p><p>Cabe recurso para \u00e0s Turmas Recursais.<\/p><p><strong>Fonte: TRF4<\/strong><\/p>\n    <div class=\"xs_social_share_widget xs_share_url after_content \t\tmain_content  wslu-style-1 wslu-share-box-shaped wslu-fill-colored wslu-none wslu-share-horizontal wslu-theme-font-no wslu-main_content\">\n\n\t\t\n        <ul>\n\t\t\t        <\/ul>\n    <\/div> \n","protected":false},"excerpt":{"rendered":"<p>A 4\u00aa Vara Federal de Caxias do Sul (RS) julgou procedente o pedido de uma mulher com defici\u00eancia, que buscou o direito \u00e0 isen\u00e7\u00e3o de Imposto sobre Produtos Industrializados (IPI) na compra de um autom\u00f3vel. A senten\u00e7a, do juiz Alexandre Pereira Dutra, foi publicada no dia 23\/05.<\/p>\n","protected":false},"author":5,"featured_media":0,"comment_status":"open","ping_status":"open","sticky":false,"template":"","format":"standard","meta":{"postBodyCss":"","postBodyMargin":[],"postBodyPadding":[],"postBodyBackground":{"backgroundType":"classic","gradient":""},"_price":"","_stock":"","_tribe_ticket_header":"","_tribe_default_ticket_provider":"","_tribe_ticket_capacity":"0","_ticket_start_date":"","_ticket_end_date":"","_tribe_ticket_show_description":"","_tribe_ticket_show_not_going":false,"_tribe_ticket_use_global_stock":"","_tribe_ticket_global_stock_level":"","_global_stock_mode":"","_global_stock_cap":"","_tribe_rsvp_for_event":"","_tribe_ticket_going_count":"","_tribe_ticket_not_going_count":"","_tribe_tickets_list":"[]","_tribe_ticket_has_attendee_info_fields":false,"footnotes":""},"categories":[46],"tags":[10793,10794,7676,949,5920,4530,4240,551,10796,10795,10792,3637,1627],"class_list":["post-11651","post","type-post","status-publish","format-standard","hentry","category-noticias","tag-4a-vara-federal-de-caxias-do-sul","tag-automoveis","tag-automovel","tag-compra","tag-direito-a-isencao","tag-imposto-sobre-produtos-industrializados","tag-ipi","tag-isencao","tag-isencao-de-ipi","tag-mulher-com-deficiencia","tag-registro-de-deficiencia-na-cnh","tag-trf4","tag-uniao"],"acf":[],"_links":{"self":[{"href":"https:\/\/sgpsolucoes.com.br\/site\/wp-json\/wp\/v2\/posts\/11651"}],"collection":[{"href":"https:\/\/sgpsolucoes.com.br\/site\/wp-json\/wp\/v2\/posts"}],"about":[{"href":"https:\/\/sgpsolucoes.com.br\/site\/wp-json\/wp\/v2\/types\/post"}],"author":[{"embeddable":true,"href":"https:\/\/sgpsolucoes.com.br\/site\/wp-json\/wp\/v2\/users\/5"}],"replies":[{"embeddable":true,"href":"https:\/\/sgpsolucoes.com.br\/site\/wp-json\/wp\/v2\/comments?post=11651"}],"version-history":[{"count":0,"href":"https:\/\/sgpsolucoes.com.br\/site\/wp-json\/wp\/v2\/posts\/11651\/revisions"}],"wp:attachment":[{"href":"https:\/\/sgpsolucoes.com.br\/site\/wp-json\/wp\/v2\/media?parent=11651"}],"wp:term":[{"taxonomy":"category","embeddable":true,"href":"https:\/\/sgpsolucoes.com.br\/site\/wp-json\/wp\/v2\/categories?post=11651"},{"taxonomy":"post_tag","embeddable":true,"href":"https:\/\/sgpsolucoes.com.br\/site\/wp-json\/wp\/v2\/tags?post=11651"}],"curies":[{"name":"wp","href":"https:\/\/api.w.org\/{rel}","templated":true}]}}