{"id":11654,"date":"2025-06-02T12:38:50","date_gmt":"2025-06-02T15:38:50","guid":{"rendered":"https:\/\/sgpsolucoes.com.br\/site\/?p=11654"},"modified":"2025-06-02T12:38:51","modified_gmt":"2025-06-02T15:38:51","slug":"justica-federal-afasta-exigencia-de-carencia-para-conceder-auxilio-reclusao-a-familia-vitima-de-violencia-domestica","status":"publish","type":"post","link":"https:\/\/sgpsolucoes.com.br\/site\/justica-federal-afasta-exigencia-de-carencia-para-conceder-auxilio-reclusao-a-familia-vitima-de-violencia-domestica\/","title":{"rendered":"Justi\u00e7a Federal afasta exig\u00eancia de car\u00eancia para conceder aux\u00edlio-reclus\u00e3o a fam\u00edlia v\u00edtima de viol\u00eancia dom\u00e9stica"},"content":{"rendered":"<p>A 1\u00aa Vara Federal de Santa Maria (RS) concedeu o pagamento do aux\u00edlio-reclus\u00e3o a duas crian\u00e7as, representadas por sua m\u00e3e na a\u00e7\u00e3o. A senten\u00e7a, do juiz Ezio Teixeira, foi publicada no dia 26\/05.<\/p><p>Os autores informaram ter solicitado o benef\u00edcio ao Instituto Nacional do Seguro Social (INSS) em julho de 2024, em virtude da pris\u00e3o do pai, ocorrida em junho do mesmo ano. O pedido foi indeferido sob a justificativa de que o apenado n\u00e3o teria a qualidade de segurado, sendo seu \u00faltimo v\u00ednculo empregat\u00edcio registrado em outubro de 2018. Conforme as regras da Previd\u00eancia Social, ele n\u00e3o seria mais segurado a partir de 15\/12\/2019.<\/p><p>O encarceramento foi em decorr\u00eancia de viol\u00eancia dom\u00e9stica, pela pr\u00e1tica de infra\u00e7\u00e3o enquadrada na Lei Maria da Penha, sendo a pris\u00e3o preventiva revogada no dia 24\/09\/2024. Contudo, houve um retorno ao c\u00e1rcere em fevereiro de 2025.&nbsp;<\/p><p>Foi juntado ao processo a ficha do Cadastro Nacional de Informa\u00e7\u00f5es Sociais Rela\u00e7\u00f5es Previdenci\u00e1rias (CNIS) do pai dos autores, na qual consta o registro de um v\u00ednculo de trabalho entre outubro e dezembro de 2024, o que o enquadraria novamente na qualidade de segurado do INSS.<\/p><p>O magistrado ressaltou que o aux\u00edlio-reclus\u00e3o \u00e9 um benef\u00edcio destinado aos dependentes do segurado que est\u00e1 preso, em regime fechado, desde que seja enquadrado como \u201cbaixa renda\u201d, obedecido um per\u00edodo de car\u00eancia que pode ser de 12 ou 24 meses.&nbsp;<\/p><p>Diante das circunst\u00e2ncias do caso analisado, Teixeira entendeu n\u00e3o ser cab\u00edvel a exig\u00eancia do cumprimento da car\u00eancia, tendo sido atendidos os demais requisitos para a concess\u00e3o do benef\u00edcio: \u201csendo que a figura delitiva que redundou na pris\u00e3o do segurado \u00e9 atinente a Lei da Maria da Penha e desdobramentos, n\u00e3o se pode exigir a car\u00eancia na forma estabelecida pela legisla\u00e7\u00e3o previdenci\u00e1ria. A exegese tem de ser favor\u00e1vel a maior prote\u00e7\u00e3o previdenci\u00e1ria, ou seja, cometido crime contra a genitora face \u00e0 Lei da Maria da Penha e que justificou a reclus\u00e3o, n\u00e3o pode ficar desamparada pelo sistema previdenci\u00e1rio o grupo familiar que era mantido e sustentado pelo segurado. Essa situa\u00e7\u00e3o puniria a v\u00edtima diante da pris\u00e3o do seu agressor, o que sem d\u00favida a Lei Maria da Penha n\u00e3o pretende na sua aplica\u00e7\u00e3o\u201d.<\/p><p>O INSS ter\u00e1 o prazo de vinte dias para implementar o benef\u00edcio, a contar de 08\/02\/2025 (data do segundo recolhimento \u00e0 pris\u00e3o), com a atualiza\u00e7\u00e3o monet\u00e1ria das parcelas vencidas. Cabe recurso para \u00e0s Turmas Recursais.<\/p><p><strong>Fonte: TRF4<\/strong><\/p>\n    <div class=\"xs_social_share_widget xs_share_url after_content \t\tmain_content  wslu-style-1 wslu-share-box-shaped wslu-fill-colored wslu-none wslu-share-horizontal wslu-theme-font-no wslu-main_content\">\n\n\t\t\n        <ul>\n\t\t\t        <\/ul>\n    <\/div> \n","protected":false},"excerpt":{"rendered":"<p>A 1\u00aa Vara Federal de Santa Maria (RS) concedeu o pagamento do aux\u00edlio-reclus\u00e3o a duas crian\u00e7as, representadas por sua m\u00e3e na a\u00e7\u00e3o. A senten\u00e7a, do juiz Ezio Teixeira, foi publicada no dia 26\/05.<\/p>\n","protected":false},"author":5,"featured_media":0,"comment_status":"open","ping_status":"open","sticky":false,"template":"","format":"standard","meta":{"postBodyCss":"","postBodyMargin":[],"postBodyPadding":[],"postBodyBackground":{"backgroundType":"classic","gradient":""},"_price":"","_stock":"","_tribe_ticket_header":"","_tribe_default_ticket_provider":"","_tribe_ticket_capacity":"0","_ticket_start_date":"","_ticket_end_date":"","_tribe_ticket_show_description":"","_tribe_ticket_show_not_going":false,"_tribe_ticket_use_global_stock":"","_tribe_ticket_global_stock_level":"","_global_stock_mode":"","_global_stock_cap":"","_tribe_rsvp_for_event":"","_tribe_ticket_going_count":"","_tribe_ticket_not_going_count":"","_tribe_tickets_list":"[]","_tribe_ticket_has_attendee_info_fields":false,"footnotes":""},"categories":[46],"tags":[10797,5516,5582,1754,3656,2654,2784,3071,5330,5127,3637,3352,3353],"class_list":["post-11654","post","type-post","status-publish","format-standard","hentry","category-noticias","tag-1a-vara-federal-de-santa-maria","tag-auxilio-reclusao","tag-carencia","tag-criancas","tag-familia","tag-inss","tag-instituto-nacional-do-seguro-social","tag-justica-federal","tag-mae","tag-previdencia-social","tag-trf4","tag-violencia-domestica-2","tag-vitima"],"acf":[],"_links":{"self":[{"href":"https:\/\/sgpsolucoes.com.br\/site\/wp-json\/wp\/v2\/posts\/11654"}],"collection":[{"href":"https:\/\/sgpsolucoes.com.br\/site\/wp-json\/wp\/v2\/posts"}],"about":[{"href":"https:\/\/sgpsolucoes.com.br\/site\/wp-json\/wp\/v2\/types\/post"}],"author":[{"embeddable":true,"href":"https:\/\/sgpsolucoes.com.br\/site\/wp-json\/wp\/v2\/users\/5"}],"replies":[{"embeddable":true,"href":"https:\/\/sgpsolucoes.com.br\/site\/wp-json\/wp\/v2\/comments?post=11654"}],"version-history":[{"count":0,"href":"https:\/\/sgpsolucoes.com.br\/site\/wp-json\/wp\/v2\/posts\/11654\/revisions"}],"wp:attachment":[{"href":"https:\/\/sgpsolucoes.com.br\/site\/wp-json\/wp\/v2\/media?parent=11654"}],"wp:term":[{"taxonomy":"category","embeddable":true,"href":"https:\/\/sgpsolucoes.com.br\/site\/wp-json\/wp\/v2\/categories?post=11654"},{"taxonomy":"post_tag","embeddable":true,"href":"https:\/\/sgpsolucoes.com.br\/site\/wp-json\/wp\/v2\/tags?post=11654"}],"curies":[{"name":"wp","href":"https:\/\/api.w.org\/{rel}","templated":true}]}}