{"id":11657,"date":"2025-06-02T12:41:50","date_gmt":"2025-06-02T15:41:50","guid":{"rendered":"https:\/\/sgpsolucoes.com.br\/site\/?p=11657"},"modified":"2025-06-02T12:41:51","modified_gmt":"2025-06-02T15:41:51","slug":"segurada-consegue-prorrogacao-do-salario-maternidade-em-virtude-de-internacao-do-bebe-apos-parto-prematuro","status":"publish","type":"post","link":"https:\/\/sgpsolucoes.com.br\/site\/segurada-consegue-prorrogacao-do-salario-maternidade-em-virtude-de-internacao-do-bebe-apos-parto-prematuro\/","title":{"rendered":"Segurada consegue prorroga\u00e7\u00e3o do sal\u00e1rio-maternidade em virtude de interna\u00e7\u00e3o do beb\u00ea ap\u00f3s parto prematuro"},"content":{"rendered":"<p>A 1\u00aa Vara Federal de Cruz Alta (RS) julgou procedente o pedido de prorroga\u00e7\u00e3o do sal\u00e1rio-maternidade em favor de uma segurada do Instituto Nacional do Seguro Social (INSS). A senten\u00e7a, publicada em 27\/05, \u00e9 do juiz Tiago Fontoura de Souza.<\/p><p>A autora, trabalhadora aut\u00f4noma, relatou que o nascimento de sua filha ocorreu em novembro de 2022, de forma prematura, sendo a crian\u00e7a imediatamente submetida a interna\u00e7\u00e3o em Unidade de Tratamento Intensivo (UTI) neonatal, localizada no munic\u00edpio de Iju\u00ed (RS), pelo per\u00edodo de 86 dias. A rec\u00e9m-nascida recebeu alta em fevereiro de 2023.<\/p><p>O benef\u00edcio previdenci\u00e1rio foi concedido, a contar da data de nascimento do beb\u00ea, pelo prazo legal de cento e vinte dias, finalizando em mar\u00e7o de 2023. Contudo, devido \u00e0 interna\u00e7\u00e3o, a m\u00e3e solicitou junto ao INSS a prorroga\u00e7\u00e3o do sal\u00e1rio-maternidade, tendo sido indeferido o pedido.<\/p><p>A autarquia alegou, em sua defesa, n\u00e3o haver previs\u00e3o legal para autorizar a extens\u00e3o do pagamento, sendo que a lei determina o pagamento por cento e vinte dias.&nbsp;&nbsp;<\/p><p>Souza fundamentou sua decis\u00e3o em julgamento do Supremo Tribunal Federal (STF), que declarou: \u201ca fim de que seja protegida a maternidade e a inf\u00e2ncia e ampliada a conviv\u00eancia entre m\u00e3es e beb\u00eas, em caso de interna\u00e7\u00e3o hospitalar que supere o prazo de duas semanas, (&#8230;) o termo inicial aplic\u00e1vel \u00e0 frui\u00e7\u00e3o da licen\u00e7a-maternidade e do respectivo sal\u00e1rio-maternidade deve ser o da alta hospitalar da m\u00e3e ou do rec\u00e9m-nascido, o que ocorrer por \u00faltimo\u201d.&nbsp;<\/p><p>Como a a\u00e7\u00e3o foi proposta no final de 2024, ap\u00f3s a ocorr\u00eancia dos fatos, o INSS dever\u00e1 efetuar o pagamento das parcelas vencidas, considerando como data inicial a alta hospitalar, prorrogando em mais cento e vinte dias, ou seja de fevereiro a junho de 2023.&nbsp;<\/p><p>Cabe recurso para as Turmas Recursais.<\/p><p><strong>Fonte: TRF4<\/strong><\/p>\n    <div class=\"xs_social_share_widget xs_share_url after_content \t\tmain_content  wslu-style-1 wslu-share-box-shaped wslu-fill-colored wslu-none wslu-share-horizontal wslu-theme-font-no wslu-main_content\">\n\n\t\t\n        <ul>\n\t\t\t        <\/ul>\n    <\/div> \n","protected":false},"excerpt":{"rendered":"<p>A 1\u00aa Vara Federal de Cruz Alta (RS) julgou procedente o pedido de prorroga\u00e7\u00e3o do sal\u00e1rio-maternidade em favor de uma segurada do Instituto Nacional do Seguro Social (INSS). A senten\u00e7a, publicada em 27\/05, \u00e9 do juiz Tiago Fontoura de Souza.<\/p>\n","protected":false},"author":5,"featured_media":0,"comment_status":"open","ping_status":"open","sticky":false,"template":"","format":"standard","meta":{"postBodyCss":"","postBodyMargin":[],"postBodyPadding":[],"postBodyBackground":{"backgroundType":"classic","gradient":""},"_price":"","_stock":"","_tribe_ticket_header":"","_tribe_default_ticket_provider":"","_tribe_ticket_capacity":"0","_ticket_start_date":"","_ticket_end_date":"","_tribe_ticket_show_description":"","_tribe_ticket_show_not_going":false,"_tribe_ticket_use_global_stock":"","_tribe_ticket_global_stock_level":"","_global_stock_mode":"","_global_stock_cap":"","_tribe_rsvp_for_event":"","_tribe_ticket_going_count":"","_tribe_ticket_not_going_count":"","_tribe_tickets_list":"[]","_tribe_ticket_has_attendee_info_fields":false,"footnotes":""},"categories":[46],"tags":[10800,9296,2654,2784,10799,10798,4950,5861,7378,3637,9299,9301,9298],"class_list":["post-11657","post","type-post","status-publish","format-standard","hentry","category-noticias","tag-1a-vara-federal-de-cruz-alta","tag-bebe","tag-inss","tag-instituto-nacional-do-seguro-social","tag-internacao","tag-parto-prematuro","tag-prorrogacao","tag-salario-maternidade","tag-segurada","tag-trf4","tag-unidade-de-tratamento-intensivo","tag-uti","tag-uti-neonatal"],"acf":[],"_links":{"self":[{"href":"https:\/\/sgpsolucoes.com.br\/site\/wp-json\/wp\/v2\/posts\/11657"}],"collection":[{"href":"https:\/\/sgpsolucoes.com.br\/site\/wp-json\/wp\/v2\/posts"}],"about":[{"href":"https:\/\/sgpsolucoes.com.br\/site\/wp-json\/wp\/v2\/types\/post"}],"author":[{"embeddable":true,"href":"https:\/\/sgpsolucoes.com.br\/site\/wp-json\/wp\/v2\/users\/5"}],"replies":[{"embeddable":true,"href":"https:\/\/sgpsolucoes.com.br\/site\/wp-json\/wp\/v2\/comments?post=11657"}],"version-history":[{"count":0,"href":"https:\/\/sgpsolucoes.com.br\/site\/wp-json\/wp\/v2\/posts\/11657\/revisions"}],"wp:attachment":[{"href":"https:\/\/sgpsolucoes.com.br\/site\/wp-json\/wp\/v2\/media?parent=11657"}],"wp:term":[{"taxonomy":"category","embeddable":true,"href":"https:\/\/sgpsolucoes.com.br\/site\/wp-json\/wp\/v2\/categories?post=11657"},{"taxonomy":"post_tag","embeddable":true,"href":"https:\/\/sgpsolucoes.com.br\/site\/wp-json\/wp\/v2\/tags?post=11657"}],"curies":[{"name":"wp","href":"https:\/\/api.w.org\/{rel}","templated":true}]}}