{"id":11684,"date":"2025-06-03T19:28:46","date_gmt":"2025-06-03T22:28:46","guid":{"rendered":"https:\/\/sgpsolucoes.com.br\/site\/?p=11684"},"modified":"2025-06-03T19:28:47","modified_gmt":"2025-06-03T22:28:47","slug":"reducao-de-beneficios-fiscais-do-reintegra-so-pode-valer-depois-de-90-dias-de-sua-criacao-decide-stf","status":"publish","type":"post","link":"https:\/\/sgpsolucoes.com.br\/site\/reducao-de-beneficios-fiscais-do-reintegra-so-pode-valer-depois-de-90-dias-de-sua-criacao-decide-stf\/","title":{"rendered":"Redu\u00e7\u00e3o de benef\u00edcios fiscais do Reintegra s\u00f3 pode valer depois de 90 dias de sua cria\u00e7\u00e3o, decide STF"},"content":{"rendered":"<p><em><strong>Tema de fundo \u00e9 o aumento de tributos decorrente das redu\u00e7\u00f5es dos benef\u00edcios do programa Reintegra\u00a0<\/strong><\/em><\/p><p>O Supremo Tribunal Federal (STF) decidiu que as redu\u00e7\u00f5es de benef\u00edcios fiscais do Regime Especial de Reintegra\u00e7\u00e3o de Valores Tribut\u00e1rios para as Empresas Exportadoras (Reintegra) deveriam ter efeito apenas 90 dias ap\u00f3s a medida que determinou a redu\u00e7\u00e3o, ou seja, devem observar a chamada anterioridade nonagesimal.<\/p><p>A decis\u00e3o foi tomada na sess\u00e3o virtual encerrada em 23\/5, no julgamento do Recurso Extraordin\u00e1rio com Agravo&nbsp;<strong><a href=\"https:\/\/portal.stf.jus.br\/processos\/detalhe.asp?incidente=5986083\" target=\"_blank\" rel=\"noreferrer noopener\">(ARE) 1285177<\/a><\/strong>&nbsp;, com repercuss\u00e3o geral (Tema 1108). A tese apresentada ser\u00e1 aplicada a todos os casos demais semelhantes em tramita\u00e7\u00e3o na Justi\u00e7a.<\/p><h5 class=\"wp-block-heading\"><strong>Caso<\/strong><\/h5><p>De acordo com o Decreto 8.415\/2015, que regulamenta o Reintegra, as empresas podem apurar cr\u00e9dito sobre a receita decorrente da exporta\u00e7\u00e3o de bens espec\u00edficos. O Decreto 9.393\/2018 impede o percentual de cr\u00e9dito a ser apurado de 2% para 0,1%, a partir de 1\u00ba\/6\/2018.<\/p><p>No STF, a Levantina Natural Stone Brasil Ltda. Pretendia garantir o direito ao c\u00e1lculo pela al\u00edquota de 2% sobre todas as exporta\u00e7\u00f5es realizadas em 2018. Sustentava, para tanto, que a aplica\u00e7\u00e3o do Decreto 9.393\/2018, que otimizava o direito de compensa\u00e7\u00e3o do benef\u00edcio fiscal do Reintegra no mesmo ano de sua publica\u00e7\u00e3o, configura majora\u00e7\u00e3o de tributo sem a observ\u00e2ncia do princ\u00edpio da anterioridade do exerc\u00edcio fiscal (ou da anualidade).<\/p><h5 class=\"wp-block-heading\"><strong>Majora\u00e7\u00e3o indireta<\/strong><\/h5><p>Em seu voto, o ministro Cristiano Zanin, relator do recurso, observou que, de acordo com o entendimento do Supremo, deve-se observar, em regra, o princ\u00edpio da anterioridade nas hip\u00f3teses de redu\u00e7\u00e3o ou de supress\u00e3o de benef\u00edcios ou incentivos fiscais que acarretem majora\u00e7\u00e3o indireta de tributos, como o caso do Reintegra. Tamb\u00e9m de acordo com o Tribunal do Tribunal, a vig\u00eancia do ato normativo que reduz ou revoga\u00e7\u00e3o dos benef\u00edcios fiscais deve observar, em rela\u00e7\u00e3o \u00e0 anterioridade, o mesmo regime aplic\u00e1vel ao tributo cuja carga est\u00e1 sendo excessivamente elevada.<\/p><h5 class=\"wp-block-heading\"><strong>Anterioridade nonagesimal<\/strong><\/h5><p>No caso do Reintegra, os valores a serem creditados ao contribuinte exportador s\u00e3o deduzidos do montante devido ao t\u00edtulo de PIS\/Pasep e \u00e0 Contribui\u00e7\u00e3o para o Financiamento da Seguridade Social (Cofins). Assim, a anterioridade aplic\u00e1vel deve ser nonagesimal, uma vez que o texto constitucional distribuiu essa regra para aplica\u00e7\u00e3o a essas contribui\u00e7\u00f5es.<\/p><p>Ficaram vencidos os ministros Edson Fachin, Andr\u00e9 Mendon\u00e7a e Nunes Marques. Para eles, as redu\u00e7\u00f5es do percentual de cr\u00e9dito a ser apurado no Reintegra devem observar, quanto \u00e0 sua vig\u00eancia, tanto o princ\u00edpio da anterioridade nonagesimal quanto o anual.<\/p><h5 class=\"wp-block-heading\"><strong>Tese<\/strong><\/h5><p>A tese de repercuss\u00e3o geral firmada foi a seguinte:<\/p><p>\u201cAs redu\u00e7\u00f5es do percentual de cr\u00e9dito a ser apurado no REINTEGRA, assim como a revoga\u00e7\u00e3o do benef\u00edcio, ensejam a majora\u00e7\u00e3o indireta das contribui\u00e7\u00f5es para o PIS e COFINS e devem observar, quanto \u00e0 sua vig\u00eancia, o princ\u00edpio da anterioridade nonagesimal, previsto no art. 195, \u00a7 6\u00ba, da Constitui\u00e7\u00e3o Federal, n\u00e3o se aplicam o princ\u00edpio da anterioridade geral ou de exerc\u00edcio, previsto no art. 150, III, b.\u201d<\/p><p><strong>Fonte: STF<\/strong><\/p>\n    <div class=\"xs_social_share_widget xs_share_url after_content \t\tmain_content  wslu-style-1 wslu-share-box-shaped wslu-fill-colored wslu-none wslu-share-horizontal wslu-theme-font-no wslu-main_content\">\n\n\t\t\n        <ul>\n\t\t\t        <\/ul>\n    <\/div> \n","protected":false},"excerpt":{"rendered":"<p>O Supremo Tribunal Federal (STF) decidiu que as redu\u00e7\u00f5es de benef\u00edcios fiscais do Regime Especial de Reintegra\u00e7\u00e3o de Valores Tribut\u00e1rios para as Empresas Exportadoras (Reintegra) deveriam ter efeito apenas 90 dias ap\u00f3s a medida que determinou a redu\u00e7\u00e3o, ou seja, devem observar a chamada anterioridade nonagesimal.<\/p>\n","protected":false},"author":5,"featured_media":0,"comment_status":"open","ping_status":"open","sticky":false,"template":"","format":"standard","meta":{"postBodyCss":"","postBodyMargin":[],"postBodyPadding":[],"postBodyBackground":{"backgroundType":"classic","gradient":""},"_price":"","_stock":"","_tribe_ticket_header":"","_tribe_default_ticket_provider":"","_tribe_ticket_capacity":"0","_ticket_start_date":"","_ticket_end_date":"","_tribe_ticket_show_description":"","_tribe_ticket_show_not_going":false,"_tribe_ticket_use_global_stock":"","_tribe_ticket_global_stock_level":"","_global_stock_mode":"","_global_stock_cap":"","_tribe_rsvp_for_event":"","_tribe_ticket_going_count":"","_tribe_ticket_not_going_count":"","_tribe_tickets_list":"[]","_tribe_ticket_has_attendee_info_fields":false,"footnotes":""},"categories":[46],"tags":[10315,10851,10846,2822,1112,2529,6597,2324,10848,10850,10849,10847,347,348],"class_list":["post-11684","post","type-post","status-publish","format-standard","hentry","category-noticias","tag-90-dias","tag-anterioridade-nonagesimal","tag-aumento-de-tributos","tag-beneficios","tag-beneficios-fiscais","tag-criacao","tag-programa-reintegra","tag-reducao","tag-reducoes","tag-reducoes-dos-beneficios","tag-regime-especial-de-reintegracao-de-valores-tributarios-para-as-empresas-exportadoras","tag-reintegra","tag-stf","tag-supremo-tribunal-federal"],"acf":[],"_links":{"self":[{"href":"https:\/\/sgpsolucoes.com.br\/site\/wp-json\/wp\/v2\/posts\/11684"}],"collection":[{"href":"https:\/\/sgpsolucoes.com.br\/site\/wp-json\/wp\/v2\/posts"}],"about":[{"href":"https:\/\/sgpsolucoes.com.br\/site\/wp-json\/wp\/v2\/types\/post"}],"author":[{"embeddable":true,"href":"https:\/\/sgpsolucoes.com.br\/site\/wp-json\/wp\/v2\/users\/5"}],"replies":[{"embeddable":true,"href":"https:\/\/sgpsolucoes.com.br\/site\/wp-json\/wp\/v2\/comments?post=11684"}],"version-history":[{"count":0,"href":"https:\/\/sgpsolucoes.com.br\/site\/wp-json\/wp\/v2\/posts\/11684\/revisions"}],"wp:attachment":[{"href":"https:\/\/sgpsolucoes.com.br\/site\/wp-json\/wp\/v2\/media?parent=11684"}],"wp:term":[{"taxonomy":"category","embeddable":true,"href":"https:\/\/sgpsolucoes.com.br\/site\/wp-json\/wp\/v2\/categories?post=11684"},{"taxonomy":"post_tag","embeddable":true,"href":"https:\/\/sgpsolucoes.com.br\/site\/wp-json\/wp\/v2\/tags?post=11684"}],"curies":[{"name":"wp","href":"https:\/\/api.w.org\/{rel}","templated":true}]}}