{"id":11703,"date":"2025-06-05T17:19:41","date_gmt":"2025-06-05T20:19:41","guid":{"rendered":"https:\/\/sgpsolucoes.com.br\/site\/?p=11703"},"modified":"2025-06-05T17:19:43","modified_gmt":"2025-06-05T20:19:43","slug":"governador-de-rondonia-questiona-beneficios-fiscais-concedidos-por-sao-paulo","status":"publish","type":"post","link":"https:\/\/sgpsolucoes.com.br\/site\/governador-de-rondonia-questiona-beneficios-fiscais-concedidos-por-sao-paulo\/","title":{"rendered":"Governador de Rond\u00f4nia questiona benef\u00edcios fiscais concedidos por S\u00e3o Paulo"},"content":{"rendered":"<p><em><strong>Chefe do Executivo estadual pede que o Poder Judici\u00e1rio intervenha em regime de urg\u00eancia<\/strong><\/em><\/p><p>O governador de Rond\u00f4nia, Marcos Rocha, ajuizou a A\u00e7\u00e3o Direta de Inconstitucionalidade<strong><a href=\"https:\/\/portal.stf.jus.br\/processos\/detalhe.asp?incidente=7271290\" target=\"_blank\" rel=\"noreferrer noopener\">&nbsp;(ADI) 7822<\/a><\/strong>&nbsp;no Supremo Tribunal Federal (STF), com pedido de liminar, contra norma do Estado de S\u00e3o Paulo que limitou a vig\u00eancia de incentivo fiscal para a sa\u00edda de produtos de origem nacional destinados \u00e0 comercializa\u00e7\u00e3o ou industrializa\u00e7\u00e3o em \u00c1reas de Livre Com\u00e9rcio, incluindo a de Guajar\u00e1-Mirim (RO). A a\u00e7\u00e3o foi distribu\u00edda \u00e0 ministra C\u00e1rmen L\u00facia, que requisitou informa\u00e7\u00f5es ao governador de S\u00e3o Paulo.<\/p><p>Segundo Marcos Rocha, o Decreto estadual 65.255\/2020 de S\u00e3o Paulo limitou unilateralmente, at\u00e9 31 de dezembro de 2024, o benef\u00edcio fiscal que havia sido ampliado pelo Conv\u00eanio ICMS 52\/1992 \u00e0 \u00e1rea de Livre Com\u00e9rcio de Guajar\u00e1-Mirim, que possibilita a isen\u00e7\u00e3o de ICMS na sa\u00edda das mercadorias de seu local de origem (no caso, S\u00e3o Paulo).<\/p><p>Rocha sustenta que a norma paulista acirra a chamada \u201cguerra fiscal\u201d entre os estados, compromete o equil\u00edbrio federativo e n\u00e3o respeita as desigualdades regionais. Al\u00e9m disso, sua vig\u00eancia implica o recolhimento de ICMS a S\u00e3o Paulo, desestimulando a atividade econ\u00f4mica na regi\u00e3o de Guajar\u00e1-Mirim.<\/p><p>Ainda na ADI, o governador recorda diversos precedentes do STF sobre a invalidade de dispositivos de leis estaduais que confrontam a Constitui\u00e7\u00e3o quanto a quest\u00f5es tribut\u00e1rias entre unidades da Federa\u00e7\u00e3o e pede que o Supremo atue para pacificar a quest\u00e3o.<\/p><p><strong>Fonte: STF<\/strong><\/p>\n    <div class=\"xs_social_share_widget xs_share_url after_content \t\tmain_content  wslu-style-1 wslu-share-box-shaped wslu-fill-colored wslu-none wslu-share-horizontal wslu-theme-font-no wslu-main_content\">\n\n\t\t\n        <ul>\n\t\t\t        <\/ul>\n    <\/div> \n","protected":false},"excerpt":{"rendered":"<p>Chefe do Executivo estadual pede que o Poder Judici\u00e1rio intervenha em regime de urg\u00eancia O governador de Rond\u00f4nia, Marcos Rocha, ajuizou a A\u00e7\u00e3o Direta de Inconstitucionalidade&nbsp;(ADI) 7822&nbsp;no Supremo Tribunal Federal (STF), com pedido de liminar, contra norma do Estado de S\u00e3o Paulo que limitou a vig\u00eancia de incentivo fiscal para a sa\u00edda de produtos de [&hellip;]<\/p>\n","protected":false},"author":5,"featured_media":0,"comment_status":"open","ping_status":"open","sticky":false,"template":"","format":"standard","meta":{"postBodyCss":"","postBodyMargin":[],"postBodyPadding":[],"postBodyBackground":{"backgroundType":"classic","gradient":""},"_price":"","_stock":"","_tribe_ticket_header":"","_tribe_default_ticket_provider":"","_tribe_ticket_capacity":"0","_ticket_start_date":"","_ticket_end_date":"","_tribe_ticket_show_description":"","_tribe_ticket_show_not_going":false,"_tribe_ticket_use_global_stock":"","_tribe_ticket_global_stock_level":"","_global_stock_mode":"","_global_stock_cap":"","_tribe_rsvp_for_event":"","_tribe_ticket_going_count":"","_tribe_ticket_not_going_count":"","_tribe_tickets_list":"[]","_tribe_ticket_has_attendee_info_fields":false,"footnotes":""},"categories":[46],"tags":[1054,10872,10878,1112,10870,1655,10876,1471,1032,10873,10877,577,10218,1835,10871,2719,10875,10874,3415,8040,1086,347,348],"class_list":["post-11703","post","type-post","status-publish","format-standard","hentry","category-noticias","tag-acao-direta-de-inconstitucionalidade","tag-adi-7822","tag-areas-de-livre-comercio-2","tag-beneficios-fiscais","tag-chefe-do-executivo-estadual","tag-comercializacao","tag-decreto-estadual-65-255-2020","tag-estado-de-sao-paulo","tag-governador","tag-governador-de-rondonia","tag-guajara-mirim","tag-incentivo-fiscal","tag-industrializacao","tag-liminar","tag-marcos-rocha","tag-poder-judiciario","tag-produtos-de-origem-nacional","tag-regime-de-urgencia","tag-rondonia","tag-saida","tag-sao-paulo","tag-stf","tag-supremo-tribunal-federal"],"acf":[],"_links":{"self":[{"href":"https:\/\/sgpsolucoes.com.br\/site\/wp-json\/wp\/v2\/posts\/11703"}],"collection":[{"href":"https:\/\/sgpsolucoes.com.br\/site\/wp-json\/wp\/v2\/posts"}],"about":[{"href":"https:\/\/sgpsolucoes.com.br\/site\/wp-json\/wp\/v2\/types\/post"}],"author":[{"embeddable":true,"href":"https:\/\/sgpsolucoes.com.br\/site\/wp-json\/wp\/v2\/users\/5"}],"replies":[{"embeddable":true,"href":"https:\/\/sgpsolucoes.com.br\/site\/wp-json\/wp\/v2\/comments?post=11703"}],"version-history":[{"count":0,"href":"https:\/\/sgpsolucoes.com.br\/site\/wp-json\/wp\/v2\/posts\/11703\/revisions"}],"wp:attachment":[{"href":"https:\/\/sgpsolucoes.com.br\/site\/wp-json\/wp\/v2\/media?parent=11703"}],"wp:term":[{"taxonomy":"category","embeddable":true,"href":"https:\/\/sgpsolucoes.com.br\/site\/wp-json\/wp\/v2\/categories?post=11703"},{"taxonomy":"post_tag","embeddable":true,"href":"https:\/\/sgpsolucoes.com.br\/site\/wp-json\/wp\/v2\/tags?post=11703"}],"curies":[{"name":"wp","href":"https:\/\/api.w.org\/{rel}","templated":true}]}}