{"id":11709,"date":"2025-06-05T17:31:40","date_gmt":"2025-06-05T20:31:40","guid":{"rendered":"https:\/\/sgpsolucoes.com.br\/site\/?p=11709"},"modified":"2025-06-05T17:31:41","modified_gmt":"2025-06-05T20:31:41","slug":"admitido-recurso-ao-stf-contra-acordao-que-manteve-selic-para-correcao-de-dividas-civis","status":"publish","type":"post","link":"https:\/\/sgpsolucoes.com.br\/site\/admitido-recurso-ao-stf-contra-acordao-que-manteve-selic-para-correcao-de-dividas-civis\/","title":{"rendered":"Admitido recurso ao STF contra ac\u00f3rd\u00e3o que manteve Selic para corre\u00e7\u00e3o de d\u00edvidas civis"},"content":{"rendered":"<p>\u200bO vice-presidente do Superior Tribunal de Justi\u00e7a (STJ), ministro Luis Felipe Salom\u00e3o, admitiu&nbsp;recurso extraordin\u00e1rio&nbsp;contra&nbsp;<a href=\"https:\/\/processo.stj.jus.br\/processo\/julgamento\/eletronico\/documento\/mediado\/?documento_tipo=integra&amp;documento_sequencial=268656722&amp;registro_numero=201900326580&amp;peticao_numero=&amp;publicacao_data=20241023&amp;formato=PDF\">ac\u00f3rd\u00e3o<\/a>&nbsp;da Corte Especial que, por maioria, estabeleceu que a taxa Selic deve ser usada para corre\u00e7\u00e3o das d\u00edvidas civis. O caso segue agora para an\u00e1lise do Supremo Tribunal Federal (STF).<\/p><p>O julgamento foi finalizado pela Corte Especial em agosto de 2024. Seguindo&nbsp;<a href=\"https:\/\/www.stj.jus.br\/sites\/portalp\/Paginas\/Comunicacao\/Noticias\/2023\/23062023-Ministro-Raul-Araujo-vota-pelo-uso-da-Selic-na-correcao-de-dividas-civis--julgamento-e-suspenso-novamente.aspx\" target=\"_blank\" rel=\"noreferrer noopener\">voto do ministro Raul Ara\u00fajo<\/a>, o colegiado considerou que o&nbsp;<a href=\"https:\/\/www.planalto.gov.br\/ccivil_03\/leis\/2002\/l10406.htm#art406\" target=\"_blank\" rel=\"noreferrer noopener\">artigo 406 do C\u00f3digo Civil de 2002<\/a>&nbsp;deve ser interpretado no sentido de que a Selic \u00e9 a taxa de juros de&nbsp;mora&nbsp;aplic\u00e1vel \u00e0s d\u00edvidas de natureza civil, por ser o \u00edndice em vigor para a atualiza\u00e7\u00e3o monet\u00e1ria e para a&nbsp;mora&nbsp;de pagamento de impostos devidos \u00e0 Fazenda Nacional.<\/p><p>Ainda segundo a Corte Especial, \u00e9 inaplic\u00e1vel \u00e0s d\u00edvidas civis a taxa de juros de&nbsp;mora&nbsp;prevista no&nbsp;<a href=\"https:\/\/www.planalto.gov.br\/ccivil_03\/leis\/l5172.htm#art161%C2%A71\" target=\"_blank\" rel=\"noreferrer noopener\">artigo 161, par\u00e1grafo 1\u00ba, do C\u00f3digo Tribut\u00e1rio Nacional<\/a>, pois o dispositivo \u00e9 voltado especificamente para os casos de inadimplemento de cr\u00e9ditos tribut\u00e1rios.<\/p><h2 class=\"wp-block-heading\">\u00c9 plaus\u00edvel a argumenta\u00e7\u00e3o de que uso da Selic pode corroer o montante da d\u00edvida<\/h2><p>O ministro Luis Felipe Salom\u00e3o apontou que, considerando os votos da posi\u00e7\u00e3o minorit\u00e1ria no julgamento da Corte Especial, \u00e9 plaus\u00edvel a alega\u00e7\u00e3o da parte recorrente no sentido de que o uso da taxa Selic na corre\u00e7\u00e3o das d\u00edvidas civis, dependendo da metodologia utilizada no c\u00e1lculo (soma dos acumulados mensais ou multiplica\u00e7\u00e3o dos valores di\u00e1rios), pode representar a corros\u00e3o do valor integral do d\u00e9bito, o que ofenderia o princ\u00edpio constitucional da repara\u00e7\u00e3o integral do dano.<\/p><p>Ainda segundo o vice-presidente do STJ, em diferentes precedentes, o STF concluiu pela viabilidade da aplica\u00e7\u00e3o da Selic na corre\u00e7\u00e3o de d\u00e9bitos tribut\u00e1rios e da atualiza\u00e7\u00e3o de d\u00e9bitos judiciais na Justi\u00e7a do Trabalho em substitui\u00e7\u00e3o \u00e0 Taxa Referencial. Por\u00e9m, Salom\u00e3o destacou que, nessas a\u00e7\u00f5es, a mat\u00e9ria de fundo era preponderantemente de direito p\u00fablico.<\/p><p>&#8220;No entanto, a discuss\u00e3o nestes autos refere-se \u00e0 utiliza\u00e7\u00e3o da taxa Selic na corre\u00e7\u00e3o de d\u00edvidas civis \u2013 direito privado \u2013, peculiaridade que revela a exist\u00eancia de&nbsp;<em>distinguishing<\/em>&nbsp;em rela\u00e7\u00e3o aos citados precedentes da Suprema Corte&#8221;, afirmou.<\/p><p>Luis Felipe Salom\u00e3o tamb\u00e9m refor\u00e7ou a possibilidade de que a soma dos acumulados mensais da Selic em per\u00edodos longos possa ocasionar um percentual que n\u00e3o recomponha a desvaloriza\u00e7\u00e3o da moeda \u2013 situa\u00e7\u00e3o que, segundo ele, contraria ao entendimento j\u00e1 consolidado no STF de que a corre\u00e7\u00e3o monet\u00e1ria e a infla\u00e7\u00e3o s\u00e3o fen\u00f4menos monet\u00e1rios conexos.<\/p><p>&#8220;Assim, uma vez prequestionados os&nbsp;<a href=\"https:\/\/www.planalto.gov.br\/ccivil_03\/constituicao\/constituicao.htm#art1III\" target=\"_blank\" rel=\"noreferrer noopener\">artigos 1\u00ba, inciso III<\/a>, e 5\u00ba, incisos&nbsp;<a href=\"https:\/\/www.planalto.gov.br\/ccivil_03\/constituicao\/constituicao.htm#art5V\" target=\"_blank\" rel=\"noreferrer noopener\">V<\/a>&nbsp;e&nbsp;<a href=\"https:\/\/www.planalto.gov.br\/ccivil_03\/constituicao\/constituicao.htm#art5X\" target=\"_blank\" rel=\"noreferrer noopener\">X<\/a>, da Constitui\u00e7\u00e3o Federal, e considerando que o STF n\u00e3o enfrentou o impacto advindo tanto da ado\u00e7\u00e3o da soma de acumulados mensais como da multiplica\u00e7\u00e3o dos fatores di\u00e1rios da taxa Selic na corre\u00e7\u00e3o de d\u00edvidas civis, o&nbsp;recurso extraordin\u00e1rio&nbsp;merece tr\u00e2nsito quanto ao ponto&#8221;, concluiu o ministro.&nbsp;<\/p><p><strong>Esta not\u00edcia refere-se ao(s)&nbsp;<\/strong><strong>processo(s):<\/strong><strong> <\/strong><strong><a href=\"https:\/\/ww2.stj.jus.br\/processo\/pesquisa\/?aplicacao=processos.ea&amp;tipoPesquisa=tipoPesquisaGenerica&amp;termo=REsp%201795982\">REsp 1795982<\/a><\/strong><strong><\/strong><\/p><p><strong>Fonte: STJ<\/strong><\/p>\n    <div class=\"xs_social_share_widget xs_share_url after_content \t\tmain_content  wslu-style-1 wslu-share-box-shaped wslu-fill-colored wslu-none wslu-share-horizontal wslu-theme-font-no wslu-main_content\">\n\n\t\t\n        <ul>\n\t\t\t        <\/ul>\n    <\/div> \n","protected":false},"excerpt":{"rendered":"<p>\u200bO vice-presidente do Superior Tribunal de Justi\u00e7a (STJ), ministro Luis Felipe Salom\u00e3o, admitiu\u00a0recurso extraordin\u00e1rio\u00a0contra\u00a0ac\u00f3rd\u00e3o\u00a0da Corte Especial que, por maioria, estabeleceu que a taxa Selic deve ser usada para corre\u00e7\u00e3o das d\u00edvidas civis. O caso segue agora para an\u00e1lise do Supremo Tribunal Federal (STF).<\/p>\n","protected":false},"author":5,"featured_media":0,"comment_status":"open","ping_status":"open","sticky":false,"template":"","format":"standard","meta":{"postBodyCss":"","postBodyMargin":[],"postBodyPadding":[],"postBodyBackground":{"backgroundType":"classic","gradient":""},"_price":"","_stock":"","_tribe_ticket_header":"","_tribe_default_ticket_provider":"","_tribe_ticket_capacity":"0","_ticket_start_date":"","_ticket_end_date":"","_tribe_ticket_show_description":"","_tribe_ticket_show_not_going":false,"_tribe_ticket_use_global_stock":"","_tribe_ticket_global_stock_level":"","_global_stock_mode":"","_global_stock_cap":"","_tribe_rsvp_for_event":"","_tribe_ticket_going_count":"","_tribe_ticket_not_going_count":"","_tribe_tickets_list":"[]","_tribe_ticket_has_attendee_info_fields":false,"footnotes":""},"categories":[46],"tags":[664,485,10884,10882,7987,10883,1870,10881,347,229,230,348,8576],"class_list":["post-11709","post","type-post","status-publish","format-standard","hentry","category-noticias","tag-acordao","tag-correcao","tag-correcao-das-dividas-civis","tag-dividas-civis","tag-luis-felipe-salomao","tag-recurso-ao-stf","tag-recurso-extraordinario","tag-selic","tag-stf","tag-stj","tag-superior-tribunal-de-justica","tag-supremo-tribunal-federal","tag-vice-presidente"],"acf":[],"_links":{"self":[{"href":"https:\/\/sgpsolucoes.com.br\/site\/wp-json\/wp\/v2\/posts\/11709"}],"collection":[{"href":"https:\/\/sgpsolucoes.com.br\/site\/wp-json\/wp\/v2\/posts"}],"about":[{"href":"https:\/\/sgpsolucoes.com.br\/site\/wp-json\/wp\/v2\/types\/post"}],"author":[{"embeddable":true,"href":"https:\/\/sgpsolucoes.com.br\/site\/wp-json\/wp\/v2\/users\/5"}],"replies":[{"embeddable":true,"href":"https:\/\/sgpsolucoes.com.br\/site\/wp-json\/wp\/v2\/comments?post=11709"}],"version-history":[{"count":0,"href":"https:\/\/sgpsolucoes.com.br\/site\/wp-json\/wp\/v2\/posts\/11709\/revisions"}],"wp:attachment":[{"href":"https:\/\/sgpsolucoes.com.br\/site\/wp-json\/wp\/v2\/media?parent=11709"}],"wp:term":[{"taxonomy":"category","embeddable":true,"href":"https:\/\/sgpsolucoes.com.br\/site\/wp-json\/wp\/v2\/categories?post=11709"},{"taxonomy":"post_tag","embeddable":true,"href":"https:\/\/sgpsolucoes.com.br\/site\/wp-json\/wp\/v2\/tags?post=11709"}],"curies":[{"name":"wp","href":"https:\/\/api.w.org\/{rel}","templated":true}]}}