{"id":11721,"date":"2025-06-05T19:25:20","date_gmt":"2025-06-05T22:25:20","guid":{"rendered":"https:\/\/sgpsolucoes.com.br\/site\/?p=11721"},"modified":"2025-06-05T19:25:21","modified_gmt":"2025-06-05T22:25:21","slug":"tribunal-de-contas-questiona-prefeitura-sobre-concessao-de-escolas-municipais-a-iniciativa-privada","status":"publish","type":"post","link":"https:\/\/sgpsolucoes.com.br\/site\/tribunal-de-contas-questiona-prefeitura-sobre-concessao-de-escolas-municipais-a-iniciativa-privada\/","title":{"rendered":"Tribunal de Contas questiona Prefeitura sobre concess\u00e3o de escolas municipais \u00e0 iniciativa privada"},"content":{"rendered":"<p>O Tribunal de Contas do Munic\u00edpio de S\u00e3o Paulo (TCMSP) solicitou oficialmente uma s\u00e9rie de esclarecimentos \u00e0 Secretaria Municipal de Educa\u00e7\u00e3o (SME) a respeito da nova proposta da Prefeitura para conceder \u00e0 iniciativa privada a gest\u00e3o de escolas da rede municipal. A a\u00e7\u00e3o foi liderada pelo conselheiro&nbsp;<strong>Eduardo Tuma<\/strong>, relator da Fun\u00e7\u00e3o Educa\u00e7\u00e3o para o bi\u00eanio 2025-2026, ap\u00f3s reportagens na imprensa.<\/p><p>Segundo a mat\u00e9ria, a Prefeitura pretende iniciar o modelo de concess\u00e3o com tr\u00eas escolas ainda em constru\u00e7\u00e3o, localizadas nos bairros de Campo Limpo, Pirituba\/Jaragu\u00e1 e Santo Amaro. O modelo, descrito como \u201cporteira fechada\u201d, prev\u00ea o repasse de recursos p\u00fablicos para que entidades privadas sem fins lucrativos assumam integralmente a administra\u00e7\u00e3o das unidades, incluindo contrata\u00e7\u00e3o de professores, funcion\u00e1rios e manuten\u00e7\u00e3o da infraestrutura.<\/p><p>Diante da relev\u00e2ncia do tema e dos impactos esperados na pol\u00edtica educacional do munic\u00edpio,&nbsp;<strong>o conselheiro Eduardo Tuma encaminhou<\/strong>&nbsp;um of\u00edcio com 12 eixos de questionamentos \u00e0 Secretaria Municipal de Educa\u00e7\u00e3o. O documento solicita informa\u00e7\u00f5es detalhadas sobre a estrutura da proposta, os crit\u00e9rios de sele\u00e7\u00e3o das escolas e das entidades gestoras, os par\u00e2metros pedag\u00f3gicos e financeiros envolvidos, e os mecanismos de controle e fiscaliza\u00e7\u00e3o que ser\u00e3o adotados.<\/p><p>A iniciativa da Prefeitura tem sido comparada ao modelo de parcerias adotado na \u00e1rea da sa\u00fade, com organiza\u00e7\u00f5es sociais administrando equipamentos p\u00fablicos, e \u00e0 experi\u00eancia da compra de vagas no col\u00e9gio Liceu Cora\u00e7\u00e3o de Jesus, que apresentou desempenho acima da m\u00e9dia na Prova S\u00e3o Paulo. No entanto, o Tribunal quer entender em que medida esse novo modelo se diferencia da Parceria P\u00fablico-Privada (PPP) atualmente em vigor para a manuten\u00e7\u00e3o de alguns Centros Educacionais Unificados (CEUs).<\/p><p>O of\u00edcio tamb\u00e9m exige transpar\u00eancia sobre os impactos da medida no quadro de servidores da rede municipal e solicita documentos como estudos t\u00e9cnicos, minutas de contratos e indicadores de desempenho que fundamentem a proposta. Entre os pontos levantados, est\u00e3o d\u00favidas sobre a forma de sele\u00e7\u00e3o das entidades parceiras, os crit\u00e9rios de remunera\u00e7\u00e3o, as responsabilidades pedag\u00f3gicas e os mecanismos de fiscaliza\u00e7\u00e3o da qualidade dos servi\u00e7os prestados.<\/p><p>\u201cConsiderando a relev\u00e2ncia de tais parcerias para a gest\u00e3o da educa\u00e7\u00e3o p\u00fablica no Munic\u00edpio de S\u00e3o Paulo, a necessidade de transpar\u00eancia e acompanhamento por parte dos \u00f3rg\u00e3os de controle externo \u00e9 inquestion\u00e1vel\u201d, afirma Eduardo Tuma.<\/p><p>A SME tem agora o prazo de 15 dias para responder aos questionamentos.&nbsp;O TCMSP refor\u00e7a ainda que, a Prefeitura declarando tal iniciativa como desestatiza\u00e7\u00e3o, deve assim cumprir o previsto na Instru\u00e7\u00e3o Normativa n\u00ba 02\/2022 da Corte, que exige ampla disponibiliza\u00e7\u00e3o de documentos e dados relativos ao processo antes mesmo da publica\u00e7\u00e3o do edital.&nbsp;<\/p><p><strong>Fonte: TCMSP<\/strong><\/p>\n    <div class=\"xs_social_share_widget xs_share_url after_content \t\tmain_content  wslu-style-1 wslu-share-box-shaped wslu-fill-colored wslu-none wslu-share-horizontal wslu-theme-font-no wslu-main_content\">\n\n\t\t\n        <ul>\n\t\t\t        <\/ul>\n    <\/div> \n","protected":false},"excerpt":{"rendered":"<p>O Tribunal de Contas do Munic\u00edpio de S\u00e3o Paulo (TCMSP) solicitou oficialmente uma s\u00e9rie de esclarecimentos \u00e0 Secretaria Municipal de Educa\u00e7\u00e3o (SME) a respeito da nova proposta da Prefeitura para conceder \u00e0 iniciativa privada a gest\u00e3o de escolas da rede municipal. A a\u00e7\u00e3o foi liderada pelo conselheiro\u00a0Eduardo Tuma, relator da Fun\u00e7\u00e3o Educa\u00e7\u00e3o para o bi\u00eanio 2025-2026, ap\u00f3s reportagens na imprensa.<\/p>\n","protected":false},"author":5,"featured_media":0,"comment_status":"open","ping_status":"open","sticky":false,"template":"","format":"standard","meta":{"postBodyCss":"","postBodyMargin":[],"postBodyPadding":[],"postBodyBackground":{"backgroundType":"classic","gradient":""},"_price":"","_stock":"","_tribe_ticket_header":"","_tribe_default_ticket_provider":"","_tribe_ticket_capacity":"0","_ticket_start_date":"","_ticket_end_date":"","_tribe_ticket_show_description":"","_tribe_ticket_show_not_going":false,"_tribe_ticket_use_global_stock":"","_tribe_ticket_global_stock_level":"","_global_stock_mode":"","_global_stock_cap":"","_tribe_rsvp_for_event":"","_tribe_ticket_going_count":"","_tribe_ticket_not_going_count":"","_tribe_tickets_list":"[]","_tribe_ticket_has_attendee_info_fields":false,"footnotes":""},"categories":[46],"tags":[1088,10902,8987,3316,10903,10901,10900,3402,7959,10899,330,451,331],"class_list":["post-11721","post","type-post","status-publish","format-standard","hentry","category-noticias","tag-concessao","tag-eduardo-tuma","tag-esclarecimentos","tag-escolas-municipais","tag-funcao-educacao","tag-gestao-de-escolas-da-rede-municipal","tag-iniciativa-privada","tag-prefeitura","tag-secretaria-municipal-de-educacao","tag-sme","tag-tcmsp","tag-tribunal-de-contas","tag-tribunal-de-contas-do-municipio-de-sao-paulo"],"acf":[],"_links":{"self":[{"href":"https:\/\/sgpsolucoes.com.br\/site\/wp-json\/wp\/v2\/posts\/11721"}],"collection":[{"href":"https:\/\/sgpsolucoes.com.br\/site\/wp-json\/wp\/v2\/posts"}],"about":[{"href":"https:\/\/sgpsolucoes.com.br\/site\/wp-json\/wp\/v2\/types\/post"}],"author":[{"embeddable":true,"href":"https:\/\/sgpsolucoes.com.br\/site\/wp-json\/wp\/v2\/users\/5"}],"replies":[{"embeddable":true,"href":"https:\/\/sgpsolucoes.com.br\/site\/wp-json\/wp\/v2\/comments?post=11721"}],"version-history":[{"count":0,"href":"https:\/\/sgpsolucoes.com.br\/site\/wp-json\/wp\/v2\/posts\/11721\/revisions"}],"wp:attachment":[{"href":"https:\/\/sgpsolucoes.com.br\/site\/wp-json\/wp\/v2\/media?parent=11721"}],"wp:term":[{"taxonomy":"category","embeddable":true,"href":"https:\/\/sgpsolucoes.com.br\/site\/wp-json\/wp\/v2\/categories?post=11721"},{"taxonomy":"post_tag","embeddable":true,"href":"https:\/\/sgpsolucoes.com.br\/site\/wp-json\/wp\/v2\/tags?post=11721"}],"curies":[{"name":"wp","href":"https:\/\/api.w.org\/{rel}","templated":true}]}}